{"id":255148,"date":"2025-02-24T11:00:00","date_gmt":"2025-02-24T10:00:00","guid":{"rendered":"https:\/\/www.tucomarca.com\/wordpress\/segunda\/?p=255148"},"modified":"2025-02-24T18:53:53","modified_gmt":"2025-02-24T17:53:53","slug":"fotogaleria-xest-inicia-les-falles-2025-amb-la-seua-gala-del-prego-faller","status":"publish","type":"post","link":"https:\/\/www.tucomarca.com\/wordpress\/segunda\/ca\/fotogaleria-xest-inicia-les-falles-2025-amb-la-seua-gala-del-prego-faller\/","title":{"rendered":"Fotogaler\u00eda: Xest inicia les Falles 2025 amb la seua Gala del Preg\u00f3 Faller"},"content":{"rendered":"\n<p>Dissabte passat, 22 de febrer, el Teatre Liceu va ser l&#8217;escenari de La Gala del Preg\u00f3 Faller de Xest, amb la qual es va donar el tret d&#8217;eixida a les Falles 2025 en la localitat.&nbsp;<\/p>\n\n\n\n<p>Les falleres Celia Garc\u00eda P\u00e9rez, de la Falla Barri de l&#8217;Alegria, i Beatriz Catal\u00e1 Fuertes, de la Falla Barri Ind\u00fastria i Comer\u00e7, van ser les encarregades de conduir la Gala, obrint l&#8217;acte amb unes paraules dedicades a les poblacions afectades per la DANA, destacant la fortalesa i la resili\u00e8ncia del poble valenci\u00e0 davant l&#8217;adversitat.&nbsp;<\/p>\n\n\n\n<p><strong>Preg\u00f3<\/strong><\/p>\n\n\n\n<p>Despr\u00e9s de les anomenada als membres Junta Local Fallera, els representants de la Falla Barri de l&#8217;Alegria, de la Falla Barri Ind\u00fastria i Comer\u00e7 i de la Junta Local van irrompre en el teatre, entre els aplaudiments de les persones assistents. L&#8217;alcalde, Jos\u00e9 Morell, i el regidor de Festes, \u00d3scar Gald\u00f3n, tamb\u00e9 van ser anomenats abans de comen\u00e7ar el preg\u00f3. Amb l&#8217;escenari ja complet, les falleres majors de les dues Falles de la poblaci\u00f3 i de la Junta Local Fallera, acompanyades pels seus Presidents, van convidar als chestanos i a les chestanas a gaudir de les Festes Josefinas, compartint la seua mateixa il\u00b7lusi\u00f3, i van coincidir a enaltir en els seus discursos la uni\u00f3 fallera per a la reconstrucci\u00f3 despr\u00e9s de la DANA. Els representants de les dues comissions van rebre les ins\u00edgnies de mans de l&#8217;alcalde i del regidor, i tamb\u00e9 va ser entregat un ram de flors a cada fallera major. Per part seua, les falleres de la Junta local van rebre les claus de la ciutat i rams de flors, de mans de Morell.<\/p>\n\n\n\n<p><strong>Reconeixements<\/strong><\/p>\n\n\n\n<p>Despr\u00e9s del preg\u00f3, va arribar el moment dels homenatges, destinats a recon\u00e9ixer l&#8217;esfor\u00e7 i la dedicaci\u00f3 dels fallers i falleres m\u00e9s compromesos amb la celebraci\u00f3 de la festa. En aquesta ocasi\u00f3 les persones que van rebre la m\u00e0xima recompensa fallera van ser Aurora Roc\u00edo Monts\u00f3 Garc\u00eda, C\u00e9sar Garc\u00eda Camilo, Manuel Lorente S\u00e1nchez, Jose Miguel Guill\u00e9n Moya, Raquel Guzm\u00e1n Andr\u00e9s, J\u00e9ssica Guill\u00e9n Peinado, Luc\u00eda Carmona Barba, Conchi Balaguer Garc\u00eda i Alicia Ripoll Furriol. A m\u00e9s es va homenatjar a Pascual S\u00e1nchez Cober\u00e1n, per la seua traject\u00f2ria de m\u00e9s de 50 anys dedicats a la tradici\u00f3 fallera, sent el seu nebot el va pujar a l&#8217;escenari en el seu lloc.<\/p>\n\n\n\n<p><strong>Cavalcada Solid\u00e0ria de San Jos\u00e9&nbsp;<\/strong><\/p>\n\n\n\n<p>L&#8217;acte es va tancar amb les paraules de l&#8217;alcalde, qui va donar l&#8217;enhorabona a tots els representants fallers i va posar de manifest la import\u00e0ncia de les Falles, recordant tamb\u00e9 en el seu discurs a les v\u00edctimes de la DANA i demanant un minut de silenci per elles. \u201cEls esdeveniments del 29 d&#8217;octubre ens han deixat massa dolor i abs\u00e8ncies, el dolor per tot el que es va perdre i especialment per les m\u00e9s de 200 persones mortes, sis a Xest i una desapareguda encara. Tamb\u00e9 hi ha hagut hist\u00f2ries de solidaritat i esperan\u00e7a que hem d&#8217;honrar, tantes i tantes persones que es van bolcar ajudar, i entre elles, els fallers, que vau convertir els casals en l&#8217;epicentre de la solidaritat que ens arribava des de tots els racons d&#8217;Espanya; a tots: gr\u00e0cies amb maj\u00fascules\u201d, manifestava Morell. \u201cLes falles s\u00f3n un s\u00edmbol al qual agarrar-nos per a tirar avant despr\u00e9s d&#8217;aquesta trag\u00e8dia, un s\u00edmbol que ens permet mostrar l&#8217;orgull per la nostra terra, un indici d&#8217;alleujament que ens dona for\u00e7a per a treballar pel b\u00e9 com\u00fa en la reconstrucci\u00f3\u201d.<\/p>\n\n\n\n<p>Morell va acabar el seu discurs proposant realitzar la Cavalcada de San Jos\u00e9 de manera solid\u00e0ria. \u201cVull llan\u00e7ar-vos una idea: la cavalcada d&#8217;enguany hauria de ser especial, haur\u00edem de convidar a participar a les comissions dels municipis que han patit, a les comissions dels nostres ve\u00efns i ve\u00efnes, perqu\u00e8 se sumen i desfilen al costat de nosaltres, crec que seria un gest molt faller i tamb\u00e9 molt chestano\u201d, apuntava l&#8217;alcalde.<\/p>\n\n\n\n<p>Despr\u00e9s del discurs, la gala va arribar a la seua fi amb l&#8217;himne de la Comunitat Valenciana sonant en el Teatre Liceu i el p\u00fablic posat en peus.<\/p>\n\n\n\n<figure class=\"wp-block-gallery has-nested-images columns-2 is-cropped wp-block-gallery-1 is-layout-flex wp-block-gallery-is-layout-flex\">\n<figure class=\"wp-block-image size-large\"><img loading=\"lazy\" decoding=\"async\" width=\"1024\" height=\"724\" data-id=\"255155\" src=\"https:\/\/www.tucomarca.com\/wordpress\/segunda\/wp-content\/uploads\/2025\/02\/ChesteGalaFallera01-1024x724.jpg\" alt=\"\" class=\"wp-image-255155\" srcset=\"https:\/\/www.tucomarca.com\/wordpress\/segunda\/wp-content\/uploads\/2025\/02\/ChesteGalaFallera01-1024x724.jpg 1024w, https:\/\/www.tucomarca.com\/wordpress\/segunda\/wp-content\/uploads\/2025\/02\/ChesteGalaFallera01-300x212.jpg 300w, https:\/\/www.tucomarca.com\/wordpress\/segunda\/wp-content\/uploads\/2025\/02\/ChesteGalaFallera01-768x543.jpg 768w, https:\/\/www.tucomarca.com\/wordpress\/segunda\/wp-content\/uploads\/2025\/02\/ChesteGalaFallera01.jpg 1181w\" sizes=\"auto, (max-width: 1024px) 100vw, 1024px\" \/><\/figure>\n\n\n\n<figure class=\"wp-block-image size-large\"><img loading=\"lazy\" decoding=\"async\" width=\"1024\" height=\"683\" data-id=\"255157\" src=\"https:\/\/www.tucomarca.com\/wordpress\/segunda\/wp-content\/uploads\/2025\/02\/ChesteGalaFallera03-1024x683.jpg\" alt=\"\" class=\"wp-image-255157\" srcset=\"https:\/\/www.tucomarca.com\/wordpress\/segunda\/wp-content\/uploads\/2025\/02\/ChesteGalaFallera03-1024x683.jpg 1024w, https:\/\/www.tucomarca.com\/wordpress\/segunda\/wp-content\/uploads\/2025\/02\/ChesteGalaFallera03-300x200.jpg 300w, https:\/\/www.tucomarca.com\/wordpress\/segunda\/wp-content\/uploads\/2025\/02\/ChesteGalaFallera03-768x512.jpg 768w, https:\/\/www.tucomarca.com\/wordpress\/segunda\/wp-content\/uploads\/2025\/02\/ChesteGalaFallera03.jpg 1181w\" sizes=\"auto, (max-width: 1024px) 100vw, 1024px\" \/><\/figure>\n\n\n\n<figure class=\"wp-block-image size-large\"><img loading=\"lazy\" decoding=\"async\" width=\"1024\" height=\"682\" data-id=\"255159\" src=\"https:\/\/www.tucomarca.com\/wordpress\/segunda\/wp-content\/uploads\/2025\/02\/ChesteGalaFallera04-1024x682.jpg\" alt=\"\" class=\"wp-image-255159\" srcset=\"https:\/\/www.tucomarca.com\/wordpress\/segunda\/wp-content\/uploads\/2025\/02\/ChesteGalaFallera04-1024x682.jpg 1024w, https:\/\/www.tucomarca.com\/wordpress\/segunda\/wp-content\/uploads\/2025\/02\/ChesteGalaFallera04-300x200.jpg 300w, https:\/\/www.tucomarca.com\/wordpress\/segunda\/wp-content\/uploads\/2025\/02\/ChesteGalaFallera04-768x512.jpg 768w, https:\/\/www.tucomarca.com\/wordpress\/segunda\/wp-content\/uploads\/2025\/02\/ChesteGalaFallera04.jpg 1181w\" sizes=\"auto, (max-width: 1024px) 100vw, 1024px\" \/><\/figure>\n\n\n\n<figure class=\"wp-block-image size-large\"><img loading=\"lazy\" decoding=\"async\" width=\"1024\" height=\"682\" data-id=\"255173\" src=\"https:\/\/www.tucomarca.com\/wordpress\/segunda\/wp-content\/uploads\/2025\/02\/ChesteGalaFallera11-1024x682.jpg\" alt=\"\" class=\"wp-image-255173\" srcset=\"https:\/\/www.tucomarca.com\/wordpress\/segunda\/wp-content\/uploads\/2025\/02\/ChesteGalaFallera11-1024x682.jpg 1024w, https:\/\/www.tucomarca.com\/wordpress\/segunda\/wp-content\/uploads\/2025\/02\/ChesteGalaFallera11-300x200.jpg 300w, https:\/\/www.tucomarca.com\/wordpress\/segunda\/wp-content\/uploads\/2025\/02\/ChesteGalaFallera11-768x512.jpg 768w, https:\/\/www.tucomarca.com\/wordpress\/segunda\/wp-content\/uploads\/2025\/02\/ChesteGalaFallera11.jpg 1181w\" sizes=\"auto, (max-width: 1024px) 100vw, 1024px\" \/><\/figure>\n\n\n\n<figure class=\"wp-block-image size-large\"><img loading=\"lazy\" decoding=\"async\" width=\"1024\" height=\"682\" data-id=\"255163\" src=\"https:\/\/www.tucomarca.com\/wordpress\/segunda\/wp-content\/uploads\/2025\/02\/ChesteGalaFallera06-1024x682.jpg\" alt=\"\" class=\"wp-image-255163\" srcset=\"https:\/\/www.tucomarca.com\/wordpress\/segunda\/wp-content\/uploads\/2025\/02\/ChesteGalaFallera06-1024x682.jpg 1024w, https:\/\/www.tucomarca.com\/wordpress\/segunda\/wp-content\/uploads\/2025\/02\/ChesteGalaFallera06-300x200.jpg 300w, https:\/\/www.tucomarca.com\/wordpress\/segunda\/wp-content\/uploads\/2025\/02\/ChesteGalaFallera06-768x512.jpg 768w, https:\/\/www.tucomarca.com\/wordpress\/segunda\/wp-content\/uploads\/2025\/02\/ChesteGalaFallera06.jpg 1181w\" sizes=\"auto, (max-width: 1024px) 100vw, 1024px\" \/><\/figure>\n\n\n\n<figure class=\"wp-block-image size-large\"><img loading=\"lazy\" decoding=\"async\" width=\"1024\" height=\"682\" data-id=\"255161\" src=\"https:\/\/www.tucomarca.com\/wordpress\/segunda\/wp-content\/uploads\/2025\/02\/ChesteGalaFallera05-1024x682.jpg\" alt=\"\" class=\"wp-image-255161\" srcset=\"https:\/\/www.tucomarca.com\/wordpress\/segunda\/wp-content\/uploads\/2025\/02\/ChesteGalaFallera05-1024x682.jpg 1024w, https:\/\/www.tucomarca.com\/wordpress\/segunda\/wp-content\/uploads\/2025\/02\/ChesteGalaFallera05-300x200.jpg 300w, https:\/\/www.tucomarca.com\/wordpress\/segunda\/wp-content\/uploads\/2025\/02\/ChesteGalaFallera05-768x512.jpg 768w, https:\/\/www.tucomarca.com\/wordpress\/segunda\/wp-content\/uploads\/2025\/02\/ChesteGalaFallera05.jpg 1181w\" sizes=\"auto, (max-width: 1024px) 100vw, 1024px\" \/><\/figure>\n\n\n\n<figure class=\"wp-block-image size-large\"><img loading=\"lazy\" decoding=\"async\" width=\"1024\" height=\"682\" data-id=\"255165\" src=\"https:\/\/www.tucomarca.com\/wordpress\/segunda\/wp-content\/uploads\/2025\/02\/ChesteGalaFallera07-1024x682.jpg\" alt=\"\" class=\"wp-image-255165\" srcset=\"https:\/\/www.tucomarca.com\/wordpress\/segunda\/wp-content\/uploads\/2025\/02\/ChesteGalaFallera07-1024x682.jpg 1024w, https:\/\/www.tucomarca.com\/wordpress\/segunda\/wp-content\/uploads\/2025\/02\/ChesteGalaFallera07-300x200.jpg 300w, https:\/\/www.tucomarca.com\/wordpress\/segunda\/wp-content\/uploads\/2025\/02\/ChesteGalaFallera07-768x512.jpg 768w, https:\/\/www.tucomarca.com\/wordpress\/segunda\/wp-content\/uploads\/2025\/02\/ChesteGalaFallera07.jpg 1181w\" sizes=\"auto, (max-width: 1024px) 100vw, 1024px\" \/><\/figure>\n\n\n\n<figure class=\"wp-block-image size-large\"><img loading=\"lazy\" decoding=\"async\" width=\"1024\" height=\"682\" data-id=\"255171\" src=\"https:\/\/www.tucomarca.com\/wordpress\/segunda\/wp-content\/uploads\/2025\/02\/ChesteGalaFallera10-1024x682.jpg\" alt=\"\" class=\"wp-image-255171\" srcset=\"https:\/\/www.tucomarca.com\/wordpress\/segunda\/wp-content\/uploads\/2025\/02\/ChesteGalaFallera10-1024x682.jpg 1024w, https:\/\/www.tucomarca.com\/wordpress\/segunda\/wp-content\/uploads\/2025\/02\/ChesteGalaFallera10-300x200.jpg 300w, https:\/\/www.tucomarca.com\/wordpress\/segunda\/wp-content\/uploads\/2025\/02\/ChesteGalaFallera10-768x512.jpg 768w, https:\/\/www.tucomarca.com\/wordpress\/segunda\/wp-content\/uploads\/2025\/02\/ChesteGalaFallera10.jpg 1181w\" sizes=\"auto, (max-width: 1024px) 100vw, 1024px\" \/><\/figure>\n\n\n\n<figure class=\"wp-block-image size-large\"><img loading=\"lazy\" decoding=\"async\" width=\"1024\" height=\"682\" data-id=\"255167\" src=\"https:\/\/www.tucomarca.com\/wordpress\/segunda\/wp-content\/uploads\/2025\/02\/ChesteGalaFallera08-1024x682.jpg\" alt=\"\" class=\"wp-image-255167\" srcset=\"https:\/\/www.tucomarca.com\/wordpress\/segunda\/wp-content\/uploads\/2025\/02\/ChesteGalaFallera08-1024x682.jpg 1024w, https:\/\/www.tucomarca.com\/wordpress\/segunda\/wp-content\/uploads\/2025\/02\/ChesteGalaFallera08-300x200.jpg 300w, https:\/\/www.tucomarca.com\/wordpress\/segunda\/wp-content\/uploads\/2025\/02\/ChesteGalaFallera08-768x512.jpg 768w, https:\/\/www.tucomarca.com\/wordpress\/segunda\/wp-content\/uploads\/2025\/02\/ChesteGalaFallera08.jpg 1181w\" sizes=\"auto, (max-width: 1024px) 100vw, 1024px\" \/><\/figure>\n\n\n\n<figure class=\"wp-block-image size-large\"><img loading=\"lazy\" decoding=\"async\" width=\"1024\" height=\"682\" data-id=\"255169\" src=\"https:\/\/www.tucomarca.com\/wordpress\/segunda\/wp-content\/uploads\/2025\/02\/ChesteGalaFallera09-1024x682.jpg\" alt=\"\" class=\"wp-image-255169\" srcset=\"https:\/\/www.tucomarca.com\/wordpress\/segunda\/wp-content\/uploads\/2025\/02\/ChesteGalaFallera09-1024x682.jpg 1024w, https:\/\/www.tucomarca.com\/wordpress\/segunda\/wp-content\/uploads\/2025\/02\/ChesteGalaFallera09-300x200.jpg 300w, https:\/\/www.tucomarca.com\/wordpress\/segunda\/wp-content\/uploads\/2025\/02\/ChesteGalaFallera09-768x512.jpg 768w, https:\/\/www.tucomarca.com\/wordpress\/segunda\/wp-content\/uploads\/2025\/02\/ChesteGalaFallera09.jpg 1181w\" sizes=\"auto, (max-width: 1024px) 100vw, 1024px\" \/><\/figure>\n<\/figure>\n","protected":false},"excerpt":{"rendered":"<div class=\"mh-excerpt\">Dissabte passat, 22 de febrer, el Teatre Liceu va ser l&#8217;escenari de La Gala del Preg\u00f3 Faller de Xest, amb la qual es va donar el tret d&#8217;eixida a les Falles 2025 en la localitat.&nbsp; <a class=\"mh-excerpt-more\" href=\"https:\/\/www.tucomarca.com\/wordpress\/segunda\/ca\/fotogaleria-xest-inicia-les-falles-2025-amb-la-seua-gala-del-prego-faller\/\" title=\"Fotogaler\u00eda: Xest inicia les Falles 2025 amb la seua Gala del Preg\u00f3 Faller\">[+] <\/a><\/div>\n","protected":false},"author":13,"featured_media":255175,"comment_status":"open","ping_status":"open","sticky":false,"template":"","format":"gallery","meta":{"footnotes":""},"categories":[10894,10912,11004,11007,11008,10896,10974],"tags":[11071,11499,10914,15856],"class_list":{"0":"post-255148","1":"post","2":"type-post","3":"status-publish","4":"format-gallery","5":"has-post-thumbnail","7":"category-la-comarca-ca","8":"category-la-hoya-ca","9":"category-la-semana-en-imagenes-ca","10":"category-ocio-y-cultura-ca","11":"category-pueblos-en-fiestas-ca","12":"category-seccion-ca","13":"category-cheste-ca","14":"tag-cheste","15":"tag-fallas-ca","16":"tag-la-hoya-de-bunol-chiva-ca","17":"tag-ocio-y-cultura-ca","18":"post_format-post-format-gallery"},"_links":{"self":[{"href":"https:\/\/www.tucomarca.com\/wordpress\/segunda\/ca\/wp-json\/wp\/v2\/posts\/255148","targetHints":{"allow":["GET"]}}],"collection":[{"href":"https:\/\/www.tucomarca.com\/wordpress\/segunda\/ca\/wp-json\/wp\/v2\/posts"}],"about":[{"href":"https:\/\/www.tucomarca.com\/wordpress\/segunda\/ca\/wp-json\/wp\/v2\/types\/post"}],"author":[{"embeddable":true,"href":"https:\/\/www.tucomarca.com\/wordpress\/segunda\/ca\/wp-json\/wp\/v2\/users\/13"}],"replies":[{"embeddable":true,"href":"https:\/\/www.tucomarca.com\/wordpress\/segunda\/ca\/wp-json\/wp\/v2\/comments?post=255148"}],"version-history":[{"count":0,"href":"https:\/\/www.tucomarca.com\/wordpress\/segunda\/ca\/wp-json\/wp\/v2\/posts\/255148\/revisions"}],"wp:featuredmedia":[{"embeddable":true,"href":"https:\/\/www.tucomarca.com\/wordpress\/segunda\/ca\/wp-json\/wp\/v2\/media\/255175"}],"wp:attachment":[{"href":"https:\/\/www.tucomarca.com\/wordpress\/segunda\/ca\/wp-json\/wp\/v2\/media?parent=255148"}],"wp:term":[{"taxonomy":"category","embeddable":true,"href":"https:\/\/www.tucomarca.com\/wordpress\/segunda\/ca\/wp-json\/wp\/v2\/categories?post=255148"},{"taxonomy":"post_tag","embeddable":true,"href":"https:\/\/www.tucomarca.com\/wordpress\/segunda\/ca\/wp-json\/wp\/v2\/tags?post=255148"}],"curies":[{"name":"wp","href":"https:\/\/api.w.org\/{rel}","templated":true}]}}