{"id":255466,"date":"2025-02-25T09:05:00","date_gmt":"2025-02-25T08:05:00","guid":{"rendered":"https:\/\/www.tucomarca.com\/wordpress\/segunda\/?p=255466"},"modified":"2025-02-25T19:41:56","modified_gmt":"2025-02-25T18:41:56","slug":"la-diputacio-presenta-un-mapa-daccio-per-a-fer-de-valencia-el-referent-innovador-del-mediterrani","status":"publish","type":"post","link":"https:\/\/www.tucomarca.com\/wordpress\/segunda\/ca\/la-diputacio-presenta-un-mapa-daccio-per-a-fer-de-valencia-el-referent-innovador-del-mediterrani\/","title":{"rendered":"La Diputaci\u00f3 presenta un mapa d&#8217;acci\u00f3 per a fer de Val\u00e8ncia el referent innovador del Mediterrani"},"content":{"rendered":"\n<h3 class=\"wp-block-heading\">El president de la corporaci\u00f3, Vicent Momp\u00f3 arreplega les propostes elaborades per un grup d&#8217;experts procedents de l&#8217;administraci\u00f3 p\u00fablica, la Universitat, la societat civil i el m\u00f3n empresarial.<\/h3>\n\n\n\n<h3 class=\"wp-block-heading\">Les accions, que s&#8217;han formulat al llarg de dos jornades, estan encaminades a identificar, gestionar i retindre el talent a la nostra prov\u00edncia.<\/h3>\n\n\n\n<p>La Diputaci\u00f3 de Val\u00e8ncia ha culminat este dimarts el seu nou projecte denominat \u2018Sistema d&#8217;identificaci\u00f3 i gesti\u00f3 de talent per a fer de Val\u00e8ncia un referent innovador al Mediterrani\u2019, amb l\u2019entrega al president Vicent Momp\u00f3 del mapa d&#8217;acci\u00f3 elaborat per un grup d&#8217;experts per a identificar, gestionar i retindre el talent jove a la nostra prov\u00edncia.&nbsp;<\/p>\n\n\n\n<p>Esta iniciativa, impulsada des de l&#8217;\u00e0rea d&#8217;Innovaci\u00f3 que dirigix el diputat Juan Ram\u00f3n Adsuara, s&#8217;ha desenvolupat al llarg de dos jornades en les quals un grup d&#8217;experts, procedents de diversos \u00e0mbits com l&#8217;administraci\u00f3 p\u00fablica, la Universitat, la societat civil i el m\u00f3n empresarial, ha formulat un mapa d&#8217;accions a dur a terme durant els pr\u00f2xims anys per a convertir a la nostra prov\u00edncia en un territori referent en el camp de la innovaci\u00f3, un focus que atraga talent, sobretot talent jove.<\/p>\n\n\n\n<p>Despr\u00e9s de realitzar un diagn\u00f2stic de la situaci\u00f3 actual de l&#8217;ecosistema innovador valenci\u00e0, condicionat per les dificultats amb les quals es troben les start ups a l&#8217;hora de trobar talent entre els treballadors de la prov\u00edncia, al mateix temps que es produ\u00efx una fuga de talent jove a altres territoris, els participants en el projecte han plasmat en un mapa d&#8217;acci\u00f3 una s\u00e8rie de propostes rica en contingut i amb visi\u00f3 de futur per a solucionar estos problemes.<\/p>\n\n\n\n<p>\u201cAmb la creaci\u00f3 d&#8217;este mapa, fem un pas ferm en la direcci\u00f3 correcta. Es tracta de recon\u00e9ixer, visibilitzar i potenciar l&#8217;enorme talent que tenim en el nostre territori i, sobretot, demostrar que a la prov\u00edncia de Val\u00e8ncia hi ha futur per als quals volen desenvolupar-se personal i professionalment sense necessitat d&#8217;anar-se fora\u201d, ha subratllat Vicent Momp\u00f3.<\/p>\n\n\n\n<p>El president de la Diputaci\u00f3 tamb\u00e9 ha posat l&#8217;accent que \u201cel talent \u00e9s el motor de desenvolupament de qualsevol societat i per aix\u00f2 hem de generar les condicions adequades perqu\u00e8 els qui naixen, estudien i es formen ac\u00ed puguen desenvolupar la seua carrera ac\u00ed, a Val\u00e8ncia. No es tracta nom\u00e9s d&#8217;evitar la fuga de talent, es tracta tamb\u00e9 d&#8217;atraure-ho\u201d.<\/p>\n\n\n\n<p><strong>Accions en diferents \u00e0mbits<\/strong><\/p>\n\n\n\n<p>El mapa d&#8217;acci\u00f3 aprovat arreplega nombroses accions a implementar durant els pr\u00f2xims anys. Una mesura a aplicar de manera generalitzada en tots els \u00e0mbits \u00e9s la implicaci\u00f3 i col\u00b7laboraci\u00f3 conjunta entre entitats p\u00fabliques, privades, acad\u00e8miques i socials, amb l&#8217;objectiu final de motivar als j\u00f3vens perqu\u00e8 consideren la innovaci\u00f3 com una opci\u00f3 de futur.<\/p>\n\n\n\n<p>En l&#8217;apartat de l&#8217;educaci\u00f3 i la formaci\u00f3, es proposen accions com implicar les pr\u00f2pies empreses en el disseny dels plans d&#8217;estudi; adaptar els itineraris formatius a les necessitats dels sectors productius; o orientar als estudiants cap a una emprenedoria innovadora.<\/p>\n\n\n\n<p>Per a vincular el talent al desenrotllament de tot el territori, especialment a les zones rurals, el mapa arreplega la necessitat d&#8217;incrementar i fomentar la innovaci\u00f3 en sectors tradicionals i en \u00e0rees industrials. Tamb\u00e9 es fa menci\u00f3 al foment de la innovaci\u00f3 en tota l&#8217;administraci\u00f3 p\u00fablica. En este sentit, Vicent Momp\u00f3 ha afirmat que \u201ccal impulsar pol\u00edtiques que fomenten el talent als nostres pobles. No pot ser que el talent nom\u00e9s tinga cabuda en les grans capitals. Volem que cada rac\u00f3 de la nostra prov\u00edncia siga un espai de creixement\u201d.<\/p>\n\n\n\n<p>Destaca tamb\u00e9 la creaci\u00f3 d&#8217;una plataforma per a connectar oferta i demanda de talent, identificant tant a les persones que puguen aportar valor en este sentit, com aquelles \u00e0rees de coneixement i habilitats personals m\u00e9s demandades per les empreses.<\/p>\n\n\n\n<p>Finalment, l&#8217;apartat per a afavorir un teixit empresarial innovador inclou proposades com incrementar la inversi\u00f3 en I+D+i; potenciar la cultura de la innovaci\u00f3 en les empreses; implementar programes empresarials de captaci\u00f3 de talent; facilitar l&#8217;entrada en el mercat laboral de j\u00f3vens talentosos sense experi\u00e8ncia; i la realitzaci\u00f3 de pr\u00e0ctiques remunerades. A m\u00e9s, per a posicionar a la prov\u00edncia de Val\u00e8ncia com a referent innovador del Mediterrani, es fa refer\u00e8ncia a la celebraci\u00f3 d&#8217;una gala anual del talent i la innovaci\u00f3.<\/p>\n\n\n\n<p><strong>El m\u00e8tode de la Praxi d&#8217;Innovaci\u00f3 Participativa<\/strong><\/p>\n\n\n\n<p>Per a dur a terme este projecte s&#8217;ha aplicat la ferramenta \u201cmapa d&#8217;acci\u00f3\u201d de la Praxi d&#8217;Innovaci\u00f3 Participativa. Es tracta d&#8217;un m\u00e8tode que impulsa transformacions socials complexes amb efic\u00e0cia i que difon a Espa\u00f1a la Comunitat Iberoamericana d&#8217;Innovaci\u00f3 Participativa (CIBIP). El m\u00e8tode ha sigut creat pel Dr. Alfredo del Valle, que ha sigut l&#8217;encarregat de conduir els dos tallers d&#8217;experts.<\/p>\n\n\n\n<p>Les dos jornades han comptat amb un Grup Convocant, la qual cosa atorga legitimitat i orientaci\u00f3 estrat\u00e8gica. Est\u00e0 integrat per representants de la Diputaci\u00f3 de Val\u00e8ncia, la Generalitat i l&#8217;Ajuntament de Val\u00e8ncia. Tamb\u00e9 formen part d&#8217;ell representants d&#8217;organitzacions empresarials, de la Universitat i de la societat civil.&nbsp;<\/p>\n\n\n\n<p><\/p>\n","protected":false},"excerpt":{"rendered":"<div class=\"mh-excerpt\">El president de la corporaci\u00f3, Vicent Momp\u00f3 arreplega les propostes elaborades per un grup d&#8217;experts procedents de l&#8217;administraci\u00f3 p\u00fablica, la Universitat, la societat civil i el m\u00f3n empresarial. Les accions, que s&#8217;han formulat al llarg <a class=\"mh-excerpt-more\" href=\"https:\/\/www.tucomarca.com\/wordpress\/segunda\/ca\/la-diputacio-presenta-un-mapa-daccio-per-a-fer-de-valencia-el-referent-innovador-del-mediterrani\/\" title=\"La Diputaci\u00f3 presenta un mapa d&#8217;acci\u00f3 per a fer de Val\u00e8ncia el referent innovador del Mediterrani\">[+] <\/a><\/div>\n","protected":false},"author":12,"featured_media":255465,"comment_status":"open","ping_status":"open","sticky":false,"template":"","format":"standard","meta":{"footnotes":""},"categories":[10898,10948,10894,10904,10947,10896],"tags":[11246,18099,21354,18825],"class_list":{"0":"post-255466","1":"post","2":"type-post","3":"status-publish","4":"format-standard","5":"has-post-thumbnail","7":"category-ventana-ca","8":"category-infraestructuras-ca","9":"category-la-comarca-ca","10":"category-sin-categorizar-ca","11":"category-politica","12":"category-seccion-ca","13":"tag-diputacio-de-valencia-ca","14":"tag-innovacion-ca","15":"tag-juan-ramon-adsuara-2-ca","16":"tag-vicent-mompo-ca"},"_links":{"self":[{"href":"https:\/\/www.tucomarca.com\/wordpress\/segunda\/ca\/wp-json\/wp\/v2\/posts\/255466","targetHints":{"allow":["GET"]}}],"collection":[{"href":"https:\/\/www.tucomarca.com\/wordpress\/segunda\/ca\/wp-json\/wp\/v2\/posts"}],"about":[{"href":"https:\/\/www.tucomarca.com\/wordpress\/segunda\/ca\/wp-json\/wp\/v2\/types\/post"}],"author":[{"embeddable":true,"href":"https:\/\/www.tucomarca.com\/wordpress\/segunda\/ca\/wp-json\/wp\/v2\/users\/12"}],"replies":[{"embeddable":true,"href":"https:\/\/www.tucomarca.com\/wordpress\/segunda\/ca\/wp-json\/wp\/v2\/comments?post=255466"}],"version-history":[{"count":0,"href":"https:\/\/www.tucomarca.com\/wordpress\/segunda\/ca\/wp-json\/wp\/v2\/posts\/255466\/revisions"}],"wp:featuredmedia":[{"embeddable":true,"href":"https:\/\/www.tucomarca.com\/wordpress\/segunda\/ca\/wp-json\/wp\/v2\/media\/255465"}],"wp:attachment":[{"href":"https:\/\/www.tucomarca.com\/wordpress\/segunda\/ca\/wp-json\/wp\/v2\/media?parent=255466"}],"wp:term":[{"taxonomy":"category","embeddable":true,"href":"https:\/\/www.tucomarca.com\/wordpress\/segunda\/ca\/wp-json\/wp\/v2\/categories?post=255466"},{"taxonomy":"post_tag","embeddable":true,"href":"https:\/\/www.tucomarca.com\/wordpress\/segunda\/ca\/wp-json\/wp\/v2\/tags?post=255466"}],"curies":[{"name":"wp","href":"https:\/\/api.w.org\/{rel}","templated":true}]}}