{"id":255489,"date":"2025-02-25T08:30:00","date_gmt":"2025-02-25T07:30:00","guid":{"rendered":"https:\/\/www.tucomarca.com\/wordpress\/segunda\/?p=255489"},"modified":"2025-02-25T19:52:34","modified_gmt":"2025-02-25T18:52:34","slug":"el-psoe-de-bunyol-exigeix-transparencia-en-la-gestio-de-la-dana","status":"publish","type":"post","link":"https:\/\/www.tucomarca.com\/wordpress\/segunda\/ca\/el-psoe-de-bunyol-exigeix-transparencia-en-la-gestio-de-la-dana\/","title":{"rendered":"El PSOE de Bunyol exigeix &#8220;transpar\u00e8ncia&#8221; en la gesti\u00f3 de la DANA"},"content":{"rendered":"\n<p>&#8220;El S\u00edndic de Greuges de la Comunitat Valenciana ha obert una investigaci\u00f3 d&#8217;ofici sobre l&#8217;actuaci\u00f3 de les administracions p\u00fabliques despr\u00e9s de la DANA d&#8217;octubre de 2024, que va afectar greument nombrosos municipis, incl\u00f2s Bunyol. La investigaci\u00f3 busca esclarir la resposta institucional davant la crisi i garantir que s&#8217;han respectat els drets dels afectats&#8221;, tal com mantenen des del PSPv-PSOE bunyolense.<\/p>\n\n\n\n<p>&#8220;La DANA va provocar danys significatius en habitatges i infraestructures essencials, afectant nombroses fam\u00edlies a Bunyol. Des del PSOE considerem fonamental que s&#8217;aclarisca com s&#8217;han gestionat les ajudes i quines mesures ha implementat el govern local per a atendre els damnificats&#8221;, han afegit.<\/p>\n\n\n\n<p>&#8220;En el pen\u00faltim ple municipal, nombrosos ve\u00efns van expressar la seua indignaci\u00f3 per la deficient gesti\u00f3 de l&#8217;equip de govern davant la DANA. Es van exposar m\u00faltiples queixes sobre la falta de previsi\u00f3, la tardan\u00e7a en la resposta i la insufici\u00e8ncia de les ajudes proporcionades. Aquestes cr\u00edtiques reflecteixen el malestar existent en la poblaci\u00f3 davant la falta de solucions eficaces i l&#8217;opacitat de l&#8217;Ajuntament en aquest assumpte&#8221;, tal com asseguren els socialistes.<\/p>\n\n\n\n<p>&#8220;A aix\u00f2 cal afegir la manipulaci\u00f3 de la informaci\u00f3 que est\u00e0 duent a terme el Consell per a tapar totes les neglig\u00e8ncies comeses pel m\u00e0xim responsable de l&#8217;emerg\u00e8ncia el 29 d&#8217;octubre, el president de la Generalitat. Davant la falta de comunicaci\u00f3 i l&#8217;escassa informaci\u00f3 per part del govern municipal hem decidit sol\u00b7licitar c\u00f2pia i acc\u00e9s a l&#8217;informe que l&#8217;ajuntament ha de remetre al S\u00edndic de Greuges&#8221;, en paraules dels socialistes bunyolenses.<\/p>\n\n\n\n<p>El PSOE de Bunyol exigeix &#8220;transpar\u00e8ncia i rigor en la gesti\u00f3 d&#8217;aquesta emerg\u00e8ncia i en cas que l&#8217;Ajuntament no haja rem\u00e9s l&#8217;informe sol\u00b7licitat pel S\u00edndic, insten que ho fa\u00e7a com m\u00e9s prompte millor i que facilite tota la informaci\u00f3 necess\u00e0ria per a garantir una resposta adequada a la ciutadania. No es pot tolerar l&#8217;opacitat ni la falta de dilig\u00e8ncia en un assumpte de tanta gravetat&#8221;, finalitzen des del PSOE bunyolense.<\/p>\n","protected":false},"excerpt":{"rendered":"<div class=\"mh-excerpt\">&#8220;El S\u00edndic de Greuges de la Comunitat Valenciana ha obert una investigaci\u00f3 d&#8217;ofici sobre l&#8217;actuaci\u00f3 de les administracions p\u00fabliques despr\u00e9s de la DANA d&#8217;octubre de 2024, que va afectar greument nombrosos municipis, incl\u00f2s Bunyol. La <a class=\"mh-excerpt-more\" href=\"https:\/\/www.tucomarca.com\/wordpress\/segunda\/ca\/el-psoe-de-bunyol-exigeix-transparencia-en-la-gestio-de-la-dana\/\" title=\"El PSOE de Bunyol exigeix &#8220;transpar\u00e8ncia&#8221; en la gesti\u00f3 de la DANA\">[+] <\/a><\/div>\n","protected":false},"author":12,"featured_media":255385,"comment_status":"open","ping_status":"open","sticky":false,"template":"","format":"standard","meta":{"footnotes":""},"categories":[10911,10894,10912,10947,10896],"tags":[10913,15409,11199,10914],"class_list":{"0":"post-255489","1":"post","2":"type-post","3":"status-publish","4":"format-standard","5":"has-post-thumbnail","7":"category-bunol-ca","8":"category-la-comarca-ca","9":"category-la-hoya-ca","10":"category-politica","11":"category-seccion-ca","12":"tag-bunol-ca","13":"tag-dana-2-ca","14":"tag-la-comunitat-ca","15":"tag-la-hoya-de-bunol-chiva-ca"},"_links":{"self":[{"href":"https:\/\/www.tucomarca.com\/wordpress\/segunda\/ca\/wp-json\/wp\/v2\/posts\/255489","targetHints":{"allow":["GET"]}}],"collection":[{"href":"https:\/\/www.tucomarca.com\/wordpress\/segunda\/ca\/wp-json\/wp\/v2\/posts"}],"about":[{"href":"https:\/\/www.tucomarca.com\/wordpress\/segunda\/ca\/wp-json\/wp\/v2\/types\/post"}],"author":[{"embeddable":true,"href":"https:\/\/www.tucomarca.com\/wordpress\/segunda\/ca\/wp-json\/wp\/v2\/users\/12"}],"replies":[{"embeddable":true,"href":"https:\/\/www.tucomarca.com\/wordpress\/segunda\/ca\/wp-json\/wp\/v2\/comments?post=255489"}],"version-history":[{"count":0,"href":"https:\/\/www.tucomarca.com\/wordpress\/segunda\/ca\/wp-json\/wp\/v2\/posts\/255489\/revisions"}],"wp:featuredmedia":[{"embeddable":true,"href":"https:\/\/www.tucomarca.com\/wordpress\/segunda\/ca\/wp-json\/wp\/v2\/media\/255385"}],"wp:attachment":[{"href":"https:\/\/www.tucomarca.com\/wordpress\/segunda\/ca\/wp-json\/wp\/v2\/media?parent=255489"}],"wp:term":[{"taxonomy":"category","embeddable":true,"href":"https:\/\/www.tucomarca.com\/wordpress\/segunda\/ca\/wp-json\/wp\/v2\/categories?post=255489"},{"taxonomy":"post_tag","embeddable":true,"href":"https:\/\/www.tucomarca.com\/wordpress\/segunda\/ca\/wp-json\/wp\/v2\/tags?post=255489"}],"curies":[{"name":"wp","href":"https:\/\/api.w.org\/{rel}","templated":true}]}}