{"id":255533,"date":"2025-02-26T10:15:00","date_gmt":"2025-02-26T09:15:00","guid":{"rendered":"https:\/\/www.tucomarca.com\/wordpress\/segunda\/?p=255533"},"modified":"2025-02-26T10:45:38","modified_gmt":"2025-02-26T09:45:38","slug":"el-consell-ratifica-la-contractacio-demergencia-de-les-obres-de-reconstruccio-dinfraestructures-a-xera-requena-xestalgar-i-sinarques-per-valor-de-75-milions-deuros","status":"publish","type":"post","link":"https:\/\/www.tucomarca.com\/wordpress\/segunda\/ca\/el-consell-ratifica-la-contractacio-demergencia-de-les-obres-de-reconstruccio-dinfraestructures-a-xera-requena-xestalgar-i-sinarques-per-valor-de-75-milions-deuros\/","title":{"rendered":"El Consell ratifica la contractaci\u00f3 d&#8217;emerg\u00e8ncia de les obres de reconstrucci\u00f3 d&#8217;infraestructures a Xera, Requena, Xestalgar i Sinarques per valor de 7,5 milions d&#8217;euros"},"content":{"rendered":"\n<h3 class=\"wp-block-heading\">Es tracta d&#8217;infraestructures que van resultar greument afectades per les inundacions ocorregudes el mes d&#8217;octubre passat.<\/h3>\n\n\n\n<p>El Consell ha pres ra\u00f3 de la contractaci\u00f3 d&#8217;emerg\u00e8ncia de les obres de reconstrucci\u00f3 en els municipis de Xera, Requena, Xestalgar i Sinarques per valor de 7.560.000 euros per a infraestructures que van resultar greument afectades per les inundacions ocorregudes el mes d&#8217;octubre passat.<\/p>\n\n\n\n<p>En concret, en el municipi de Xera s&#8217;han iniciat les obres per a reconstruir el pont sobre el riu Reatillo en el cam\u00ed a Setaig\u00fces, mentre que a Requena ha comen\u00e7at la reparaci\u00f3 del pont d&#8217;acc\u00e9s al llogaret El Reatillo.<\/p>\n\n\n\n<p>En aquest cas, l&#8217;import de les actuacions ascendeix a 2.916.000 euros, dels quals 216.000 euros s\u00f3n per a la direcci\u00f3 facultativa i coordinaci\u00f3 de seguretat i salut.<\/p>\n\n\n\n<p>En el municipi de Xestalgar, les infraestructures vi\u00e0ries, especialment les pr\u00f2ximes al riu T\u00faria, van patir importants danys per la riuada. Entre ells es troba el cam\u00ed de la depuradora, que permet l&#8217;acc\u00e9s a la zona sud del nucli urb\u00e0 i que va veure comprom\u00e9s el seu estat per la crescuda del riu. En aquest lloc les obres inclouen la reconstrucci\u00f3 de 550 metres del cam\u00ed amb la renovaci\u00f3 tant del paviment com de la instal\u00b7laci\u00f3 d&#8217;enllumenat. Aix\u00ed mateix, s&#8217;est\u00e0 reparant el gual d&#8217;encreuament sobre el riu T\u00faria.<\/p>\n\n\n\n<p>L&#8217;altra infraestructura danyada per les inundacions a Xestalgar \u00e9s el cam\u00ed de la central hidroel\u00e8ctrica, on s&#8217;est\u00e0 comen\u00e7ant la reconstrucci\u00f3 dels terraplens d&#8217;acc\u00e9s al pont Morenillo, aix\u00ed com la repavimentaci\u00f3 d&#8217;un tram de 235 metres i la reconstrucci\u00f3 del gual que va ser arrossegat per les aig\u00fces de la crescuda.<\/p>\n\n\n\n<p>Per a les obres de Xestalgar, s&#8217;establit una inversi\u00f3 d&#8217;1.836.000 euros, dels quals 136.000 s\u00f3n per a direcci\u00f3 i coordinaci\u00f3 d&#8217;obra.<\/p>\n\n\n\n<p>Aix\u00ed mateix, el Consell tamb\u00e9 ha ratificat la contractaci\u00f3 d&#8217;emerg\u00e8ncia de les obres per a la reconstrucci\u00f3 de dos ponts sobre el Rierol del regrill\u00f3 a Sinarques.<\/p>\n\n\n\n<p>Inicialment, s&#8217;estan duent a terme tasques de desenrunament i retirada de material que obstru\u00efa el pas de l&#8217;aigua sota les estructures i s&#8217;han habilitat plataformes de treball que permetran l&#8217;acc\u00e9s a la reconstrucci\u00f3 del pont del regrill\u00f3 i el pont del Toll Negre. A m\u00e9s, es preveu la construcci\u00f3 d&#8217;un gual que permetr\u00e0 la comunicaci\u00f3 entre tots dos marges del llit, assegurant aix\u00ed l&#8217;accessibilitat de la zona.<\/p>\n\n\n\n<p>El cost establit de les obres de Sinarques ascendeix a 2.808.000 euros, dels quals 208.000 s\u00f3n per a direcci\u00f3 i coordinaci\u00f3 de les obres.<\/p>\n\n\n\n<p>Tots aquests treballs, que ja estan en per\u00edode d&#8217;execuci\u00f3, formen part del pla Recuperem Val\u00e8ncia de la Generalitat per a la rehabilitaci\u00f3 d&#8217;infraestructures en m\u00e9s d&#8217;una vintena de municipis. Les actuacions s&#8217;executen despr\u00e9s que els municipis hagen cedit les compet\u00e8ncies a la Generalitat perqu\u00e8 les obres es puguen realitzar de forma m\u00e9s \u00e0gil.<\/p>\n","protected":false},"excerpt":{"rendered":"<div class=\"mh-excerpt\">Es tracta d&#8217;infraestructures que van resultar greument afectades per les inundacions ocorregudes el mes d&#8217;octubre passat. El Consell ha pres ra\u00f3 de la contractaci\u00f3 d&#8217;emerg\u00e8ncia de les obres de reconstrucci\u00f3 en els municipis de Xera, <a class=\"mh-excerpt-more\" href=\"https:\/\/www.tucomarca.com\/wordpress\/segunda\/ca\/el-consell-ratifica-la-contractacio-demergencia-de-les-obres-de-reconstruccio-dinfraestructures-a-xera-requena-xestalgar-i-sinarques-per-valor-de-75-milions-deuros\/\" title=\"El Consell ratifica la contractaci\u00f3 d&#8217;emerg\u00e8ncia de les obres de reconstrucci\u00f3 d&#8217;infraestructures a Xera, Requena, Xestalgar i Sinarques per valor de 7,5 milions d&#8217;euros\">[+] <\/a><\/div>\n","protected":false},"author":1,"featured_media":250571,"comment_status":"open","ping_status":"open","sticky":false,"template":"","format":"standard","meta":{"footnotes":""},"categories":[21466,11046,10898,11034,10948,10894,10904,10903,10947,10908,10909,10896,11058,10897,11037],"tags":[11318,12683,15409,11498,11663,11099,10910,11089],"class_list":{"0":"post-255533","1":"post","2":"type-post","3":"status-publish","4":"format-standard","5":"has-post-thumbnail","7":"category-dana-ca","8":"category-los-serranos-ca","9":"category-ventana-ca","10":"category-gestalgar-ca","11":"category-infraestructuras-ca","12":"category-la-comarca-ca","13":"category-sin-categorizar-ca","14":"category-medio-ambiente-la-comarca-ca","15":"category-politica","16":"category-requena-ca","17":"category-requena-utiel-ca","18":"category-seccion-ca","19":"category-sinarcas-ca","20":"category-sucesos-la-comarca-ca","21":"category-chera-los-serranos-ca","22":"tag-chera-ca","23":"tag-consell-ca","24":"tag-dana-2-ca","25":"tag-generalitat-valenciana-ca","26":"tag-gestalgar-ca","27":"tag-requena-ca","28":"tag-requena-utiel-ca","29":"tag-sinarcas-ca"},"_links":{"self":[{"href":"https:\/\/www.tucomarca.com\/wordpress\/segunda\/ca\/wp-json\/wp\/v2\/posts\/255533","targetHints":{"allow":["GET"]}}],"collection":[{"href":"https:\/\/www.tucomarca.com\/wordpress\/segunda\/ca\/wp-json\/wp\/v2\/posts"}],"about":[{"href":"https:\/\/www.tucomarca.com\/wordpress\/segunda\/ca\/wp-json\/wp\/v2\/types\/post"}],"author":[{"embeddable":true,"href":"https:\/\/www.tucomarca.com\/wordpress\/segunda\/ca\/wp-json\/wp\/v2\/users\/1"}],"replies":[{"embeddable":true,"href":"https:\/\/www.tucomarca.com\/wordpress\/segunda\/ca\/wp-json\/wp\/v2\/comments?post=255533"}],"version-history":[{"count":0,"href":"https:\/\/www.tucomarca.com\/wordpress\/segunda\/ca\/wp-json\/wp\/v2\/posts\/255533\/revisions"}],"wp:featuredmedia":[{"embeddable":true,"href":"https:\/\/www.tucomarca.com\/wordpress\/segunda\/ca\/wp-json\/wp\/v2\/media\/250571"}],"wp:attachment":[{"href":"https:\/\/www.tucomarca.com\/wordpress\/segunda\/ca\/wp-json\/wp\/v2\/media?parent=255533"}],"wp:term":[{"taxonomy":"category","embeddable":true,"href":"https:\/\/www.tucomarca.com\/wordpress\/segunda\/ca\/wp-json\/wp\/v2\/categories?post=255533"},{"taxonomy":"post_tag","embeddable":true,"href":"https:\/\/www.tucomarca.com\/wordpress\/segunda\/ca\/wp-json\/wp\/v2\/tags?post=255533"}],"curies":[{"name":"wp","href":"https:\/\/api.w.org\/{rel}","templated":true}]}}