{"id":255550,"date":"2025-02-26T10:10:00","date_gmt":"2025-02-26T09:10:00","guid":{"rendered":"https:\/\/www.tucomarca.com\/wordpress\/segunda\/?p=255550"},"modified":"2025-02-26T17:32:05","modified_gmt":"2025-02-26T16:32:05","slug":"el-consell-amplia-en-30-milions-deuros-les-ajudes-per-perdua-destris-i-habilita-noves-ajudes-per-a-vehicles-adaptats-de-persones-discapacitades-i-falles-de-municipis-afectats-per-la-riuada","status":"publish","type":"post","link":"https:\/\/www.tucomarca.com\/wordpress\/segunda\/ca\/el-consell-amplia-en-30-milions-deuros-les-ajudes-per-perdua-destris-i-habilita-noves-ajudes-per-a-vehicles-adaptats-de-persones-discapacitades-i-falles-de-municipis-afectats-per-la-riuada\/","title":{"rendered":"El Consell amplia en 30 milions d&#8217;euros les ajudes per p\u00e8rdua d&#8217;estris i habilita noves ajudes per a vehicles adaptats de persones discapacitades i falles de municipis afectats per la riuada"},"content":{"rendered":"\n<h3 class=\"wp-block-heading\">La Generalitat destinar\u00e0 dos milions d&#8217;euros en ajudes individuals i al tercer sector per a sufragar el 100% de costos d&#8217;adaptaci\u00f3 de vehicles per a persones discapacitades de les zones danyades.<\/h3>\n\n\n\n<h3 class=\"wp-block-heading\">El Ple aprova ajudes per un import global de cinc milions d&#8217;euros per a 392 comissions falleres de 77 municipis de la prov\u00edncia de Val\u00e8ncia que van patir les conseq\u00fc\u00e8ncies de la DANA.<\/h3>\n\n\n\n<p>El Consell ha aprovat una ampliaci\u00f3 de 30 milions d&#8217;euros en la dotaci\u00f3 global de les ajudes per la p\u00e8rdua de b\u00e9ns de primera necessitat en la riuada i ha acordat a m\u00e9s habilitar noves l\u00ednies d&#8217;ajudes dirigides a compensar a persones amb discapacitat que van perdre els seus vehicles a causa del temporal, aix\u00ed com a les comissions falleres dels municipis que van patir les conseq\u00fc\u00e8ncies de la dana.<\/p>\n\n\n\n<p>Aix\u00ed ho ha explicat la vicepresidenta primera i consellera de Serveis Socials, Igualtat i Habitatge, Susana Camarero, en la seua compareixen\u00e7a davant els mitjans de comunicaci\u00f3 per a donar compte dels assumptes aprovats en els plens ordinari i extraordinari celebrats aquest dimarts.<\/p>\n\n\n\n<p>La tamb\u00e9 portaveu del Consell ha subratllat que l&#8217;increment en l&#8217;import de les ajudes per a pal\u00b7liar la p\u00e8rdua d&#8217;estris s&#8217;ha acordat \u201camb la finalitat de possibilitar la cobertura econ\u00f2mica de la totalitat de les sol\u00b7licituds d&#8217;ajuda presentades per les persones afectades\u201d i \u201cconsiderant la magnitud dels danys i l&#8217;elevat nombre de persones f\u00edsiques afectades\u201d.<\/p>\n\n\n\n<p>Aquestes ajudes tenien un import global de 200 milions d&#8217;euros, dels quals 102 es van imputar a l&#8217;anualitat de 2024 i 98 a la de 2025. Ara, amb aquesta modificaci\u00f3, s&#8217;incrementa aquesta \u00faltima quantitat en 30 milions d&#8217;euros addicionals, la qual cosa eleva l&#8217;import total de la l\u00ednia destinada a pal\u00b7liar la p\u00e8rdua de b\u00e9ns de primera necessitat a 230 milions d&#8217;euros.<\/p>\n\n\n\n<p>Segons ha concretat Susana Camarero, fins ara s&#8217;han abonat ja 132,7 milions d&#8217;euros, el 66% del pressupost destinat a estris, que han beneficiat a 22.114 persones.<\/p>\n\n\n\n<p><strong>Ajudes per a vehicles de persones discapacitades<\/strong><\/p>\n\n\n\n<p>A m\u00e9s, el Consell ha aprovat un decret pel qual s&#8217;estableixen ajudes directes destinades a persones amb discapacitat i entitats del tercer sector que hagen perdut els seus vehicles adaptats a causa del temporal de vent i pluges del 29 d&#8217;octubre de 2024.<\/p>\n\n\n\n<p>El Consell ha decidit habilitar aquesta l\u00ednia d&#8217;ajudes espec\u00edfiques per a compensar el cost de les adaptacions dels nous vehicles que han hagut de ser adquirits per persones i entitats sense \u00e0nim de lucre afectades per la riuada.<\/p>\n\n\n\n<p>La l\u00ednia compta amb una dotaci\u00f3 econ\u00f2mica que ascendeix a dos milions d&#8217;euros i va destinada a sufragar el 100% del cost de l&#8217;adaptaci\u00f3 i eliminaci\u00f3 de barreres en vehicles. En concret, les quanties podran ser de fins a 5.000 euros per a les ajudes individuals i de fins a 10.000 euros en el cas de les entitats del tercer sector.<\/p>\n\n\n\n<p>Aquestes noves ajudes s\u00f3n compatibles amb les del decret aprovat el passat 14 de gener pel Consell, que va permetre activar una l\u00ednia per import de 250 milions d&#8217;euros per a pal\u00b7liar danys en vehicles i que, en concret, reconeixia 2.500 euros per vehicle adaptat. Per tant, els qui hagen sol\u00b7licitat l&#8217;ajuda per a aquesta mena de vehicles contemplada en aquesta primera norma podr\u00e0 completar-la amb les quantitats previstes en aquest nou decret aprovat ara.<\/p>\n\n\n\n<p>Segons les dades facilitades per la vicepresidenta primera, s&#8217;han sol\u00b7licitat fins a la data 77.556 sol\u00b7licituds i abonat ajudes per valor de 129,3 milions.<\/p>\n\n\n\n<p><strong>Ajudes a les comissions falleres<\/strong><\/p>\n\n\n\n<p>D&#8217;altra banda, el Consell ha aprovat tamb\u00e9 ajudes dirigides a les comissions falleres de les localitats que es van veure afectades pel temporal per a finan\u00e7ar l&#8217;organitzaci\u00f3 d&#8217;activitats culturals i socials no lucratives vinculades a les festes de Falles de 2025.<\/p>\n\n\n\n<p>L&#8217;import total d&#8217;aquesta l\u00ednia pressupost\u00e0ria ascendeix a cinc milions d&#8217;euros i cada comissi\u00f3 fallera podr\u00e0 rebre fins a 12.000 euros per les activitats organitzades entre l&#8217;1 i el 19 de mar\u00e7 de 2025.<\/p>\n\n\n\n<p>La portaveu ha assenyalat que les Falles \u201cs\u00f3n essencials en la recuperaci\u00f3 del teixit associatiu dels municipis valencians i de la vida social i econ\u00f2mica\u201d, a m\u00e9s de \u201cespais de conviv\u00e8ncia i llocs de trobada de la ciutadania imprescindibles en la reconstrucci\u00f3\u201d.<\/p>\n\n\n\n<p>En total, aquestes ajudes podran beneficiar a les 392 comissions falleres que estan situades en 77 municipis de la prov\u00edncia de Val\u00e8ncia, segons ha explicat Susana Camarero.<\/p>\n\n\n\n<p>En un altre ordre de coses, el Consell ha validat la contractaci\u00f3 d&#8217;emerg\u00e8ncia d&#8217;actuacions per a reparar els danys produ\u00efts pel temporal en infraestructures agr\u00e0ries de la prov\u00edncia de Castell\u00f3.<\/p>\n\n\n\n<p>Es tracta de tres contractes d&#8217;un import global de 8.215.380 euros, consistents en les obres de reparaci\u00f3 de danys en els municipis afectats de les comarques dels Ports, Baix Maestrat, Plana Alta, l\u2019Alt Maestrat, Alt Pal\u00e0ncia i Alt Millars, on es van detectar m\u00e9s de 150 punts susceptibles d&#8217;intervenci\u00f3.<\/p>\n\n\n\n<p><strong>Nomenaments<\/strong><\/p>\n\n\n\n<p>Aix\u00ed mateix, el Consell ha aprovat el nomenament de Fernando M\u00f3ner Romero com a president i membre del Comit\u00e9 Econ\u00f2mic i Social de la Comunitat Valenciana. El nomenament es produeix despr\u00e9s de la ren\u00fancia efectuada pel fins ara president d&#8217;aquest \u00f2rgan consultiu, Arturo Le\u00f3n.<\/p>\n\n\n\n<p>El Ple tamb\u00e9 ha acordat el nomenament de Jos\u00e9 Capilla Rom\u00e1 com a rector de la Universitat Polit\u00e8cnica de Val\u00e8ncia, reelegit per al c\u00e0rrec en els comicis celebrats per la instituci\u00f3 el passat 12 de febrer.<\/p>\n","protected":false},"excerpt":{"rendered":"<div class=\"mh-excerpt\">La Generalitat destinar\u00e0 dos milions d&#8217;euros en ajudes individuals i al tercer sector per a sufragar el 100% de costos d&#8217;adaptaci\u00f3 de vehicles per a persones discapacitades de les zones danyades. El Ple aprova ajudes <a class=\"mh-excerpt-more\" href=\"https:\/\/www.tucomarca.com\/wordpress\/segunda\/ca\/el-consell-amplia-en-30-milions-deuros-les-ajudes-per-perdua-destris-i-habilita-noves-ajudes-per-a-vehicles-adaptats-de-persones-discapacitades-i-falles-de-municipis-afectats-per-la-riuada\/\" title=\"El Consell amplia en 30 milions d&#8217;euros les ajudes per p\u00e8rdua d&#8217;estris i habilita noves ajudes per a vehicles adaptats de persones discapacitades i falles de municipis afectats per la riuada\">[+] <\/a><\/div>\n","protected":false},"author":13,"featured_media":255548,"comment_status":"open","ping_status":"open","sticky":false,"template":"","format":"standard","meta":{"footnotes":""},"categories":[21466,10898,10948,10894,10904,10903,10947,10896,10897],"tags":[15409,12903,11199],"class_list":{"0":"post-255550","1":"post","2":"type-post","3":"status-publish","4":"format-standard","5":"has-post-thumbnail","7":"category-dana-ca","8":"category-ventana-ca","9":"category-infraestructuras-ca","10":"category-la-comarca-ca","11":"category-sin-categorizar-ca","12":"category-medio-ambiente-la-comarca-ca","13":"category-politica","14":"category-seccion-ca","15":"category-sucesos-la-comarca-ca","16":"tag-dana-2-ca","17":"tag-infraestructuras-ca","18":"tag-la-comunitat-ca"},"_links":{"self":[{"href":"https:\/\/www.tucomarca.com\/wordpress\/segunda\/ca\/wp-json\/wp\/v2\/posts\/255550","targetHints":{"allow":["GET"]}}],"collection":[{"href":"https:\/\/www.tucomarca.com\/wordpress\/segunda\/ca\/wp-json\/wp\/v2\/posts"}],"about":[{"href":"https:\/\/www.tucomarca.com\/wordpress\/segunda\/ca\/wp-json\/wp\/v2\/types\/post"}],"author":[{"embeddable":true,"href":"https:\/\/www.tucomarca.com\/wordpress\/segunda\/ca\/wp-json\/wp\/v2\/users\/13"}],"replies":[{"embeddable":true,"href":"https:\/\/www.tucomarca.com\/wordpress\/segunda\/ca\/wp-json\/wp\/v2\/comments?post=255550"}],"version-history":[{"count":0,"href":"https:\/\/www.tucomarca.com\/wordpress\/segunda\/ca\/wp-json\/wp\/v2\/posts\/255550\/revisions"}],"wp:featuredmedia":[{"embeddable":true,"href":"https:\/\/www.tucomarca.com\/wordpress\/segunda\/ca\/wp-json\/wp\/v2\/media\/255548"}],"wp:attachment":[{"href":"https:\/\/www.tucomarca.com\/wordpress\/segunda\/ca\/wp-json\/wp\/v2\/media?parent=255550"}],"wp:term":[{"taxonomy":"category","embeddable":true,"href":"https:\/\/www.tucomarca.com\/wordpress\/segunda\/ca\/wp-json\/wp\/v2\/categories?post=255550"},{"taxonomy":"post_tag","embeddable":true,"href":"https:\/\/www.tucomarca.com\/wordpress\/segunda\/ca\/wp-json\/wp\/v2\/tags?post=255550"}],"curies":[{"name":"wp","href":"https:\/\/api.w.org\/{rel}","templated":true}]}}