{"id":255633,"date":"2025-02-28T08:15:00","date_gmt":"2025-02-28T07:15:00","guid":{"rendered":"https:\/\/www.tucomarca.com\/wordpress\/segunda\/?p=255633"},"modified":"2025-02-28T20:56:01","modified_gmt":"2025-02-28T19:56:01","slug":"el-circuit-ricardo-tormo-celebra-este-cap-de-setmana-el-racing-legends","status":"publish","type":"post","link":"https:\/\/www.tucomarca.com\/wordpress\/segunda\/ca\/el-circuit-ricardo-tormo-celebra-este-cap-de-setmana-el-racing-legends\/","title":{"rendered":"El Circuit Ricardo Tormo celebra este cap de setmana el Racing Legends"},"content":{"rendered":"\n<h3 class=\"wp-block-heading\">Els cotxes i motos cl\u00e0ssiques seran els protagonistes en la pista del Circuit Ricardo Tormo.<\/h3>\n\n\n\n<h3 class=\"wp-block-heading\">El pilot Carlos Checa ser\u00e0 nomenat \u2018Llegenda\u2019 del Circuit i rodar\u00e0 als comandaments de la Ducati amb la qual va ser campi\u00f3 de Superbikes.<\/h3>\n\n\n\n<p>El Circuit Ricardo Tormo celebrar\u00e0 este cap de setmana 1 i 2 de mar\u00e7 l\u2019XI edici\u00f3 del Racing Legends, la concentraci\u00f3 de cotxes i motos d\u2019\u00e8poca que obri la temporada internacional de cl\u00e0ssics.<\/p>\n\n\n\n<p>Carlos Checa reviur\u00e0 les seues experi\u00e8ncies de 2011, any en qu\u00e8 es va proclamar Campi\u00f3 del M\u00f3n de Superbike. El pilot de Sant Fruit\u00f3s tornar\u00e0 a pilotar la Ducati amb la qual va obtindre el t\u00edtol per la pista del Circuit. A m\u00e9s, el pilot participar\u00e0 en dos xarrades en l\u2019escenari instal\u00b7lat en el p\u00e0doc en la qual es parlar\u00e0 sobre el seu passat i sobre l\u2019actualitat de MotoGP.<\/p>\n\n\n\n<p>Els clubs organitzadors a m\u00e9s ompliran el p\u00e0doc amb les seues motocicletes d\u2019\u00e8poca i els seus cotxes cl\u00e0ssics i una \u00e0mplia exposici\u00f3 de camions cl\u00e0ssics ha confirmat la seua pres\u00e8ncia en l\u2019esdeveniment.<\/p>\n\n\n\n<p>L\u2019Associaci\u00f3 d\u2019Amics del Museu Militar tamb\u00e9 ha preparat una exposici\u00f3, aix\u00ed com el Club de Cl\u00e0ssics Citro\u00ebn que, a m\u00e9s, protagonitzar\u00e0 una altra de les activitats en l\u2019escenari del p\u00e0doc durant la jornada del diumenge per a parlar de la hist\u00f2ria del Citro\u00ebn DS. Tamb\u00e9 en l\u2019escenari principal el productor valenci\u00e0 Carlos Bartual presentar\u00e0 el v\u00eddeo sobre la reconstrucci\u00f3 d\u2019una Suzuki GSX-R600 en la jornada del dissabte.<\/p>\n\n\n\n<p>En la pista de Gran Premi l\u2019activitat no cessar\u00e0 durant tot el cap de setmana. Els f\u00f3rmula cl\u00e0ssics procedents de mitja Europa recordaran als aficionats l\u2019evoluci\u00f3 de l\u2019aerodin\u00e0mica i la competici\u00f3 arribar\u00e0 de la m\u00e0 del Trofeu de la Regularitat.<\/p>\n\n\n\n<p>Els aficionats poden comprar les seues entrades en la<a href=\"https:\/\/www.circuitricardotormo.com\/\">&nbsp;web del Circuit Ricardo Tormo<\/a>. Com en esdeveniments anteriors l\u2019aforament estar\u00e0 limitat amb motiu dels treballs de reconstrucci\u00f3 que s\u2019estan duent a terme en els accessos i els aparcaments del Circuit.<\/p>\n","protected":false},"excerpt":{"rendered":"<div class=\"mh-excerpt\">Els cotxes i motos cl\u00e0ssiques seran els protagonistes en la pista del Circuit Ricardo Tormo. El pilot Carlos Checa ser\u00e0 nomenat \u2018Llegenda\u2019 del Circuit i rodar\u00e0 als comandaments de la Ducati amb la qual va <a class=\"mh-excerpt-more\" href=\"https:\/\/www.tucomarca.com\/wordpress\/segunda\/ca\/el-circuit-ricardo-tormo-celebra-este-cap-de-setmana-el-racing-legends\/\" title=\"El Circuit Ricardo Tormo celebra este cap de setmana el Racing Legends\">[+] <\/a><\/div>\n","protected":false},"author":13,"featured_media":255631,"comment_status":"open","ping_status":"open","sticky":false,"template":"","format":"standard","meta":{"footnotes":""},"categories":[11019,11017,11003,10904,10912,11011,10896,10974],"tags":[19518,11071,11074,11199,10914,11888],"class_list":{"0":"post-255633","1":"post","2":"type-post","3":"status-publish","4":"format-standard","5":"has-post-thumbnail","7":"category-agenda-ca","8":"category-automovilismo-ca","9":"category-sports","10":"category-sin-categorizar-ca","11":"category-la-hoya-ca","12":"category-motociclismo-ca","13":"category-seccion-ca","14":"category-cheste-ca","15":"tag-automovilismo-ca","16":"tag-cheste","17":"tag-deportes-ca","18":"tag-la-comunitat-ca","19":"tag-la-hoya-de-bunol-chiva-ca","20":"tag-motociclismo-ca"},"_links":{"self":[{"href":"https:\/\/www.tucomarca.com\/wordpress\/segunda\/ca\/wp-json\/wp\/v2\/posts\/255633","targetHints":{"allow":["GET"]}}],"collection":[{"href":"https:\/\/www.tucomarca.com\/wordpress\/segunda\/ca\/wp-json\/wp\/v2\/posts"}],"about":[{"href":"https:\/\/www.tucomarca.com\/wordpress\/segunda\/ca\/wp-json\/wp\/v2\/types\/post"}],"author":[{"embeddable":true,"href":"https:\/\/www.tucomarca.com\/wordpress\/segunda\/ca\/wp-json\/wp\/v2\/users\/13"}],"replies":[{"embeddable":true,"href":"https:\/\/www.tucomarca.com\/wordpress\/segunda\/ca\/wp-json\/wp\/v2\/comments?post=255633"}],"version-history":[{"count":0,"href":"https:\/\/www.tucomarca.com\/wordpress\/segunda\/ca\/wp-json\/wp\/v2\/posts\/255633\/revisions"}],"wp:featuredmedia":[{"embeddable":true,"href":"https:\/\/www.tucomarca.com\/wordpress\/segunda\/ca\/wp-json\/wp\/v2\/media\/255631"}],"wp:attachment":[{"href":"https:\/\/www.tucomarca.com\/wordpress\/segunda\/ca\/wp-json\/wp\/v2\/media?parent=255633"}],"wp:term":[{"taxonomy":"category","embeddable":true,"href":"https:\/\/www.tucomarca.com\/wordpress\/segunda\/ca\/wp-json\/wp\/v2\/categories?post=255633"},{"taxonomy":"post_tag","embeddable":true,"href":"https:\/\/www.tucomarca.com\/wordpress\/segunda\/ca\/wp-json\/wp\/v2\/tags?post=255633"}],"curies":[{"name":"wp","href":"https:\/\/api.w.org\/{rel}","templated":true}]}}