{"id":255738,"date":"2025-02-28T08:30:00","date_gmt":"2025-02-28T07:30:00","guid":{"rendered":"https:\/\/www.tucomarca.com\/wordpress\/segunda\/?p=255738"},"modified":"2025-02-28T21:01:37","modified_gmt":"2025-02-28T20:01:37","slug":"la-banda-simfonica-de-cim-lharmonica-presenta-el-seu-concert-excellent-l1-de-marc","status":"publish","type":"post","link":"https:\/\/www.tucomarca.com\/wordpress\/segunda\/ca\/la-banda-simfonica-de-cim-lharmonica-presenta-el-seu-concert-excellent-l1-de-marc\/","title":{"rendered":"La Banda Simf\u00f2nica de CIM L&#8217;Harm\u00f2nica presenta el seu &#8220;Concert Excel\u00b7lent&#8221; l&#8217;1 de mar\u00e7"},"content":{"rendered":"\n<p>Dissabte que ve 1 de mar\u00e7 a les 19:00h, el Palau de la M\u00fasica es convertir\u00e0 en l&#8217;escenari d&#8217;una vetlada \u00fanica amb el Concert Excel\u00b7lent, interpretat per la prestigiosa Banda Simf\u00f2nica de CIM L&#8217;Harm\u00f2nica de Bunyol. Sota la batuta del reconegut director Sa\u00fcl G\u00f3mez Soler, la banda oferir\u00e0 un programa de gran qualitat, que combina tradici\u00f3, innovaci\u00f3 i un homenatge especial a la compositora Julie Giroux.<\/p>\n\n\n\n<p>El programa musical estar\u00e0 dividit en dues parts:<br><strong>Primera part:<\/strong><br>Expo 70 \u2013 Paul Yoder<br>M\u00e0scares \u2013 Voro Garc\u00eda<\/p>\n\n\n\n<p><strong>Segunda part: Tribut a Julie Giroux<\/strong><br>Khan<\/p>\n\n\n\n<p>Bookmarks from Japan<\/p>\n\n\n\n<p>Symphony No. 4<br><em>I. Mount Fuji<br>II. Nihonbashi<br>III. The Great Wave off Kanagawa<br>IV. Kinryuzan Temple in Asakusa<br>V. Evening Snow at Kambara<br>VI. Hakone<\/em><\/p>\n\n\n\n<p>Venda anticipada el divendres 28 de febrer de 19.00 a 20:00h en el Palacio de la M\u00fasica.<\/p>\n\n\n\n<p><\/p>\n","protected":false},"excerpt":{"rendered":"<div class=\"mh-excerpt\">Dissabte que ve 1 de mar\u00e7 a les 19:00h, el Palau de la M\u00fasica es convertir\u00e0 en l&#8217;escenari d&#8217;una vetlada \u00fanica amb el Concert Excel\u00b7lent, interpretat per la prestigiosa Banda Simf\u00f2nica de CIM L&#8217;Harm\u00f2nica de <a class=\"mh-excerpt-more\" href=\"https:\/\/www.tucomarca.com\/wordpress\/segunda\/ca\/la-banda-simfonica-de-cim-lharmonica-presenta-el-seu-concert-excellent-l1-de-marc\/\" title=\"La Banda Simf\u00f2nica de CIM L&#8217;Harm\u00f2nica presenta el seu &#8220;Concert Excel\u00b7lent&#8221; l&#8217;1 de mar\u00e7\">[+] <\/a><\/div>\n","protected":false},"author":12,"featured_media":255736,"comment_status":"open","ping_status":"open","sticky":false,"template":"","format":"standard","meta":{"footnotes":""},"categories":[11019,10911,11005,10894,10912,11007,10896],"tags":[10913,11209,11246,10914],"class_list":{"0":"post-255738","1":"post","2":"type-post","3":"status-publish","4":"format-standard","5":"has-post-thumbnail","7":"category-agenda-ca","8":"category-bunol-ca","9":"category-canal-musica","10":"category-la-comarca-ca","11":"category-la-hoya-ca","12":"category-ocio-y-cultura-ca","13":"category-seccion-ca","14":"tag-bunol-ca","15":"tag-cim-la-armonica-de-bunol-ca","16":"tag-diputacio-de-valencia-ca","17":"tag-la-hoya-de-bunol-chiva-ca"},"_links":{"self":[{"href":"https:\/\/www.tucomarca.com\/wordpress\/segunda\/ca\/wp-json\/wp\/v2\/posts\/255738","targetHints":{"allow":["GET"]}}],"collection":[{"href":"https:\/\/www.tucomarca.com\/wordpress\/segunda\/ca\/wp-json\/wp\/v2\/posts"}],"about":[{"href":"https:\/\/www.tucomarca.com\/wordpress\/segunda\/ca\/wp-json\/wp\/v2\/types\/post"}],"author":[{"embeddable":true,"href":"https:\/\/www.tucomarca.com\/wordpress\/segunda\/ca\/wp-json\/wp\/v2\/users\/12"}],"replies":[{"embeddable":true,"href":"https:\/\/www.tucomarca.com\/wordpress\/segunda\/ca\/wp-json\/wp\/v2\/comments?post=255738"}],"version-history":[{"count":0,"href":"https:\/\/www.tucomarca.com\/wordpress\/segunda\/ca\/wp-json\/wp\/v2\/posts\/255738\/revisions"}],"wp:featuredmedia":[{"embeddable":true,"href":"https:\/\/www.tucomarca.com\/wordpress\/segunda\/ca\/wp-json\/wp\/v2\/media\/255736"}],"wp:attachment":[{"href":"https:\/\/www.tucomarca.com\/wordpress\/segunda\/ca\/wp-json\/wp\/v2\/media?parent=255738"}],"wp:term":[{"taxonomy":"category","embeddable":true,"href":"https:\/\/www.tucomarca.com\/wordpress\/segunda\/ca\/wp-json\/wp\/v2\/categories?post=255738"},{"taxonomy":"post_tag","embeddable":true,"href":"https:\/\/www.tucomarca.com\/wordpress\/segunda\/ca\/wp-json\/wp\/v2\/tags?post=255738"}],"curies":[{"name":"wp","href":"https:\/\/api.w.org\/{rel}","templated":true}]}}