{"id":255791,"date":"2025-02-27T13:00:00","date_gmt":"2025-02-27T12:00:00","guid":{"rendered":"https:\/\/www.tucomarca.com\/wordpress\/segunda\/?p=255791"},"modified":"2025-02-27T19:54:27","modified_gmt":"2025-02-27T18:54:27","slug":"la-mancomunitat-foia-de-bunyol-xiva-acull-la-jornada-de-coordinacio-entre-atencio-primaria-basica-i-els-equips-especifics-dintervencio-amb-infancia-i-adolescencia","status":"publish","type":"post","link":"https:\/\/www.tucomarca.com\/wordpress\/segunda\/ca\/la-mancomunitat-foia-de-bunyol-xiva-acull-la-jornada-de-coordinacio-entre-atencio-primaria-basica-i-els-equips-especifics-dintervencio-amb-infancia-i-adolescencia\/","title":{"rendered":"La mancomunitat Foia de Bunyol Xiva acull la jornada de coordinaci\u00f3 entre atenci\u00f3 prim\u00e0ria b\u00e0sica i els Equips espec\u00edfics d&#8217;intervenci\u00f3 amb inf\u00e0ncia i adolesc\u00e8ncia"},"content":{"rendered":"\n<p>La jornada, que se celebrar\u00e0 en les instal\u00b7lacions de la Mancomunitat el pr\u00f2xim dia 6 de mar\u00e7 est\u00e0 coordinada des de la Direcci\u00f3 General d&#8217;Inf\u00e0ncia i Adolesc\u00e8ncia, la secci\u00f3 de Prevenci\u00f3 i Promoci\u00f3 Familiar i l&#8217;equip de supervisi\u00f3 de la Direcci\u00f3 Territorial de la Generalitat.<\/p>\n\n\n\n<p>L&#8217;objectiu d&#8217;aquesta jornada, dirigida a professionals del sector, \u00e9s treballar unificant criteris per a millorar la intervenci\u00f3 en inf\u00e0ncia i adolesc\u00e8ncia en situaci\u00f3 de desprotecci\u00f3 i vulnerabilitat.<\/p>\n\n\n\n<p>Aquesta activitat permet a l&#8217;equip de Serveis Socials de la Mancomunitat, traslladar els seus treballs i contrastar experi\u00e8ncies amb equips similars i amb els m\u00e0xims responsables de l&#8217;administraci\u00f3 auton\u00f2mica relacionats amb aquesta mat\u00e8ria.<\/p>\n\n\n\n<p>Per a la mancomunitat Foia de Bunyol Xiva, el desenvolupament d&#8217;aquestes accions especialitzades en el territori, resulten especialment rellevants, ja que permeten aplicar criteris comuns i millorar l&#8217;atenci\u00f3 als possibles usuaris en els municipis que conformen aquesta entitat<\/p>\n","protected":false},"excerpt":{"rendered":"<div class=\"mh-excerpt\">La jornada, que se celebrar\u00e0 en les instal\u00b7lacions de la Mancomunitat el pr\u00f2xim dia 6 de mar\u00e7 est\u00e0 coordinada des de la Direcci\u00f3 General d&#8217;Inf\u00e0ncia i Adolesc\u00e8ncia, la secci\u00f3 de Prevenci\u00f3 i Promoci\u00f3 Familiar i <a class=\"mh-excerpt-more\" href=\"https:\/\/www.tucomarca.com\/wordpress\/segunda\/ca\/la-mancomunitat-foia-de-bunyol-xiva-acull-la-jornada-de-coordinacio-entre-atencio-primaria-basica-i-els-equips-especifics-dintervencio-amb-infancia-i-adolescencia\/\" title=\"La mancomunitat Foia de Bunyol Xiva acull la jornada de coordinaci\u00f3 entre atenci\u00f3 prim\u00e0ria b\u00e0sica i els Equips espec\u00edfics d&#8217;intervenci\u00f3 amb inf\u00e0ncia i adolesc\u00e8ncia\">[+] <\/a><\/div>\n","protected":false},"author":13,"featured_media":255789,"comment_status":"open","ping_status":"open","sticky":false,"template":"","format":"standard","meta":{"footnotes":""},"categories":[10980,10948,10894,10912,10947,10896],"tags":[12114,12903,10914,11514],"class_list":{"0":"post-255791","1":"post","2":"type-post","3":"status-publish","4":"format-standard","5":"has-post-thumbnail","7":"category-yatova-ca","8":"category-infraestructuras-ca","9":"category-la-comarca-ca","10":"category-la-hoya-ca","11":"category-politica","12":"category-seccion-ca","13":"tag-educacion-ca","14":"tag-infraestructuras-ca","15":"tag-la-hoya-de-bunol-chiva-ca","16":"tag-mancomunidad-de-la-hoya-de-bunol-chiva-ca"},"_links":{"self":[{"href":"https:\/\/www.tucomarca.com\/wordpress\/segunda\/ca\/wp-json\/wp\/v2\/posts\/255791","targetHints":{"allow":["GET"]}}],"collection":[{"href":"https:\/\/www.tucomarca.com\/wordpress\/segunda\/ca\/wp-json\/wp\/v2\/posts"}],"about":[{"href":"https:\/\/www.tucomarca.com\/wordpress\/segunda\/ca\/wp-json\/wp\/v2\/types\/post"}],"author":[{"embeddable":true,"href":"https:\/\/www.tucomarca.com\/wordpress\/segunda\/ca\/wp-json\/wp\/v2\/users\/13"}],"replies":[{"embeddable":true,"href":"https:\/\/www.tucomarca.com\/wordpress\/segunda\/ca\/wp-json\/wp\/v2\/comments?post=255791"}],"version-history":[{"count":0,"href":"https:\/\/www.tucomarca.com\/wordpress\/segunda\/ca\/wp-json\/wp\/v2\/posts\/255791\/revisions"}],"wp:featuredmedia":[{"embeddable":true,"href":"https:\/\/www.tucomarca.com\/wordpress\/segunda\/ca\/wp-json\/wp\/v2\/media\/255789"}],"wp:attachment":[{"href":"https:\/\/www.tucomarca.com\/wordpress\/segunda\/ca\/wp-json\/wp\/v2\/media?parent=255791"}],"wp:term":[{"taxonomy":"category","embeddable":true,"href":"https:\/\/www.tucomarca.com\/wordpress\/segunda\/ca\/wp-json\/wp\/v2\/categories?post=255791"},{"taxonomy":"post_tag","embeddable":true,"href":"https:\/\/www.tucomarca.com\/wordpress\/segunda\/ca\/wp-json\/wp\/v2\/tags?post=255791"}],"curies":[{"name":"wp","href":"https:\/\/api.w.org\/{rel}","templated":true}]}}