{"id":255846,"date":"2025-02-28T10:00:00","date_gmt":"2025-02-28T09:00:00","guid":{"rendered":"https:\/\/www.tucomarca.com\/wordpress\/segunda\/?p=255846"},"modified":"2025-02-28T19:57:42","modified_gmt":"2025-02-28T18:57:42","slug":"lajuntament-de-bunyol-inicia-la-reparacio-de-ledifici-el-portal-pels-danys-en-la-seua-fonamentacio-despres-de-la-dana","status":"publish","type":"post","link":"https:\/\/www.tucomarca.com\/wordpress\/segunda\/ca\/lajuntament-de-bunyol-inicia-la-reparacio-de-ledifici-el-portal-pels-danys-en-la-seua-fonamentacio-despres-de-la-dana\/","title":{"rendered":"L&#8217;Ajuntament de Bunyol inicia la reparaci\u00f3 de l&#8217;edifici El Portal pels danys en la seua fonamentaci\u00f3 despr\u00e9s de la DANA"},"content":{"rendered":"\n<p>L&#8217;Ajuntament de Bunyol ha iniciat treballs de refor\u00e7 i reparaci\u00f3 en les fonamentacions de l&#8217;edifici El Portal, despr\u00e9s dels danys patits pel pas de la DANA. Aquesta emblem\u00e0tica estructura, que alberga els Serveis Socials i la Policia Local, \u00e9s clau per a la localitat, per la qual cosa la seua rehabilitaci\u00f3 \u00e9s priorit\u00e0ria per a garantir la seguretat i funcionalitat de l&#8217;immoble.<\/p>\n\n\n\n<p>Les obres van comen\u00e7ar a mitjan febrer i tenen com a objectiu restaurar l&#8217;estabilitat de l&#8217;edifici, afectat per la deterioraci\u00f3 ocasionada pel fenomen meteorol\u00f2gic. Des del consistori s&#8217;ha subratllat la import\u00e0ncia d&#8217;aquesta intervenci\u00f3 per a preservar el patrimoni municipal i assegurar el correcte desenvolupament dels serveis essencials que all\u00ed es presten.<\/p>\n\n\n\n<figure class=\"wp-block-gallery has-nested-images columns-1 is-cropped wp-block-gallery-1 is-layout-flex wp-block-gallery-is-layout-flex\">\n<figure class=\"wp-block-image size-large\"><img loading=\"lazy\" decoding=\"async\" width=\"1024\" height=\"768\" data-id=\"255840\" src=\"https:\/\/www.tucomarca.com\/wordpress\/segunda\/wp-content\/uploads\/2025\/02\/ObrasPorta02-1024x768.jpg\" alt=\"\" class=\"wp-image-255840\" srcset=\"https:\/\/www.tucomarca.com\/wordpress\/segunda\/wp-content\/uploads\/2025\/02\/ObrasPorta02-1024x768.jpg 1024w, https:\/\/www.tucomarca.com\/wordpress\/segunda\/wp-content\/uploads\/2025\/02\/ObrasPorta02-300x225.jpg 300w, https:\/\/www.tucomarca.com\/wordpress\/segunda\/wp-content\/uploads\/2025\/02\/ObrasPorta02-768x576.jpg 768w, https:\/\/www.tucomarca.com\/wordpress\/segunda\/wp-content\/uploads\/2025\/02\/ObrasPorta02-678x509.jpg 678w, https:\/\/www.tucomarca.com\/wordpress\/segunda\/wp-content\/uploads\/2025\/02\/ObrasPorta02-326x245.jpg 326w, https:\/\/www.tucomarca.com\/wordpress\/segunda\/wp-content\/uploads\/2025\/02\/ObrasPorta02-80x60.jpg 80w, https:\/\/www.tucomarca.com\/wordpress\/segunda\/wp-content\/uploads\/2025\/02\/ObrasPorta02.jpg 1181w\" sizes=\"auto, (max-width: 1024px) 100vw, 1024px\" \/><\/figure>\n\n\n\n<figure class=\"wp-block-image size-large\"><img loading=\"lazy\" decoding=\"async\" width=\"1024\" height=\"768\" data-id=\"255836\" src=\"https:\/\/www.tucomarca.com\/wordpress\/segunda\/wp-content\/uploads\/2025\/02\/ObrasPorta03-1024x768.jpg\" alt=\"\" class=\"wp-image-255836\" srcset=\"https:\/\/www.tucomarca.com\/wordpress\/segunda\/wp-content\/uploads\/2025\/02\/ObrasPorta03-1024x768.jpg 1024w, https:\/\/www.tucomarca.com\/wordpress\/segunda\/wp-content\/uploads\/2025\/02\/ObrasPorta03-300x225.jpg 300w, https:\/\/www.tucomarca.com\/wordpress\/segunda\/wp-content\/uploads\/2025\/02\/ObrasPorta03-768x576.jpg 768w, https:\/\/www.tucomarca.com\/wordpress\/segunda\/wp-content\/uploads\/2025\/02\/ObrasPorta03-678x509.jpg 678w, https:\/\/www.tucomarca.com\/wordpress\/segunda\/wp-content\/uploads\/2025\/02\/ObrasPorta03-326x245.jpg 326w, https:\/\/www.tucomarca.com\/wordpress\/segunda\/wp-content\/uploads\/2025\/02\/ObrasPorta03-80x60.jpg 80w, https:\/\/www.tucomarca.com\/wordpress\/segunda\/wp-content\/uploads\/2025\/02\/ObrasPorta03.jpg 1181w\" sizes=\"auto, (max-width: 1024px) 100vw, 1024px\" \/><\/figure>\n<\/figure>\n","protected":false},"excerpt":{"rendered":"<div class=\"mh-excerpt\">L&#8217;Ajuntament de Bunyol ha iniciat treballs de refor\u00e7 i reparaci\u00f3 en les fonamentacions de l&#8217;edifici El Portal, despr\u00e9s dels danys patits pel pas de la DANA. Aquesta emblem\u00e0tica estructura, que alberga els Serveis Socials i <a class=\"mh-excerpt-more\" href=\"https:\/\/www.tucomarca.com\/wordpress\/segunda\/ca\/lajuntament-de-bunyol-inicia-la-reparacio-de-ledifici-el-portal-pels-danys-en-la-seua-fonamentacio-despres-de-la-dana\/\" title=\"L&#8217;Ajuntament de Bunyol inicia la reparaci\u00f3 de l&#8217;edifici El Portal pels danys en la seua fonamentaci\u00f3 despr\u00e9s de la DANA\">[+] <\/a><\/div>\n","protected":false},"author":12,"featured_media":255839,"comment_status":"open","ping_status":"open","sticky":false,"template":"","format":"gallery","meta":{"footnotes":""},"categories":[10911,21466,10948,10894,10904,10912,10947,10896],"tags":[10913,15409,10914,12859],"class_list":{"0":"post-255846","1":"post","2":"type-post","3":"status-publish","4":"format-gallery","5":"has-post-thumbnail","7":"category-bunol-ca","8":"category-dana-ca","9":"category-infraestructuras-ca","10":"category-la-comarca-ca","11":"category-sin-categorizar-ca","12":"category-la-hoya-ca","13":"category-politica","14":"category-seccion-ca","15":"tag-bunol-ca","16":"tag-dana-2-ca","17":"tag-la-hoya-de-bunol-chiva-ca","18":"tag-obras-ca","19":"post_format-post-format-gallery"},"_links":{"self":[{"href":"https:\/\/www.tucomarca.com\/wordpress\/segunda\/ca\/wp-json\/wp\/v2\/posts\/255846","targetHints":{"allow":["GET"]}}],"collection":[{"href":"https:\/\/www.tucomarca.com\/wordpress\/segunda\/ca\/wp-json\/wp\/v2\/posts"}],"about":[{"href":"https:\/\/www.tucomarca.com\/wordpress\/segunda\/ca\/wp-json\/wp\/v2\/types\/post"}],"author":[{"embeddable":true,"href":"https:\/\/www.tucomarca.com\/wordpress\/segunda\/ca\/wp-json\/wp\/v2\/users\/12"}],"replies":[{"embeddable":true,"href":"https:\/\/www.tucomarca.com\/wordpress\/segunda\/ca\/wp-json\/wp\/v2\/comments?post=255846"}],"version-history":[{"count":0,"href":"https:\/\/www.tucomarca.com\/wordpress\/segunda\/ca\/wp-json\/wp\/v2\/posts\/255846\/revisions"}],"wp:featuredmedia":[{"embeddable":true,"href":"https:\/\/www.tucomarca.com\/wordpress\/segunda\/ca\/wp-json\/wp\/v2\/media\/255839"}],"wp:attachment":[{"href":"https:\/\/www.tucomarca.com\/wordpress\/segunda\/ca\/wp-json\/wp\/v2\/media?parent=255846"}],"wp:term":[{"taxonomy":"category","embeddable":true,"href":"https:\/\/www.tucomarca.com\/wordpress\/segunda\/ca\/wp-json\/wp\/v2\/categories?post=255846"},{"taxonomy":"post_tag","embeddable":true,"href":"https:\/\/www.tucomarca.com\/wordpress\/segunda\/ca\/wp-json\/wp\/v2\/tags?post=255846"}],"curies":[{"name":"wp","href":"https:\/\/api.w.org\/{rel}","templated":true}]}}