{"id":255983,"date":"2025-02-28T13:00:00","date_gmt":"2025-02-28T12:00:00","guid":{"rendered":"https:\/\/www.tucomarca.com\/wordpress\/segunda\/?p=255983"},"modified":"2025-02-28T19:40:46","modified_gmt":"2025-02-28T18:40:46","slug":"xest-dona-llum-verda-a-laprovacio-provisional-del-pressupost-2025","status":"publish","type":"post","link":"https:\/\/www.tucomarca.com\/wordpress\/segunda\/ca\/xest-dona-llum-verda-a-laprovacio-provisional-del-pressupost-2025\/","title":{"rendered":"Xest dona llum verda a l&#8217;aprovaci\u00f3 provisional del pressupost 2025"},"content":{"rendered":"\n<p>Dimecres passat, 26 de febrer, es va celebrar el ple ordinari del mes en curs, en el qual es va aprovar de manera provisional el pressupost municipal 2025 i plantilla de personal, una moci\u00f3 d&#8217;Esquerra Unida relativa a la regulaci\u00f3 de la instal\u00b7laci\u00f3 d&#8217;empreses fotovoltaiques en s\u00f2l no urbanitzable i reconeixements extrajudicials de cr\u00e8dit per a pagar factures a prove\u00efdors.<\/p>\n\n\n\n<p><strong>Pressupostos<\/strong><\/p>\n\n\n\n<p>La Regidora d&#8217;Hisenda, M\u00aa \u00c1ngeles Llorente va detallar algunes xifres globals del pressupost, com els imports totals corresponents a les despeses i als ingressos, l&#8217;import dels quals ascendeix, en tots dos casos, a 10.986.450,89 euros.<br>\u201cEls ingressos i les despeses s\u00f3n la mateixa quantitat, perqu\u00e8 aix\u00ed ha de ser. \u00c9s un pressupost molt semblant al de 2024 perqu\u00e8 enguany ens ha funcionat b\u00e9. Pretenem fonamentalment gestionar amb m\u00e9s rapidesa, amb m\u00e9s efic\u00e0cia i de manera solvent, com sempre\u201d, va explicar Llorente.<br>Per part seua, el Portaveu del Partit Popular, Enrique Peinado, va argumentar el vot en contra del seu grup exposant una an\u00e0lisi dels pressupostos presentats, incidint, en primer lloc, en l&#8217;informe d&#8217;execuci\u00f3 de despeses del pressupost anterior, en el qual, segons va detallar, hi hauria un ter\u00e7 de les despeses sense executar. Peinado tamb\u00e9 va justificar el vot desfavorable basant-se en un possible increment de la pressi\u00f3 fiscal a la ciutadania i va q\u00fcestionar l&#8217;increment de la despesa en les taxes de les Escoles Esportives, en recaptaci\u00f3 o en Projecte europeus, entre altres.<br>\u201cNosaltres en totes les \u00e0rees de treball hem gastat tot el que ten\u00edem previst, en algunes molt m\u00e9s, \u00e9s molt probable que si ha quedat alguna cosa per gastar siga de la partida de personal, per les dificultats que tenim per a contractar, derivades de lleis que venen de l&#8217;Estat i de fa molt temps. Un pressupost \u00e9s una previsi\u00f3 i quan acabem la liquidaci\u00f3 presentarem, amb una an\u00e0lisi molt detallada, la qual cosa no s&#8217;ha gastat, i podrem analitzar el perqu\u00e8, ja que hi ha molts elements que condicionen eixe estalvi i que s&#8217;escapen de les nostres possibilitats\u201d, explicava Llorente.<br>L&#8217;alcalde, Jos\u00e9 Morell, per part seua, va respondre a l&#8217;an\u00e0lisi del grup Popular negant la pujada d&#8217;impostos i argumentant l&#8217;increment de les despeses assenyalades. \u201cNo hem pujat les taxes de l&#8217;IBI i de l&#8217;IAE mai, de fet la passada legislatura les vam baixar; una altra cosa \u00e9s que es recapte m\u00e9s, per\u00f2 aix\u00f2 \u00e9s per un altre motius. Quant a la taxa d&#8217;activitats de les Escoles esportives municipals, la difer\u00e8ncia est\u00e0 en el fet que les fam\u00edlies en lloc de pagar a l&#8217;Associaci\u00f3 de monitors, ara pagaran a l&#8217;Ajuntament i, per aix\u00f2, apareixen ara en el pressupost. D&#8217;altra banda, l&#8217;augment de la despesa en recaptaci\u00f3 ve justificat per l&#8217;efic\u00e0cia del registrador de la propietat responsable del servei, ja que est\u00e0 tramitant plusv\u00e0lues d&#8217;anys anteriors tamb\u00e9, i com el seu guany \u00e9s percentual, sembla que ens estiguem gastant m\u00e9s\u201d.<\/p>\n\n\n\n<p>A m\u00e9s, Morell va assenyalar que la partida de Projectes europeus t\u00e9 com a objectiu posar en marxa una licitaci\u00f3 perqu\u00e8 l&#8217;Ajuntament aconseguisca m\u00e9s finan\u00e7ament, i va concloure el seu defensa del pressupost posant en relleu les subvencions previstes. \u201cL&#8217;acci\u00f3 d&#8217;aquest govern no es podr\u00e0 jutjar nom\u00e9s pel que tenim en aquest pressupost sin\u00f3 per les subvencions que estem tramitant, que \u00e9s una a q\u00fcesti\u00f3 ingent. Respecte a les inversions, enguany ens ingressar\u00e0 el Govern d&#8217;Espanya 14 milions d&#8217;euros per a reconstruir despr\u00e9s de la DANA, encara que segur que arriben m\u00e9s subvencions\u201d, manifestava l&#8217;alcalde.<\/p>\n\n\n\n<p><strong>Moci\u00f3 d&#8217;IU<\/strong><\/p>\n\n\n\n<p>La portaveu d&#8217;Esquerra Unida, M\u00aa \u00c1ngeles Llorente, va proposar l&#8217;aprovaci\u00f3 de la moci\u00f3 elaborada per Esquerra Unida Xiva amb l&#8217;objectiu de sol\u00b7licitar a la Generalitat mesures de regulaci\u00f3 de la instal\u00b7laci\u00f3 d&#8217;empreses fotovoltaiques en el s\u00f2l no urbanitzable protegit dels municipis. \u201cPortem la moci\u00f3 per solidaritat amb els nostres companys i perqu\u00e8 encara que ara no ens afecte, \u00e9s una cosa que ens beneficia a tots\u201d, explicava Llorente.<br>Aquest punt es va aprovar amb els vots en contra del partit Popular, que va argumentar que no afectava a Xest.<\/p>\n\n\n\n<p><strong>Licitacions en proc\u00e9s<\/strong><\/p>\n\n\n\n<p>En assumptes d&#8217;alcaldia, Morell va informar del proc\u00e9s de licitaci\u00f3 de les obres de clavegueram del carrer Llorer, explicant que s&#8217;han presentat tres empreses i que la mesa de contractaci\u00f3 ja ha proposat a una d&#8217;elles. \u201cSi tot \u00e9s perfecte, en un mes comen\u00e7aran les obres; per\u00f2 si comencen a rec\u00f3rrer, no podem preveure fins quan es retardar\u00e0 l&#8217;inici. Aquest projecte \u00e9s molt important per als ve\u00efns i \u00e9s la pedra angular del Pla antinundaciones de la localitat\u201d, apuntava l&#8217;alcalde. \u201cLa licitaci\u00f3 del tema de l&#8217;Esport \u00e9s una cosa que tamb\u00e9 preocupa, aix\u00ed que informem que en uns 15 dies, m\u00e9s o menys, tamb\u00e9 es far\u00e0 l&#8217;adjudicaci\u00f3\u201d.<\/p>\n\n\n\n<p><\/p>\n","protected":false},"excerpt":{"rendered":"<div class=\"mh-excerpt\">Dimecres passat, 26 de febrer, es va celebrar el ple ordinari del mes en curs, en el qual es va aprovar de manera provisional el pressupost municipal 2025 i plantilla de personal, una moci\u00f3 d&#8217;Esquerra <a class=\"mh-excerpt-more\" href=\"https:\/\/www.tucomarca.com\/wordpress\/segunda\/ca\/xest-dona-llum-verda-a-laprovacio-provisional-del-pressupost-2025\/\" title=\"Xest dona llum verda a l&#8217;aprovaci\u00f3 provisional del pressupost 2025\">[+] <\/a><\/div>\n","protected":false},"author":12,"featured_media":255982,"comment_status":"open","ping_status":"open","sticky":false,"template":"","format":"standard","meta":{"footnotes":""},"categories":[10948,10894,10912,10947,10896,10974],"tags":[11071,10914,21952],"class_list":{"0":"post-255983","1":"post","2":"type-post","3":"status-publish","4":"format-standard","5":"has-post-thumbnail","7":"category-infraestructuras-ca","8":"category-la-comarca-ca","9":"category-la-hoya-ca","10":"category-politica","11":"category-seccion-ca","12":"category-cheste-ca","13":"tag-cheste","14":"tag-la-hoya-de-bunol-chiva-ca","15":"tag-presupuesto-2025-ca"},"_links":{"self":[{"href":"https:\/\/www.tucomarca.com\/wordpress\/segunda\/ca\/wp-json\/wp\/v2\/posts\/255983","targetHints":{"allow":["GET"]}}],"collection":[{"href":"https:\/\/www.tucomarca.com\/wordpress\/segunda\/ca\/wp-json\/wp\/v2\/posts"}],"about":[{"href":"https:\/\/www.tucomarca.com\/wordpress\/segunda\/ca\/wp-json\/wp\/v2\/types\/post"}],"author":[{"embeddable":true,"href":"https:\/\/www.tucomarca.com\/wordpress\/segunda\/ca\/wp-json\/wp\/v2\/users\/12"}],"replies":[{"embeddable":true,"href":"https:\/\/www.tucomarca.com\/wordpress\/segunda\/ca\/wp-json\/wp\/v2\/comments?post=255983"}],"version-history":[{"count":0,"href":"https:\/\/www.tucomarca.com\/wordpress\/segunda\/ca\/wp-json\/wp\/v2\/posts\/255983\/revisions"}],"wp:featuredmedia":[{"embeddable":true,"href":"https:\/\/www.tucomarca.com\/wordpress\/segunda\/ca\/wp-json\/wp\/v2\/media\/255982"}],"wp:attachment":[{"href":"https:\/\/www.tucomarca.com\/wordpress\/segunda\/ca\/wp-json\/wp\/v2\/media?parent=255983"}],"wp:term":[{"taxonomy":"category","embeddable":true,"href":"https:\/\/www.tucomarca.com\/wordpress\/segunda\/ca\/wp-json\/wp\/v2\/categories?post=255983"},{"taxonomy":"post_tag","embeddable":true,"href":"https:\/\/www.tucomarca.com\/wordpress\/segunda\/ca\/wp-json\/wp\/v2\/tags?post=255983"}],"curies":[{"name":"wp","href":"https:\/\/api.w.org\/{rel}","templated":true}]}}