{"id":256043,"date":"2025-02-28T08:00:00","date_gmt":"2025-02-28T07:00:00","guid":{"rendered":"https:\/\/www.tucomarca.com\/wordpress\/segunda\/?p=256043"},"modified":"2025-02-28T19:56:29","modified_gmt":"2025-02-28T18:56:29","slug":"iab-demana-la-dimissio-de-lalcaldessa-de-bunyol-per-la-seua-gestio-de-lamenaca-contra-els-centres-educatius","status":"publish","type":"post","link":"https:\/\/www.tucomarca.com\/wordpress\/segunda\/ca\/iab-demana-la-dimissio-de-lalcaldessa-de-bunyol-per-la-seua-gestio-de-lamenaca-contra-els-centres-educatius\/","title":{"rendered":"IAB demana la dimissi\u00f3 de l&#8217;alcaldessa de Bunyol &#8220;per la seua gesti\u00f3 de l&#8217;amena\u00e7a contra els centres educatius&#8221;"},"content":{"rendered":"\n<p>&#8220;L&#8217;alcaldessa de Bunyol \u00e9s la competent exclusiva per a determinar la suspensi\u00f3 o no de les classes, una vegada m\u00e9s en quatre mesos, executa tard i malament la seua compet\u00e8ncia generant un caos i una situaci\u00f3 dantesca agreujant amb la seua decisi\u00f3 una situaci\u00f3 de per si mateix an\u00f2mala i extraordin\u00e0ria. No estem en bones mans&#8221;, tal com han assegurat des d&#8217;Esquerra Alternativa de Bunyol (IAB) en un comunicat.&nbsp;&nbsp;<\/p>\n\n\n\n<p>&#8220;Quan per segona vegada despr\u00e9s del succe\u00eft en la DANA el 29 d&#8217;octubre, l&#8217;alcaldessa no pren la decisi\u00f3 m\u00e9s prudent i l\u00f2gica i posa en risc evident als alumnes i alumnes, al professorat i crea amb la seua decisi\u00f3 un caos a Bunyol \u00e9s hora de demanar-li que es vaja per la seua manifesta incompet\u00e8ncia. No \u00e9s una q\u00fcesti\u00f3 ideol\u00f2gica, \u00e9s una q\u00fcesti\u00f3 d&#8217;assumir els errors i recon\u00e9ixer que la vara de comandament li ve molt gran&#8221;, afigen.&nbsp;&nbsp;<\/p>\n\n\n\n<p>&#8220;El motiu clar \u00e9s que l&#8217;alcaldessa de Bunyol era coneixedora del mail amena\u00e7ador a les 07,15 hores, una situaci\u00f3 que fora de valoracions convidava per l&#8217;entitat de l&#8217;amena\u00e7a a suspendre les classes. Per\u00f2 no, delegant la seua decisi\u00f3 en la Gu\u00e0rdia Civil, va ocultar una situaci\u00f3 que va anar agreujant-se amb l&#8217;obertura dels tres col\u00b7legis i que no hi ha sigil que puga ocultar que la situaci\u00f3 era de tot plens normal&#8221;, sempre segons IAB.&nbsp;&nbsp;<\/p>\n\n\n\n<p>&#8220;Quan l&#8217;alcaldessa va cridar al nostre portaveu a les 9,42 hores per a explicar-li la situaci\u00f3 i transmetre-li que havia decidit suspendre classes en eixe moment, el nostre portaveu estava ja de cam\u00ed a l&#8217;Institut per a arreplegar al seu fill perqu\u00e8 la not\u00edcia ja portava temps circulant. Ja l&#8217;estrat\u00e8gia seguida per l&#8217;Alcaldia era err\u00f2nia perqu\u00e8 s&#8217;havia deslligat la hist\u00e8ria, la l\u00f2gica por, i es posava en risc per segona vegada als nostres fills i filles ja molts anant pels carrers sense que s&#8217;haguera detingut a l&#8217;autor de les amenaces&#8221;.&nbsp;<\/p>\n\n\n\n<p>&#8220;La desconfian\u00e7a en la m\u00e0xima responsable del poble \u00e9s total i per tant no t\u00e9 cap credibilitat, les seues crides tardanes a l&#8217;oposici\u00f3, i el v\u00eddeo nom\u00e9s indueixen al fet que ja estava excusant-se per la seua mala decisi\u00f3. Una vegada m\u00e9s, no hem hagut de lamentar conseq\u00fc\u00e8ncies greus, per\u00f2 tant el dia de la DANA on IAB li va demanar la suspensi\u00f3 de classes a les 6,32 hores i ho va fer un minut abans de comen\u00e7ar les classes de l&#8217;Institut com en el dia d&#8217;ahir queda demostrada la incapacitat de la m\u00e0xima dirigent i responsable de Bunyol per a prendre la decisi\u00f3 m\u00e9s prudent i menys perjudicial, no \u00e9s pol\u00edtica, \u00e9s sentit comuna. Per tot l&#8217;exposat, i perqu\u00e8 Bunyol no pot esperar que succe\u00efsca una tercera vegada demanem a Virginia Sanz que assumisca els seus errors i dimitisca com a Regidora d&#8217;Educaci\u00f3 i Alcaldessa de Bunyol&#8221;, finalitzen des de IAB.<\/p>\n","protected":false},"excerpt":{"rendered":"<div class=\"mh-excerpt\">&#8220;L&#8217;alcaldessa de Bunyol \u00e9s la competent exclusiva per a determinar la suspensi\u00f3 o no de les classes, una vegada m\u00e9s en quatre mesos, executa tard i malament la seua compet\u00e8ncia generant un caos i una <a class=\"mh-excerpt-more\" href=\"https:\/\/www.tucomarca.com\/wordpress\/segunda\/ca\/iab-demana-la-dimissio-de-lalcaldessa-de-bunyol-per-la-seua-gestio-de-lamenaca-contra-els-centres-educatius\/\" title=\"IAB demana la dimissi\u00f3 de l&#8217;alcaldessa de Bunyol &#8220;per la seua gesti\u00f3 de l&#8217;amena\u00e7a contra els centres educatius&#8221;\">[+] <\/a><\/div>\n","protected":false},"author":1,"featured_media":108728,"comment_status":"open","ping_status":"open","sticky":false,"template":"","format":"standard","meta":{"footnotes":""},"categories":[10911,10894,10912,10947,10896],"tags":[10913,10914],"class_list":{"0":"post-256043","1":"post","2":"type-post","3":"status-publish","4":"format-standard","5":"has-post-thumbnail","7":"category-bunol-ca","8":"category-la-comarca-ca","9":"category-la-hoya-ca","10":"category-politica","11":"category-seccion-ca","12":"tag-bunol-ca","13":"tag-la-hoya-de-bunol-chiva-ca"},"_links":{"self":[{"href":"https:\/\/www.tucomarca.com\/wordpress\/segunda\/ca\/wp-json\/wp\/v2\/posts\/256043","targetHints":{"allow":["GET"]}}],"collection":[{"href":"https:\/\/www.tucomarca.com\/wordpress\/segunda\/ca\/wp-json\/wp\/v2\/posts"}],"about":[{"href":"https:\/\/www.tucomarca.com\/wordpress\/segunda\/ca\/wp-json\/wp\/v2\/types\/post"}],"author":[{"embeddable":true,"href":"https:\/\/www.tucomarca.com\/wordpress\/segunda\/ca\/wp-json\/wp\/v2\/users\/1"}],"replies":[{"embeddable":true,"href":"https:\/\/www.tucomarca.com\/wordpress\/segunda\/ca\/wp-json\/wp\/v2\/comments?post=256043"}],"version-history":[{"count":0,"href":"https:\/\/www.tucomarca.com\/wordpress\/segunda\/ca\/wp-json\/wp\/v2\/posts\/256043\/revisions"}],"wp:featuredmedia":[{"embeddable":true,"href":"https:\/\/www.tucomarca.com\/wordpress\/segunda\/ca\/wp-json\/wp\/v2\/media\/108728"}],"wp:attachment":[{"href":"https:\/\/www.tucomarca.com\/wordpress\/segunda\/ca\/wp-json\/wp\/v2\/media?parent=256043"}],"wp:term":[{"taxonomy":"category","embeddable":true,"href":"https:\/\/www.tucomarca.com\/wordpress\/segunda\/ca\/wp-json\/wp\/v2\/categories?post=256043"},{"taxonomy":"post_tag","embeddable":true,"href":"https:\/\/www.tucomarca.com\/wordpress\/segunda\/ca\/wp-json\/wp\/v2\/tags?post=256043"}],"curies":[{"name":"wp","href":"https:\/\/api.w.org\/{rel}","templated":true}]}}