{"id":256049,"date":"2025-02-28T18:00:00","date_gmt":"2025-02-28T17:00:00","guid":{"rendered":"https:\/\/www.tucomarca.com\/wordpress\/segunda\/?p=256049"},"modified":"2025-02-28T20:16:59","modified_gmt":"2025-02-28T19:16:59","slug":"camarero-els-missatges-de-la-aemet-ratifiquen-que-les-agencies-del-govern-despanya-no-van-alertar-del-desbordament-del-pedris","status":"publish","type":"post","link":"https:\/\/www.tucomarca.com\/wordpress\/segunda\/ca\/camarero-els-missatges-de-la-aemet-ratifiquen-que-les-agencies-del-govern-despanya-no-van-alertar-del-desbordament-del-pedris\/","title":{"rendered":"Camarero: &#8220;Els missatges de la Aemet ratifiquen que les ag\u00e8ncies del govern d&#8217;Espanya no van alertar del desbordament del Poyo&#8221;"},"content":{"rendered":"\n<h3 class=\"wp-block-heading\">Susana Camarero ha criticat que l&#8217;Administraci\u00f3 estatal &#8220;eludisca les seues responsabilitats quan era l&#8217;encarregada d&#8217;informar de la situaci\u00f3 real del que estava ocorrent el 29 d&#8217;octubre&#8221;.<\/h3>\n\n\n\n<p>La vicepresidenta del Consell, Susana Camarero, ha manifestat que les informacions aportades pels missatges que el cap de Climatologia de l&#8217;Ag\u00e8ncia Estatal de Meteorologia (Aemet) en la Comunitat Valenciana va comunicar als seus companys el 29 d&#8217;octubre, &#8220;ratifiquen que els organismes i les ag\u00e8ncies estales no van alertar del desbordament del Poyo&#8221;.<\/p>\n\n\n\n<p>Susana Camarero ha subratllat &#8220;que la Aemet acaba de mostrar una prova gr\u00e0fica del que porta sostenint la Generalitat des del principi i \u00e9s que, en cap moment, ni la Confederaci\u00f3 Hidrogr\u00e0fica del X\u00faquer \u00a0ni la delegada del Govern van parlar en el Cecopi del letal desbordament barranc del Poyo&#8221;.<\/p>\n\n\n\n<p>&#8220;Tots els missatges del cap de Aemet en la Comunitat Valenciana fan refer\u00e8ncia al riu Magre i a la presa de Forata i no esmenten el barranc del Poyo. Eixos missatges deixen en evid\u00e8ncia a la delegada del Govern, Pilar Bernab\u00e9; al secretari d&#8217;Estat de Medi Ambient, Hugo Mor\u00e1n, i a tot el Govern d&#8217;Espanya, que va fallar en les seues previsions i que no va alertar a la direcci\u00f3 de l&#8217;emerg\u00e8ncia del Cecopi adequadament, ha assegurat la vicepresidenta.\u00a0<\/p>\n\n\n\n<p>En aquest sentit, Susana Camarero ha incidit en qu\u00e8 el CECOPI &#8220;va actuar d&#8217;acord amb la informaci\u00f3 que se li subministrava per la Aemet i la \u00a0CHJ&#8221;; i ha criticat que l&#8217;Administraci\u00f3 estatal &#8220;estiga eludint les seues responsabilitats quan era l&#8217;encarregada d&#8217;informar de la situaci\u00f3 real del que estava ocorrent eixe dia. No ho sabien, no eren conscients del que estava passant com a prova que des de la Direcci\u00f3 General de Tr\u00e0nsit no s&#8217;estigueren tallant carreteres ni se suspenguera el tr\u00e0nsit ferroviari de l&#8217;AVE fins al cap de que s&#8217;haguera desbordat el barranc\u201d, ha recordat.\u00a0<\/p>\n\n\n\n<p><strong>El desbordament del Poyo es va cobrar la major part dels 224 morts<\/strong><\/p>\n\n\n\n<p>Fonts del Consell tamb\u00e9 han posat l&#8217;accent en el fet que des de la Aemet &#8220;mai es va avisar al CECOPI de la situaci\u00f3 del barranc del Pedr\u00eds, el desbordament del qual es va cobrar la major part dels 224 morts i tres desapareguts a la prov\u00edncia de Val\u00e8ncia&#8221;.<\/p>\n\n\n\n<p>Els Whatsapps del cap de la Aemet &#8220;demostren que en cap moment es va parlar del barranc del Poyo en el CECOPI, i que la prioritat de totes les entitats presents en la reuni\u00f3 del centre de coordinaci\u00f3 d&#8217;emerg\u00e8ncies el passat 29 d&#8217;octubre era la situaci\u00f3 de la presa de Forata, com porta sostenint la Generalitat des del principi.&#8221;.<\/p>\n\n\n\n<p>&#8220;No es va poder manar l&#8217;alerta de la poblaci\u00f3 a temps perqu\u00e8 la CHJ, que havia de vigilar el cabal del Barranc, no el va esmentar ni una sola vegada en tota la vesprada. No ho diu la Generalitat, ho confirma una ag\u00e8ncia del Govern d&#8217;Espanya. I els WhatsApp tamb\u00e9 demostren que el Ministeri no es va plantejar cancel\u00b7lar l&#8217;AVE fins a passades les 19,00 hores&#8221;.<\/p>\n","protected":false},"excerpt":{"rendered":"<div class=\"mh-excerpt\">Susana Camarero ha criticat que l&#8217;Administraci\u00f3 estatal &#8220;eludisca les seues responsabilitats quan era l&#8217;encarregada d&#8217;informar de la situaci\u00f3 real del que estava ocorrent el 29 d&#8217;octubre&#8221;. La vicepresidenta del Consell, Susana Camarero, ha manifestat que <a class=\"mh-excerpt-more\" href=\"https:\/\/www.tucomarca.com\/wordpress\/segunda\/ca\/camarero-els-missatges-de-la-aemet-ratifiquen-que-les-agencies-del-govern-despanya-no-van-alertar-del-desbordament-del-pedris\/\" title=\"Camarero: &#8220;Els missatges de la Aemet ratifiquen que les ag\u00e8ncies del govern d&#8217;Espanya no van alertar del desbordament del Poyo&#8221;\">[+] <\/a><\/div>\n","protected":false},"author":1,"featured_media":256047,"comment_status":"open","ping_status":"open","sticky":false,"template":"","format":"standard","meta":{"footnotes":""},"categories":[21466,10898,10948,10894,10904,10912,10903,10947,10896,10897],"tags":[21956,15409,21463,11498,11199,21957,21391],"class_list":{"0":"post-256049","1":"post","2":"type-post","3":"status-publish","4":"format-standard","5":"has-post-thumbnail","7":"category-dana-ca","8":"category-ventana-ca","9":"category-infraestructuras-ca","10":"category-la-comarca-ca","11":"category-sin-categorizar-ca","12":"category-la-hoya-ca","13":"category-medio-ambiente-la-comarca-ca","14":"category-politica","15":"category-seccion-ca","16":"category-sucesos-la-comarca-ca","17":"tag-barranco-ca","18":"tag-dana-2-ca","19":"tag-embalse-de-forata-ca","20":"tag-generalitat-valenciana-ca","21":"tag-la-comunitat-ca","22":"tag-poyo-ca","23":"tag-susana-camarero-ca"},"_links":{"self":[{"href":"https:\/\/www.tucomarca.com\/wordpress\/segunda\/ca\/wp-json\/wp\/v2\/posts\/256049","targetHints":{"allow":["GET"]}}],"collection":[{"href":"https:\/\/www.tucomarca.com\/wordpress\/segunda\/ca\/wp-json\/wp\/v2\/posts"}],"about":[{"href":"https:\/\/www.tucomarca.com\/wordpress\/segunda\/ca\/wp-json\/wp\/v2\/types\/post"}],"author":[{"embeddable":true,"href":"https:\/\/www.tucomarca.com\/wordpress\/segunda\/ca\/wp-json\/wp\/v2\/users\/1"}],"replies":[{"embeddable":true,"href":"https:\/\/www.tucomarca.com\/wordpress\/segunda\/ca\/wp-json\/wp\/v2\/comments?post=256049"}],"version-history":[{"count":0,"href":"https:\/\/www.tucomarca.com\/wordpress\/segunda\/ca\/wp-json\/wp\/v2\/posts\/256049\/revisions"}],"wp:featuredmedia":[{"embeddable":true,"href":"https:\/\/www.tucomarca.com\/wordpress\/segunda\/ca\/wp-json\/wp\/v2\/media\/256047"}],"wp:attachment":[{"href":"https:\/\/www.tucomarca.com\/wordpress\/segunda\/ca\/wp-json\/wp\/v2\/media?parent=256049"}],"wp:term":[{"taxonomy":"category","embeddable":true,"href":"https:\/\/www.tucomarca.com\/wordpress\/segunda\/ca\/wp-json\/wp\/v2\/categories?post=256049"},{"taxonomy":"post_tag","embeddable":true,"href":"https:\/\/www.tucomarca.com\/wordpress\/segunda\/ca\/wp-json\/wp\/v2\/tags?post=256049"}],"curies":[{"name":"wp","href":"https:\/\/api.w.org\/{rel}","templated":true}]}}