{"id":256117,"date":"2025-03-02T07:00:00","date_gmt":"2025-03-02T06:00:00","guid":{"rendered":"https:\/\/www.tucomarca.com\/wordpress\/segunda\/?p=256117"},"modified":"2025-03-01T19:15:25","modified_gmt":"2025-03-01T18:15:25","slug":"el-govern-de-sanchez-paga-el-788-de-les-ajudes-de-la-dana-enfront-del-46-abonades-ja-pel-consell-de-mazon","status":"publish","type":"post","link":"https:\/\/www.tucomarca.com\/wordpress\/segunda\/ca\/el-govern-de-sanchez-paga-el-788-de-les-ajudes-de-la-dana-enfront-del-46-abonades-ja-pel-consell-de-mazon\/","title":{"rendered":"El Govern de S\u00e1nchez paga el 7,88% de les ajudes de la DANA enfront del 46% abonades ja pel Consell de Maz\u00f3n"},"content":{"rendered":"\n<p>Fuentes de l&#8217;executiu valenci\u00e0 han criticat p\u00fablicament que el Govern de la naci\u00f3, que presideix Pedro S\u00e1nchez, &#8220;nom\u00e9s haja abonat el 7,88% de les ajudes sol\u00b7licitades, enfront del 46% per part de la Generalitat&#8221;, segons han quantificat.<\/p>\n\n\n\n<p>&#8220;En comparaci\u00f3 amb l&#8217;Estat, aquestes dades certifiquen que la Generalitat Valenciana ha actuat amb rapidesa i efici\u00e8ncia en la gesti\u00f3 de les ajudes, assegurant que els diners arribe com m\u00e9s prompte millor als afectats i promovent la recuperaci\u00f3 econ\u00f2mica en la Comunitat Valenciana&#8221;, tal com han afegit.&nbsp;<\/p>\n\n\n\n<p>A m\u00e9s, les fonts del Consel han retret &#8220;que algunes ajudes del Govern estiguen condicionades i porten aparellades el pagament d&#8217;impostos, com \u00e9s el cas de les ajudes per a la compra de vehicles. L&#8217;Administraci\u00f3 central nom\u00e9s dona ajudes per la p\u00e8rdua de vehicles amb motiu de la riuada si el sol\u00b7licitant es compra un altre cotxe&#8221;. Perqu\u00e8, com han explicat, &#8220;la m\u00e0xima ajuda que donen est\u00e0 supeditada a l&#8217;adquisici\u00f3 d&#8217;un cotxe el\u00e8ctric nou, el preu del qual ronda els 50 mil euros i comporta el pagament de l&#8217;IVA corresponent&#8221;.<\/p>\n\n\n\n<p>Enfront d&#8217;aquesta situaci\u00f3, han remarcat que les ajudes del Consell per p\u00e8rdua de vehicles en la riuada &#8220;no estan condicionades a la compra d&#8217;un altre vehicle, i si una persona tenia m\u00e9s d&#8217;un cotxe al seu nom, se li concedeixen tantes ajudes com vehicles tenia en propietat&#8221;.<\/p>\n\n\n\n<p>&#8220;Per aix\u00f2 s&#8217;explica \u2014han afegit\u2014 la gran difer\u00e8ncia existent entre les peticions d&#8217;ajuda per aquest concepte entre Administracions. No en va, a l&#8217;Estat li han arribat 19.807 sol\u00b7licituds d&#8217;ajuda per a la compra de vehicles (de les quals nom\u00e9s s&#8217;han concedit, no se sap si s&#8217;han abonat), unes 2.465. Mentre que a la Generalitat han arribat m\u00e9s de 86.000 i ja s&#8217;han pagat 71.044&#8221;, segons han quantificat.<\/p>\n\n\n\n<p>&#8220;No \u00e9s acceptable \u2014subratllen\u2014 que quatre mesos despr\u00e9s de la riuada, per exemple, de l&#8217;Estat a penes hagen arribat 2.871 ajudes de primera necessitat als afectats per la DANA, enfront de les m\u00e9s de 22.000 de la Generalitat. Per aquest mateix concepte, l&#8217;Administraci\u00f3 valenciana ja ha abonat 135 milions d&#8217;euros a les fam\u00edlies afectades&#8221;.<\/p>\n\n\n\n<p>&#8220;\u00c9s necessari recordar \u2014recorden\u2014 que les indemnitzacions del Consorci de Compensaci\u00f3 d&#8217;Assegurances no s\u00f3n ajudes directes ni indirectes del Govern, no procedeixen de l\u00ednies pressupost\u00e0ries obertes per a afrontar les conseq\u00fc\u00e8ncies de la riuada, sin\u00f3 que s\u00f3n tramitades, gestionades i abonades pel Consorci, no pel Govern central&#8221;.<\/p>\n\n\n\n<p>Des del Consell recorden tam b\u00e9 que l&#8217;Estat &#8220;t\u00e9 un pressupost d&#8217;uns 386.000 milions d&#8217;euros i una \u00e0mplia capacitat de finan\u00e7ament i d&#8217;endeutament, mentre que la Generalitat Valenciana disposa d&#8217;un pressupost de 31.500 milions (12 vegades menys), amb una capacitat de finan\u00e7ament i d&#8217;endeutament molt limitades, per la qual cosa l&#8217;esfor\u00e7 d&#8217;ajuda i reparaci\u00f3 del Govern valenci\u00e0 \u00e9s molt major que el que est\u00e0 realitzant el Govern de S\u00e1nchez&#8221;.<\/p>\n\n\n\n<p>Aix\u00ed mateix, des de la Generalitat Valenciana ha criticat que segueixen &#8220;sense rebre les ajudes a fons perdut que ha sol\u00b7licitat al Govern per a costejar la reconstrucci\u00f3 a les comarques afectades, uns diners claus per a la reparaci\u00f3 i posada en marxa de col\u00b7legis, instituts, centres de salut, resid\u00e8ncies, etc\u00e8tera&#8221;.<\/p>\n\n\n\n<p>Pel seu aix\u00f2 fora poc, des del Consell recorden que el Govern &#8220;ha excl\u00f2s a 28 municipis valencians, amb una poblaci\u00f3 conjunta de 80.000 persones, del pla d&#8217;ajudes per a la reconstrucci\u00f3 d&#8217;infraestructures municipals. Resulta injust que aquestes 28 poblacions no tinguen acc\u00e9s a les ajudes estatals per a la seua reconstrucci\u00f3 malgrat els danys patits el passat 29 d&#8217;octubre&#8221;.<\/p>\n\n\n\n<p><\/p>\n\n\n\n<figure class=\"wp-block-image size-full\"><img loading=\"lazy\" decoding=\"async\" width=\"1896\" height=\"1137\" src=\"http:\/\/www.tucomarca.com\/wordpress\/segunda\/wp-content\/uploads\/2025\/03\/AyudasConsellFeb25.jpg\" alt=\"\" class=\"wp-image-256099\" srcset=\"https:\/\/www.tucomarca.com\/wordpress\/segunda\/wp-content\/uploads\/2025\/03\/AyudasConsellFeb25.jpg 1896w, https:\/\/www.tucomarca.com\/wordpress\/segunda\/wp-content\/uploads\/2025\/03\/AyudasConsellFeb25-300x180.jpg 300w, https:\/\/www.tucomarca.com\/wordpress\/segunda\/wp-content\/uploads\/2025\/03\/AyudasConsellFeb25-1024x614.jpg 1024w, https:\/\/www.tucomarca.com\/wordpress\/segunda\/wp-content\/uploads\/2025\/03\/AyudasConsellFeb25-768x461.jpg 768w, https:\/\/www.tucomarca.com\/wordpress\/segunda\/wp-content\/uploads\/2025\/03\/AyudasConsellFeb25-1536x921.jpg 1536w\" sizes=\"auto, (max-width: 1896px) 100vw, 1896px\" \/><\/figure>\n\n\n\n<p><\/p>\n\n\n\n<p><strong>Desglossament de les ajudes<\/strong><\/p>\n\n\n\n<p>El desglossament de les ajudes atorgades des de l&#8217;executiu valenci\u00e0 a conseq\u00fc\u00e8ncia dels efectes de la DANA, es resumeix en la seg\u00fcent relaci\u00f3:<\/p>\n\n\n\n<p>\u2022 Total d&#8217;ajudes previstes: 916,3 milions d&#8217;euros.<br>\u2022 Total d&#8217;ajudes sol\u00b7licitades: 154.882.<br>\u2022 Total d&#8217;ajudes pagades: 115.886.<br>\u2022 Import total pagat: 419,3 milions d&#8217;euros.<br>\u2022 Percentatge de diners pagats: 46%<br>\u2022 Percentatge d&#8217;ajudes resoltes: 75%.<\/p>\n\n\n\n<p>Els avantatges esgrimits per part de la Generalitat Valenciana enfront de les de l&#8217;Estat central, es resumeixen en les seg\u00fcents:<\/p>\n\n\n\n<p>1. &#8220;Major agilitat en la resoluci\u00f3 d&#8217;ajudes: El 75% de les ajudes sol\u00b7licitades ja estan resoltes, la qual cosa mostra una gesti\u00f3 m\u00e9s efica\u00e7 i r\u00e0pida que l&#8217;Estat&#8221;.<br>2. &#8220;Desemborsament efectiu: S&#8217;ha pagat el 46% de l&#8217;import comprom\u00e9s, la qual cosa indica que els diners est\u00e0 arribant realment als afectats&#8221;.<br>3. &#8220;Diversificaci\u00f3 d&#8217;ajudes: La Generalitat ha establit l\u00ednies espec\u00edfiques per a municipis, aut\u00f2noms amb i sense empleats, lloguer d&#8217;habitatge i b\u00e9ns de primera necessitat, cobrint un espectre ampli de necessitats&#8221;.<br>4. &#8220;Suport directe a afectats: L&#8217;ajuda per a b\u00e9ns de primera necessitat ha sigut la m\u00e9s demandada i ha tingut un alt nivell de pagament, demostrant una resposta immediata a les necessitats urgents.<br>5. Cobertura a empreses i aut\u00f2noms: S&#8217;han destinat m\u00e9s de 192 milions d&#8217;euros en ajudes espec\u00edfiques per a aut\u00f2noms i negocis afectats, facilitant la recuperaci\u00f3 econ\u00f2mica&#8221;.<\/p>\n","protected":false},"excerpt":{"rendered":"<div class=\"mh-excerpt\">Fuentes de l&#8217;executiu valenci\u00e0 han criticat p\u00fablicament que el Govern de la naci\u00f3, que presideix Pedro S\u00e1nchez, &#8220;nom\u00e9s haja abonat el 7,88% de les ajudes sol\u00b7licitades, enfront del 46% per part de la Generalitat&#8221;, segons <a class=\"mh-excerpt-more\" href=\"https:\/\/www.tucomarca.com\/wordpress\/segunda\/ca\/el-govern-de-sanchez-paga-el-788-de-les-ajudes-de-la-dana-enfront-del-46-abonades-ja-pel-consell-de-mazon\/\" title=\"El Govern de S\u00e1nchez paga el 7,88% de les ajudes de la DANA enfront del 46% abonades ja pel Consell de Maz\u00f3n\">[+] <\/a><\/div>\n","protected":false},"author":1,"featured_media":243227,"comment_status":"open","ping_status":"open","sticky":false,"template":"","format":"standard","meta":{"footnotes":""},"categories":[21466,10898,10948,10894,10904,10903,10947,10896,10897],"tags":[13821,15409,11498,11199],"class_list":{"0":"post-256117","1":"post","2":"type-post","3":"status-publish","4":"format-standard","5":"has-post-thumbnail","7":"category-dana-ca","8":"category-ventana-ca","9":"category-infraestructuras-ca","10":"category-la-comarca-ca","11":"category-sin-categorizar-ca","12":"category-medio-ambiente-la-comarca-ca","13":"category-politica","14":"category-seccion-ca","15":"category-sucesos-la-comarca-ca","16":"tag-ayudas-ca","17":"tag-dana-2-ca","18":"tag-generalitat-valenciana-ca","19":"tag-la-comunitat-ca"},"_links":{"self":[{"href":"https:\/\/www.tucomarca.com\/wordpress\/segunda\/ca\/wp-json\/wp\/v2\/posts\/256117","targetHints":{"allow":["GET"]}}],"collection":[{"href":"https:\/\/www.tucomarca.com\/wordpress\/segunda\/ca\/wp-json\/wp\/v2\/posts"}],"about":[{"href":"https:\/\/www.tucomarca.com\/wordpress\/segunda\/ca\/wp-json\/wp\/v2\/types\/post"}],"author":[{"embeddable":true,"href":"https:\/\/www.tucomarca.com\/wordpress\/segunda\/ca\/wp-json\/wp\/v2\/users\/1"}],"replies":[{"embeddable":true,"href":"https:\/\/www.tucomarca.com\/wordpress\/segunda\/ca\/wp-json\/wp\/v2\/comments?post=256117"}],"version-history":[{"count":0,"href":"https:\/\/www.tucomarca.com\/wordpress\/segunda\/ca\/wp-json\/wp\/v2\/posts\/256117\/revisions"}],"wp:featuredmedia":[{"embeddable":true,"href":"https:\/\/www.tucomarca.com\/wordpress\/segunda\/ca\/wp-json\/wp\/v2\/media\/243227"}],"wp:attachment":[{"href":"https:\/\/www.tucomarca.com\/wordpress\/segunda\/ca\/wp-json\/wp\/v2\/media?parent=256117"}],"wp:term":[{"taxonomy":"category","embeddable":true,"href":"https:\/\/www.tucomarca.com\/wordpress\/segunda\/ca\/wp-json\/wp\/v2\/categories?post=256117"},{"taxonomy":"post_tag","embeddable":true,"href":"https:\/\/www.tucomarca.com\/wordpress\/segunda\/ca\/wp-json\/wp\/v2\/tags?post=256117"}],"curies":[{"name":"wp","href":"https:\/\/api.w.org\/{rel}","templated":true}]}}