{"id":256153,"date":"2025-03-02T16:00:00","date_gmt":"2025-03-02T15:00:00","guid":{"rendered":"https:\/\/www.tucomarca.com\/wordpress\/segunda\/?p=256153"},"modified":"2025-03-02T16:05:06","modified_gmt":"2025-03-02T15:05:06","slug":"emergencies-alerta-sobre-lepisodi-de-pluges-generalitzades-i-persistents-que-sintensifiquen-a-partir-daquest-dilluns-en-la-comunitat","status":"publish","type":"post","link":"https:\/\/www.tucomarca.com\/wordpress\/segunda\/ca\/emergencies-alerta-sobre-lepisodi-de-pluges-generalitzades-i-persistents-que-sintensifiquen-a-partir-daquest-dilluns-en-la-comunitat\/","title":{"rendered":"Emerg\u00e8ncies alerta sobre l&#8217;episodi de pluges generalitzades i persistents que s&#8217;intensifiquen a partir d&#8217;aquest dilluns en la Comunitat"},"content":{"rendered":"\n<p>Des de l&#8217;Ag\u00e8ncia Valenciana de Seguretat i Resposta a les Emerg\u00e8ncies s&#8217;ha em\u00e9s un av\u00eds especial sobre l&#8217;episodi de pluges generalitzades i persistents que afectaran la Comunitat Valenciana a partir d&#8217;aquest diumenge.<\/p>\n\n\n\n<p>Des d&#8217;emerg\u00e8ncies es recomana extremar la vigil\u00e0ncia i seguretat, aix\u00ed com parar atenci\u00f3 als avisos que es vagen produint. En cas d&#8217;emerg\u00e8ncia, han de telefonar al 1\u20221\u20222.<\/p>\n\n\n\n<p>Des d&#8217;Emerg\u00e8ncies recorden que l&#8217;Ag\u00e8ncia Estatal de Meteorologia ha em\u00e9s un Av\u00eds Especial informant de pluges generalitzades i persistents que afectaran de manera especial a l&#8217;arc Mediterrani.<\/p>\n\n\n\n<p>L&#8217;afecci\u00f3 a la Comunitat Valenciana \u00e9s la seg\u00fcent:<\/p>\n\n\n\n<p>Durant el dia de hui continuaran els ruixats forts i\/o persistents entorn del Cap de la Nau.<\/p>\n\n\n\n<p>Per a dem\u00e0 dilluns s&#8217;esperen els majors acumulats a les prov\u00edncies de Castell\u00f3 i Val\u00e8ncia especialment en zones de l&#8217;interior. Amb precipitacions que poden ser localment fortes, sense descartar-les molt fortes, i persistents, amb acumulats que superarien els 100 mm en 12 hores.<\/p>\n\n\n\n<p>En la jornada del dimarts els majors acumulats es concentrarien a les prov\u00edncies de Castell\u00f3 i<\/p>\n\n\n\n<p>Val\u00e8ncia, sense descartar que puguen estendre&#8217;s cap al nord d&#8217;Alacant. Encara que la principal caracter\u00edstica de les precipitacions ser\u00e0 la persist\u00e8ncia, amb acumulats que aconseguirien els 60 mm en 12 hores, s&#8217;espera que es continuen registrant precipitacions localment fortes.<\/p>\n\n\n\n<p>El dimecres i dijous continuaria la situaci\u00f3 d&#8217;inestabilitat. Amb creixent incertesa, s&#8217;esperen els majors acumulats en tota la Comunitat Valenciana.<\/p>\n\n\n\n<p>Es recomana extremar la vigil\u00e0ncia i seguretat, aix\u00ed com parar atenci\u00f3 als avisos que es vagen produint per a les pr\u00f2ximes jornades. A conseq\u00fc\u00e8ncia d&#8217;aquests fen\u00f2mens podria produir-se l&#8217;activaci\u00f3 de les conques de rius i barranc degut als acumulats<\/p>\n\n\n\n<p>Des de l&#8217;Ag\u00e8ncia Valenciana de Seguretat i Resposta a les Emerg\u00e8ncies es recomana als municipis i organismes amb compet\u00e8ncies en la gesti\u00f3 de les emerg\u00e8ncies que mantinguen la necess\u00e0ria atenci\u00f3 i seguiment de tots els avisos que emeta durant eixos dies el Centre de Coordinaci\u00f3 d&#8217;Emerg\u00e8ncies de la Generalitat amb la finalitat d&#8217;activar amb antelaci\u00f3 els seus protocols d&#8217;actuaci\u00f3 i establir les pertinents mesures preventives en els seus respectius \u00e0mbits.<\/p>\n\n\n\n<p><\/p>\n\n\n\n<p><\/p>\n\n\n\n<figure class=\"wp-block-gallery has-nested-images columns-1 is-cropped wp-block-gallery-1 is-layout-flex wp-block-gallery-is-layout-flex\">\n<figure class=\"wp-block-image size-large\"><img loading=\"lazy\" decoding=\"async\" width=\"620\" height=\"914\" data-id=\"256145\" src=\"https:\/\/www.tucomarca.com\/wordpress\/segunda\/wp-content\/uploads\/2025\/03\/Emergencias2.jpeg\" alt=\"\" class=\"wp-image-256145\" srcset=\"https:\/\/www.tucomarca.com\/wordpress\/segunda\/wp-content\/uploads\/2025\/03\/Emergencias2.jpeg 620w, https:\/\/www.tucomarca.com\/wordpress\/segunda\/wp-content\/uploads\/2025\/03\/Emergencias2-204x300.jpeg 204w\" sizes=\"auto, (max-width: 620px) 100vw, 620px\" \/><\/figure>\n\n\n\n<figure class=\"wp-block-image size-large\"><img loading=\"lazy\" decoding=\"async\" width=\"671\" height=\"923\" data-id=\"256147\" src=\"https:\/\/www.tucomarca.com\/wordpress\/segunda\/wp-content\/uploads\/2025\/03\/Emergencias3.jpeg\" alt=\"\" class=\"wp-image-256147\" srcset=\"https:\/\/www.tucomarca.com\/wordpress\/segunda\/wp-content\/uploads\/2025\/03\/Emergencias3.jpeg 671w, https:\/\/www.tucomarca.com\/wordpress\/segunda\/wp-content\/uploads\/2025\/03\/Emergencias3-218x300.jpeg 218w\" sizes=\"auto, (max-width: 671px) 100vw, 671px\" \/><\/figure>\n<\/figure>\n","protected":false},"excerpt":{"rendered":"<div class=\"mh-excerpt\">Des de l&#8217;Ag\u00e8ncia Valenciana de Seguretat i Resposta a les Emerg\u00e8ncies s&#8217;ha em\u00e9s un av\u00eds especial sobre l&#8217;episodi de pluges generalitzades i persistents que afectaran la Comunitat Valenciana a partir d&#8217;aquest diumenge. Des d&#8217;emerg\u00e8ncies es <a class=\"mh-excerpt-more\" href=\"https:\/\/www.tucomarca.com\/wordpress\/segunda\/ca\/emergencies-alerta-sobre-lepisodi-de-pluges-generalitzades-i-persistents-que-sintensifiquen-a-partir-daquest-dilluns-en-la-comunitat\/\" title=\"Emerg\u00e8ncies alerta sobre l&#8217;episodi de pluges generalitzades i persistents que s&#8217;intensifiquen a partir d&#8217;aquest dilluns en la Comunitat\">[+] <\/a><\/div>\n","protected":false},"author":1,"featured_media":256152,"comment_status":"open","ping_status":"open","sticky":false,"template":"","format":"standard","meta":{"footnotes":""},"categories":[21466,10898,10948,10894,10904,10903,10896,10897],"tags":[15409,11247,11199],"class_list":{"0":"post-256153","1":"post","2":"type-post","3":"status-publish","4":"format-standard","5":"has-post-thumbnail","7":"category-dana-ca","8":"category-ventana-ca","9":"category-infraestructuras-ca","10":"category-la-comarca-ca","11":"category-sin-categorizar-ca","12":"category-medio-ambiente-la-comarca-ca","13":"category-seccion-ca","14":"category-sucesos-la-comarca-ca","15":"tag-dana-2-ca","16":"tag-emergencias-ca","17":"tag-la-comunitat-ca"},"_links":{"self":[{"href":"https:\/\/www.tucomarca.com\/wordpress\/segunda\/ca\/wp-json\/wp\/v2\/posts\/256153","targetHints":{"allow":["GET"]}}],"collection":[{"href":"https:\/\/www.tucomarca.com\/wordpress\/segunda\/ca\/wp-json\/wp\/v2\/posts"}],"about":[{"href":"https:\/\/www.tucomarca.com\/wordpress\/segunda\/ca\/wp-json\/wp\/v2\/types\/post"}],"author":[{"embeddable":true,"href":"https:\/\/www.tucomarca.com\/wordpress\/segunda\/ca\/wp-json\/wp\/v2\/users\/1"}],"replies":[{"embeddable":true,"href":"https:\/\/www.tucomarca.com\/wordpress\/segunda\/ca\/wp-json\/wp\/v2\/comments?post=256153"}],"version-history":[{"count":0,"href":"https:\/\/www.tucomarca.com\/wordpress\/segunda\/ca\/wp-json\/wp\/v2\/posts\/256153\/revisions"}],"wp:featuredmedia":[{"embeddable":true,"href":"https:\/\/www.tucomarca.com\/wordpress\/segunda\/ca\/wp-json\/wp\/v2\/media\/256152"}],"wp:attachment":[{"href":"https:\/\/www.tucomarca.com\/wordpress\/segunda\/ca\/wp-json\/wp\/v2\/media?parent=256153"}],"wp:term":[{"taxonomy":"category","embeddable":true,"href":"https:\/\/www.tucomarca.com\/wordpress\/segunda\/ca\/wp-json\/wp\/v2\/categories?post=256153"},{"taxonomy":"post_tag","embeddable":true,"href":"https:\/\/www.tucomarca.com\/wordpress\/segunda\/ca\/wp-json\/wp\/v2\/tags?post=256153"}],"curies":[{"name":"wp","href":"https:\/\/api.w.org\/{rel}","templated":true}]}}