{"id":256499,"date":"2025-03-04T13:30:00","date_gmt":"2025-03-04T12:30:00","guid":{"rendered":"https:\/\/www.tucomarca.com\/wordpress\/segunda\/?p=256499"},"modified":"2025-03-04T19:24:30","modified_gmt":"2025-03-04T18:24:30","slug":"la-mancomunitat-foia-de-bunyol-xiva-estudia-liderar-lagenda-urbana-de-reconstruccio-comarcal","status":"publish","type":"post","link":"https:\/\/www.tucomarca.com\/wordpress\/segunda\/ca\/la-mancomunitat-foia-de-bunyol-xiva-estudia-liderar-lagenda-urbana-de-reconstruccio-comarcal\/","title":{"rendered":"La Mancomunitat Foia de Bunyol Xiva estudia liderar l&#8217;agenda urbana de reconstrucci\u00f3 comarcal"},"content":{"rendered":"\n<h3 class=\"wp-block-heading\">Ahir dilluns va tindre lloc la primera reuni\u00f3 amb la Diputaci\u00f3 de Val\u00e8ncia que emmarca acords de col\u00b7laboraci\u00f3.<\/h3>\n\n\n\n<p>El projecte que l&#8217;ag\u00e8ncia de desenvolupament local de la Mancomunitat est\u00e0 estudiant, la creaci\u00f3 d&#8217;una \u00e0rea funcional que gestionaria entre 5 i 10 milions en infraestructures.&nbsp;<\/p>\n\n\n\n<p>El Ministeri d&#8217;Hisenda llan\u00e7ar\u00e0 la convocat\u00f2ria d&#8217;ajudes FEDER bolcant l&#8217;ajuda de nominada Pla EDIL per al foment de la inversi\u00f3 local des d&#8217;una triple perspectiva mediambiental, econ\u00f2mica i social.<\/p>\n\n\n\n<p>L&#8217;ag\u00e8ncia de desenvolupament local de la Mancomunitat coordinar\u00e0 els projectes per a crear l&#8217;agenda urbana de reconstrucci\u00f3 de l&#8217;\u00e0rea funcional. Aquesta agenda ser\u00e0 la guia per a distribuir els fons entre els municipis. En declaracions de Toni Diaz, president de la Mancomunitat,&nbsp; \u201camb la present convocat\u00f2ria, s&#8217;espera una mobilitzaci\u00f3 de recursos de 2.500 milions dels pressupostos locals al final del per\u00edode, segons les previsions. El suport de la Diputaci\u00f3 ser\u00e0 clau en la nostra \u00e0rea funcional \u201c.<\/p>\n\n\n\n<p>En una primera inst\u00e0ncia, els municipis de l&#8217;\u00e0rea funcional, inclosos en la comarca, se&#8217;ls dotaran amb 126.000\u20ac de Ministeri de l&#8217;Habitatge i Agenda urbana per a dissenyar els seus propis plans de reconstrucci\u00f3, la mancomunitat arreplegar\u00e0 els mateixos presentant a Hisenda un document conjunt que ser\u00e0 el prerequisit per a accedir al Pla EDIL, ser\u00e0 en aquesta segona fase, en la qual els propis ajuntaments disposaran del finan\u00e7ament per a executar els seus projectes.<\/p>\n","protected":false},"excerpt":{"rendered":"<div class=\"mh-excerpt\">Ahir dilluns va tindre lloc la primera reuni\u00f3 amb la Diputaci\u00f3 de Val\u00e8ncia que emmarca acords de col\u00b7laboraci\u00f3. El projecte que l&#8217;ag\u00e8ncia de desenvolupament local de la Mancomunitat est\u00e0 estudiant, la creaci\u00f3 d&#8217;una \u00e0rea funcional <a class=\"mh-excerpt-more\" href=\"https:\/\/www.tucomarca.com\/wordpress\/segunda\/ca\/la-mancomunitat-foia-de-bunyol-xiva-estudia-liderar-lagenda-urbana-de-reconstruccio-comarcal\/\" title=\"La Mancomunitat Foia de Bunyol Xiva estudia liderar l&#8217;agenda urbana de reconstrucci\u00f3 comarcal\">[+] <\/a><\/div>\n","protected":false},"author":13,"featured_media":256497,"comment_status":"open","ping_status":"open","sticky":false,"template":"","format":"standard","meta":{"footnotes":""},"categories":[21466,10948,10894,10904,10912,10903,10947,10896,10897],"tags":[15409,12903,10914,11514],"class_list":{"0":"post-256499","1":"post","2":"type-post","3":"status-publish","4":"format-standard","5":"has-post-thumbnail","7":"category-dana-ca","8":"category-infraestructuras-ca","9":"category-la-comarca-ca","10":"category-sin-categorizar-ca","11":"category-la-hoya-ca","12":"category-medio-ambiente-la-comarca-ca","13":"category-politica","14":"category-seccion-ca","15":"category-sucesos-la-comarca-ca","16":"tag-dana-2-ca","17":"tag-infraestructuras-ca","18":"tag-la-hoya-de-bunol-chiva-ca","19":"tag-mancomunidad-de-la-hoya-de-bunol-chiva-ca"},"_links":{"self":[{"href":"https:\/\/www.tucomarca.com\/wordpress\/segunda\/ca\/wp-json\/wp\/v2\/posts\/256499","targetHints":{"allow":["GET"]}}],"collection":[{"href":"https:\/\/www.tucomarca.com\/wordpress\/segunda\/ca\/wp-json\/wp\/v2\/posts"}],"about":[{"href":"https:\/\/www.tucomarca.com\/wordpress\/segunda\/ca\/wp-json\/wp\/v2\/types\/post"}],"author":[{"embeddable":true,"href":"https:\/\/www.tucomarca.com\/wordpress\/segunda\/ca\/wp-json\/wp\/v2\/users\/13"}],"replies":[{"embeddable":true,"href":"https:\/\/www.tucomarca.com\/wordpress\/segunda\/ca\/wp-json\/wp\/v2\/comments?post=256499"}],"version-history":[{"count":0,"href":"https:\/\/www.tucomarca.com\/wordpress\/segunda\/ca\/wp-json\/wp\/v2\/posts\/256499\/revisions"}],"wp:featuredmedia":[{"embeddable":true,"href":"https:\/\/www.tucomarca.com\/wordpress\/segunda\/ca\/wp-json\/wp\/v2\/media\/256497"}],"wp:attachment":[{"href":"https:\/\/www.tucomarca.com\/wordpress\/segunda\/ca\/wp-json\/wp\/v2\/media?parent=256499"}],"wp:term":[{"taxonomy":"category","embeddable":true,"href":"https:\/\/www.tucomarca.com\/wordpress\/segunda\/ca\/wp-json\/wp\/v2\/categories?post=256499"},{"taxonomy":"post_tag","embeddable":true,"href":"https:\/\/www.tucomarca.com\/wordpress\/segunda\/ca\/wp-json\/wp\/v2\/tags?post=256499"}],"curies":[{"name":"wp","href":"https:\/\/api.w.org\/{rel}","templated":true}]}}