{"id":256755,"date":"2025-03-05T16:00:00","date_gmt":"2025-03-05T15:00:00","guid":{"rendered":"https:\/\/www.tucomarca.com\/wordpress\/segunda\/?p=256755"},"modified":"2025-03-05T20:03:38","modified_gmt":"2025-03-05T19:03:38","slug":"casas-bajas-afrontara-immediatament-la-reparacio-de-la-solsida-al-carrer-castilla-amb-ajuda-de-la-diputacio-de-valencia","status":"publish","type":"post","link":"https:\/\/www.tucomarca.com\/wordpress\/segunda\/ca\/casas-bajas-afrontara-immediatament-la-reparacio-de-la-solsida-al-carrer-castilla-amb-ajuda-de-la-diputacio-de-valencia\/","title":{"rendered":"Casas Bajas afrontar\u00e0 immediatament la reparaci\u00f3 de la solsida al carrer Castilla amb ajuda de la Diputaci\u00f3 de Val\u00e8ncia"},"content":{"rendered":"\n<p>El municipi de Casas Bajas, en el Rac\u00f3 d&#8217;Adem\u00fas, s&#8217;enfronta a una situaci\u00f3 d&#8217;emerg\u00e8ncia urban\u00edstica despr\u00e9s de la solsida registrada aquest cap de setmana al carrer Castilla. Afortunadament, el col\u00b7lapse sol ha provocat danys materials, sense v\u00edctimes, per\u00f2 la magnitud del succ\u00e9s ha portat a l&#8217;ajuntament a mobilitzar-se immediatament per a garantir una soluci\u00f3 r\u00e0pida i efica\u00e7.<\/p>\n\n\n\n<p><strong>Resposta immediata de l&#8217;ajuntament i suport de la Diputaci\u00f3<\/strong><\/p>\n\n\n\n<p>L&#8217;alcalde de Casas Bajas, Pablo Escribano, ha gestionat a contrarellotge la cerca de recursos externs per a afrontar la reconstrucci\u00f3, ja que, segons les seues pr\u00f2pies paraules, \u201caquest tipus d&#8217;inversions s\u00f3n inassumibles per a un municipi xicotet com el nostre\u201d. En aquest sentit, el primer edil es va reunir aquest dilluns amb la vicepresidenta de la Diputaci\u00f3 de Val\u00e8ncia, Reme Mazzolari, per a exposar la situaci\u00f3 i sol\u00b7licitar suport.<\/p>\n\n\n\n<p>La Diputaci\u00f3 de Val\u00e8ncia ha respost amb rapidesa, comprometent-se a sufragar \u00edntegrament la reparaci\u00f3 de la solsida, incloent-lo en la seua l\u00ednia d&#8217;inversions d&#8217;emerg\u00e8ncia.<\/p>\n\n\n\n<figure class=\"wp-block-gallery has-nested-images columns-default is-cropped wp-block-gallery-1 is-layout-flex wp-block-gallery-is-layout-flex\">\n<figure class=\"wp-block-image size-large\"><img loading=\"lazy\" decoding=\"async\" width=\"768\" height=\"1024\" data-id=\"256752\" src=\"https:\/\/www.tucomarca.com\/wordpress\/segunda\/wp-content\/uploads\/2025\/03\/CasasBajas2-768x1024.jpg\" alt=\"\" class=\"wp-image-256752\" srcset=\"https:\/\/www.tucomarca.com\/wordpress\/segunda\/wp-content\/uploads\/2025\/03\/CasasBajas2-768x1024.jpg 768w, https:\/\/www.tucomarca.com\/wordpress\/segunda\/wp-content\/uploads\/2025\/03\/CasasBajas2-225x300.jpg 225w, https:\/\/www.tucomarca.com\/wordpress\/segunda\/wp-content\/uploads\/2025\/03\/CasasBajas2.jpg 886w\" sizes=\"auto, (max-width: 768px) 100vw, 768px\" \/><\/figure>\n\n\n\n<figure class=\"wp-block-image size-large\"><img loading=\"lazy\" decoding=\"async\" width=\"768\" height=\"1024\" data-id=\"256750\" src=\"https:\/\/www.tucomarca.com\/wordpress\/segunda\/wp-content\/uploads\/2025\/03\/CasasBajas3-768x1024.jpg\" alt=\"\" class=\"wp-image-256750\" srcset=\"https:\/\/www.tucomarca.com\/wordpress\/segunda\/wp-content\/uploads\/2025\/03\/CasasBajas3-768x1024.jpg 768w, https:\/\/www.tucomarca.com\/wordpress\/segunda\/wp-content\/uploads\/2025\/03\/CasasBajas3-225x300.jpg 225w, https:\/\/www.tucomarca.com\/wordpress\/segunda\/wp-content\/uploads\/2025\/03\/CasasBajas3.jpg 886w\" sizes=\"auto, (max-width: 768px) 100vw, 768px\" \/><\/figure>\n<\/figure>\n\n\n\n<p><strong>Visita t\u00e8cnica i comen\u00e7ament imminent de les obres<\/strong><\/p>\n\n\n\n<p>Aquest dimecres, t\u00e8cnics i enginyers de l&#8217;empresa Pavasal han visitat Casas Bajas per a avaluar sobre el terreny la magnitud de l&#8217;actuaci\u00f3 i establir les l\u00ednies de treball. Segons ha informat l&#8217;ajuntament, la intervenci\u00f3 comen\u00e7ar\u00e0 aquest mateix mes de mar\u00e7 per a restaurar com m\u00e9s prompte millor la normalitat en la zona afectada.<\/p>\n\n\n\n<p>L&#8217;alcalde Pablo Escribano ha volgut agrair \u201cla disposici\u00f3, rapidesa i voluntat de col\u00b7laboraci\u00f3\u201d de la Diputaci\u00f3 de Val\u00e8ncia, destacant que la resposta coordinada entre l&#8217;administraci\u00f3 local i l&#8217;auton\u00f2mica ha perm\u00e9s actuar amb efic\u00e0cia davant una situaci\u00f3 imprevista.<\/p>\n\n\n\n<p><strong>Crida a la precauci\u00f3<\/strong><\/p>\n\n\n\n<p>Mentre s&#8217;inicien els treballs de rehabilitaci\u00f3, l&#8217;ajuntament ha demanat a ve\u00efns i transe\u00fcnts extremar la precauci\u00f3 en els voltants del carrer Castilla, a causa del risc que encara suposa la zona afectada.<\/p>\n","protected":false},"excerpt":{"rendered":"<div class=\"mh-excerpt\">El municipi de Casas Bajas, en el Rac\u00f3 d&#8217;Adem\u00fas, s&#8217;enfronta a una situaci\u00f3 d&#8217;emerg\u00e8ncia urban\u00edstica despr\u00e9s de la solsida registrada aquest cap de setmana al carrer Castilla. Afortunadament, el col\u00b7lapse sol ha provocat danys materials, <a class=\"mh-excerpt-more\" href=\"https:\/\/www.tucomarca.com\/wordpress\/segunda\/ca\/casas-bajas-afrontara-immediatament-la-reparacio-de-la-solsida-al-carrer-castilla-amb-ajuda-de-la-diputacio-de-valencia\/\" title=\"Casas Bajas afrontar\u00e0 immediatament la reparaci\u00f3 de la solsida al carrer Castilla amb ajuda de la Diputaci\u00f3 de Val\u00e8ncia\">[+] <\/a><\/div>\n","protected":false},"author":12,"featured_media":256749,"comment_status":"open","ping_status":"open","sticky":false,"template":"","format":"gallery","meta":{"footnotes":""},"categories":[10890,10924,10948,10894,10903,10947,10896,10897],"tags":[11097,11871,15409,11246],"class_list":{"0":"post-256755","1":"post","2":"type-post","3":"status-publish","4":"format-gallery","5":"has-post-thumbnail","7":"category-ademus","8":"category-cases-baixes","9":"category-infraestructuras-ca","10":"category-la-comarca-ca","11":"category-medio-ambiente-la-comarca-ca","12":"category-politica","13":"category-seccion-ca","14":"category-sucesos-la-comarca-ca","15":"tag-ademuz-ca","16":"tag-casas-bajas-ca","17":"tag-dana-2-ca","18":"tag-diputacio-de-valencia-ca","19":"post_format-post-format-gallery"},"_links":{"self":[{"href":"https:\/\/www.tucomarca.com\/wordpress\/segunda\/ca\/wp-json\/wp\/v2\/posts\/256755","targetHints":{"allow":["GET"]}}],"collection":[{"href":"https:\/\/www.tucomarca.com\/wordpress\/segunda\/ca\/wp-json\/wp\/v2\/posts"}],"about":[{"href":"https:\/\/www.tucomarca.com\/wordpress\/segunda\/ca\/wp-json\/wp\/v2\/types\/post"}],"author":[{"embeddable":true,"href":"https:\/\/www.tucomarca.com\/wordpress\/segunda\/ca\/wp-json\/wp\/v2\/users\/12"}],"replies":[{"embeddable":true,"href":"https:\/\/www.tucomarca.com\/wordpress\/segunda\/ca\/wp-json\/wp\/v2\/comments?post=256755"}],"version-history":[{"count":0,"href":"https:\/\/www.tucomarca.com\/wordpress\/segunda\/ca\/wp-json\/wp\/v2\/posts\/256755\/revisions"}],"wp:featuredmedia":[{"embeddable":true,"href":"https:\/\/www.tucomarca.com\/wordpress\/segunda\/ca\/wp-json\/wp\/v2\/media\/256749"}],"wp:attachment":[{"href":"https:\/\/www.tucomarca.com\/wordpress\/segunda\/ca\/wp-json\/wp\/v2\/media?parent=256755"}],"wp:term":[{"taxonomy":"category","embeddable":true,"href":"https:\/\/www.tucomarca.com\/wordpress\/segunda\/ca\/wp-json\/wp\/v2\/categories?post=256755"},{"taxonomy":"post_tag","embeddable":true,"href":"https:\/\/www.tucomarca.com\/wordpress\/segunda\/ca\/wp-json\/wp\/v2\/tags?post=256755"}],"curies":[{"name":"wp","href":"https:\/\/api.w.org\/{rel}","templated":true}]}}