{"id":256928,"date":"2025-03-06T17:00:00","date_gmt":"2025-03-06T16:00:00","guid":{"rendered":"https:\/\/www.tucomarca.com\/wordpress\/segunda\/?p=256928"},"modified":"2025-03-06T20:08:34","modified_gmt":"2025-03-06T19:08:34","slug":"les-previsions-apunten-a-una-millora-del-temps-encara-que-una-nova-borrasca-ens-afectara-el-cap-de-setmana","status":"publish","type":"post","link":"https:\/\/www.tucomarca.com\/wordpress\/segunda\/ca\/les-previsions-apunten-a-una-millora-del-temps-encara-que-una-nova-borrasca-ens-afectara-el-cap-de-setmana\/","title":{"rendered":"Les previsions apunten a una millora del temps encara que una nova borrasca ens afectar\u00e0 el cap de setmana"},"content":{"rendered":"\n<p>El Centre de Coordinaci\u00f3 d&#8217;Emerg\u00e8ncies ha anunciat a les 19,00 hores d&#8217;aquest dijous la fi de l&#8217;Emerg\u00e8ncia Situaci\u00f3 0 per inundacions a les prov\u00edncies de Val\u00e8ncia i Alacant.<\/p>\n\n\n\n<p>Les precipitacions continuen afectant la Comunitat Valenciana amb registres destacats en diverses localitats de l&#8217;interior sud de Val\u00e8ncia. Segons l&#8217;Ag\u00e8ncia Estatal de Meteorologia (Aemet), les pluges han sigut persistents, amb intensitats de febles a moderades, acumulant m\u00e9s de 50 l\/m\u00b2 en diverses zones.<\/p>\n\n\n\n<p>Entre els valors m\u00e9s elevats registrats en les \u00faltimes hores destaquen: Cortes de Pall\u00e1s amb 95,8 l\/m\u00b2; Teresa de Cofrentes amb 80,4 l\/m\u00b2 i Bicorp amb 50,8 l\/m\u00b2.<\/p>\n\n\n\n<figure class=\"wp-block-image size-full\"><img loading=\"lazy\" decoding=\"async\" width=\"945\" height=\"534\" src=\"http:\/\/www.tucomarca.com\/wordpress\/segunda\/wp-content\/uploads\/2025\/03\/BunolRio6marzo25_3.jpg\" alt=\"\" class=\"wp-image-256841\" srcset=\"https:\/\/www.tucomarca.com\/wordpress\/segunda\/wp-content\/uploads\/2025\/03\/BunolRio6marzo25_3.jpg 945w, https:\/\/www.tucomarca.com\/wordpress\/segunda\/wp-content\/uploads\/2025\/03\/BunolRio6marzo25_3-300x170.jpg 300w, https:\/\/www.tucomarca.com\/wordpress\/segunda\/wp-content\/uploads\/2025\/03\/BunolRio6marzo25_3-768x434.jpg 768w\" sizes=\"auto, (max-width: 945px) 100vw, 945px\" \/><\/figure>\n\n\n\n<p><strong>Canvi de temps per al cap de setmana<\/strong><\/p>\n\n\n\n<p>A partir de dem\u00e0, divendres 7 de mar\u00e7, la situaci\u00f3 meteorol\u00f2gica canviar\u00e0. L&#8217;anticicl\u00f3 europeu es retirar\u00e0 cap a l&#8217;est, permetent l&#8217;aproximaci\u00f3 de borrasques atl\u00e0ntiques. Com a conseq\u00fc\u00e8ncia, el vent girar\u00e0 de llevant a sud i sud-oest.<\/p>\n\n\n\n<p>Segons les previsions, aquests fronts actius podrien provocar ruixats i tempestes d&#8217;una certa intensitat, encara que de curta duraci\u00f3, afectant principalment l&#8217;interior i nord de la Comunitat Valenciana. No obstant aix\u00f2, no es descarta que puguen produir-se en qualsevol punt del territori durant la tard-nit del dissabte.<\/p>\n\n\n\n<p>A m\u00e9s, aquests fronts hivernals podrien vindre acompanyats de ratxes fortes de vent, encara que tamb\u00e9 de breu duraci\u00f3. Les autoritats recomanen mantindre&#8217;s informats i extremar la precauci\u00f3 davant possibles canvis bruscos en les condicions meteorol\u00f2giques.<\/p>\n","protected":false},"excerpt":{"rendered":"<div class=\"mh-excerpt\">El Centre de Coordinaci\u00f3 d&#8217;Emerg\u00e8ncies ha anunciat a les 19,00 hores d&#8217;aquest dijous la fi de l&#8217;Emerg\u00e8ncia Situaci\u00f3 0 per inundacions a les prov\u00edncies de Val\u00e8ncia i Alacant. Les precipitacions continuen afectant la Comunitat Valenciana <a class=\"mh-excerpt-more\" href=\"https:\/\/www.tucomarca.com\/wordpress\/segunda\/ca\/les-previsions-apunten-a-una-millora-del-temps-encara-que-una-nova-borrasca-ens-afectara-el-cap-de-setmana\/\" title=\"Les previsions apunten a una millora del temps encara que una nova borrasca ens afectar\u00e0 el cap de setmana\">[+] <\/a><\/div>\n","protected":false},"author":1,"featured_media":256924,"comment_status":"open","ping_status":"open","sticky":false,"template":"","format":"standard","meta":{"footnotes":""},"categories":[21466,10898,10948,10894,10904,10903,10947,10896,10897],"tags":[15409,11199,10914],"class_list":{"0":"post-256928","1":"post","2":"type-post","3":"status-publish","4":"format-standard","5":"has-post-thumbnail","7":"category-dana-ca","8":"category-ventana-ca","9":"category-infraestructuras-ca","10":"category-la-comarca-ca","11":"category-sin-categorizar-ca","12":"category-medio-ambiente-la-comarca-ca","13":"category-politica","14":"category-seccion-ca","15":"category-sucesos-la-comarca-ca","16":"tag-dana-2-ca","17":"tag-la-comunitat-ca","18":"tag-la-hoya-de-bunol-chiva-ca"},"_links":{"self":[{"href":"https:\/\/www.tucomarca.com\/wordpress\/segunda\/ca\/wp-json\/wp\/v2\/posts\/256928","targetHints":{"allow":["GET"]}}],"collection":[{"href":"https:\/\/www.tucomarca.com\/wordpress\/segunda\/ca\/wp-json\/wp\/v2\/posts"}],"about":[{"href":"https:\/\/www.tucomarca.com\/wordpress\/segunda\/ca\/wp-json\/wp\/v2\/types\/post"}],"author":[{"embeddable":true,"href":"https:\/\/www.tucomarca.com\/wordpress\/segunda\/ca\/wp-json\/wp\/v2\/users\/1"}],"replies":[{"embeddable":true,"href":"https:\/\/www.tucomarca.com\/wordpress\/segunda\/ca\/wp-json\/wp\/v2\/comments?post=256928"}],"version-history":[{"count":0,"href":"https:\/\/www.tucomarca.com\/wordpress\/segunda\/ca\/wp-json\/wp\/v2\/posts\/256928\/revisions"}],"wp:featuredmedia":[{"embeddable":true,"href":"https:\/\/www.tucomarca.com\/wordpress\/segunda\/ca\/wp-json\/wp\/v2\/media\/256924"}],"wp:attachment":[{"href":"https:\/\/www.tucomarca.com\/wordpress\/segunda\/ca\/wp-json\/wp\/v2\/media?parent=256928"}],"wp:term":[{"taxonomy":"category","embeddable":true,"href":"https:\/\/www.tucomarca.com\/wordpress\/segunda\/ca\/wp-json\/wp\/v2\/categories?post=256928"},{"taxonomy":"post_tag","embeddable":true,"href":"https:\/\/www.tucomarca.com\/wordpress\/segunda\/ca\/wp-json\/wp\/v2\/tags?post=256928"}],"curies":[{"name":"wp","href":"https:\/\/api.w.org\/{rel}","templated":true}]}}