{"id":256952,"date":"2025-03-06T14:30:00","date_gmt":"2025-03-06T13:30:00","guid":{"rendered":"https:\/\/www.tucomarca.com\/wordpress\/segunda\/?p=256952"},"modified":"2025-03-06T19:31:50","modified_gmt":"2025-03-06T18:31:50","slug":"carlos-mazon-i-vicent-mompo-es-desplacen-a-navarres-anna-i-enguera-per-a-seguir-levolucio-del-temporal","status":"publish","type":"post","link":"https:\/\/www.tucomarca.com\/wordpress\/segunda\/ca\/carlos-mazon-i-vicent-mompo-es-desplacen-a-navarres-anna-i-enguera-per-a-seguir-levolucio-del-temporal\/","title":{"rendered":"Carlos Maz\u00f3n i Vicent Momp\u00f3 es desplacen a Navarr\u00e9s, Anna i \u00c9nguera per a seguir l&#8217;evoluci\u00f3 del temporal"},"content":{"rendered":"\n<h3 class=\"wp-block-heading\"><strong><strong>El president&nbsp;de la Generalitat, Carlos Maz\u00f3n, ha recorregut, juntament amb el president de la Diputaci\u00f3 de Val\u00e8ncia, Vicent Momp\u00f3, diferents zones de la comarca de la Canal de Navarr\u00e9s que han sigut afectades per les altes precipitacions<\/strong><\/strong>.<\/h3>\n\n\n\n<p>El president de la Generalitat, Carlos Maz\u00f3n, s\u2019ha despla\u00e7at a les poblacions de Navarr\u00e9s, Anna i Enguera, juntament amb el president de la Diputaci\u00f3 de Val\u00e8ncia, Vicent Momp\u00f3, i la senadora Estela Darocas, per a seguir l\u2019evoluci\u00f3 del temporal de pluges que ha ocasionat registres pluviom\u00e8trics elevats a la comarca.<\/p>\n\n\n\n<p>Acompanyat per l\u2019alcalde de la localitat, Federico Argente, el cap del Consell ha recorregut diferents \u00e0rees de Navarr\u00e9s per a comprovar el grau d\u2019afectaci\u00f3 per les altes precipitacions i s\u2019ha acostat fins a l\u2019entorn de la presa d\u2019Escalona.<\/p>\n\n\n\n<p>Posteriorment, ha acudit a la Font de Mar\u00e7 a Anna juntament amb l\u2019alcalde de la poblaci\u00f3, Miguel Mar\u00edn, aix\u00ed com al municipi d\u2019Enguera a on ha estat acompanyat per l\u2019alcaldessa, Matilde Mar\u00edn, per a rec\u00f3rrer la rambla d\u2019Albalat.<\/p>\n\n\n\n<figure class=\"wp-block-gallery has-nested-images columns-2 is-cropped wp-block-gallery-1 is-layout-flex wp-block-gallery-is-layout-flex\">\n<figure class=\"wp-block-image size-large\"><img loading=\"lazy\" decoding=\"async\" width=\"1024\" height=\"683\" data-id=\"256944\" src=\"https:\/\/www.tucomarca.com\/wordpress\/segunda\/wp-content\/uploads\/2025\/03\/MazonLaCanal03-1024x683.jpeg\" alt=\"\" class=\"wp-image-256944\" srcset=\"https:\/\/www.tucomarca.com\/wordpress\/segunda\/wp-content\/uploads\/2025\/03\/MazonLaCanal03-1024x683.jpeg 1024w, https:\/\/www.tucomarca.com\/wordpress\/segunda\/wp-content\/uploads\/2025\/03\/MazonLaCanal03-300x200.jpeg 300w, https:\/\/www.tucomarca.com\/wordpress\/segunda\/wp-content\/uploads\/2025\/03\/MazonLaCanal03-768x512.jpeg 768w, https:\/\/www.tucomarca.com\/wordpress\/segunda\/wp-content\/uploads\/2025\/03\/MazonLaCanal03-1536x1024.jpeg 1536w, https:\/\/www.tucomarca.com\/wordpress\/segunda\/wp-content\/uploads\/2025\/03\/MazonLaCanal03-2048x1365.jpeg 2048w\" sizes=\"auto, (max-width: 1024px) 100vw, 1024px\" \/><\/figure>\n\n\n\n<figure class=\"wp-block-image size-large\"><img loading=\"lazy\" decoding=\"async\" width=\"1024\" height=\"683\" data-id=\"256969\" src=\"http:\/\/www.tucomarca.com\/wordpress\/segunda\/wp-content\/uploads\/2025\/03\/MompoLaCanal1-1024x683.jpg\" alt=\"\" class=\"wp-image-256969\" srcset=\"https:\/\/www.tucomarca.com\/wordpress\/segunda\/wp-content\/uploads\/2025\/03\/MompoLaCanal1-1024x683.jpg 1024w, https:\/\/www.tucomarca.com\/wordpress\/segunda\/wp-content\/uploads\/2025\/03\/MompoLaCanal1-300x200.jpg 300w, https:\/\/www.tucomarca.com\/wordpress\/segunda\/wp-content\/uploads\/2025\/03\/MompoLaCanal1-768x512.jpg 768w, https:\/\/www.tucomarca.com\/wordpress\/segunda\/wp-content\/uploads\/2025\/03\/MompoLaCanal1-1536x1024.jpg 1536w, https:\/\/www.tucomarca.com\/wordpress\/segunda\/wp-content\/uploads\/2025\/03\/MompoLaCanal1.jpg 2048w\" sizes=\"auto, (max-width: 1024px) 100vw, 1024px\" \/><\/figure>\n\n\n\n<figure class=\"wp-block-image size-large\"><img loading=\"lazy\" decoding=\"async\" width=\"1024\" height=\"683\" data-id=\"256973\" src=\"https:\/\/www.tucomarca.com\/wordpress\/segunda\/wp-content\/uploads\/2025\/03\/MompoLaCanal5-1024x683.jpg\" alt=\"\" class=\"wp-image-256973\" srcset=\"https:\/\/www.tucomarca.com\/wordpress\/segunda\/wp-content\/uploads\/2025\/03\/MompoLaCanal5-1024x683.jpg 1024w, https:\/\/www.tucomarca.com\/wordpress\/segunda\/wp-content\/uploads\/2025\/03\/MompoLaCanal5-300x200.jpg 300w, https:\/\/www.tucomarca.com\/wordpress\/segunda\/wp-content\/uploads\/2025\/03\/MompoLaCanal5-768x512.jpg 768w, https:\/\/www.tucomarca.com\/wordpress\/segunda\/wp-content\/uploads\/2025\/03\/MompoLaCanal5-1536x1024.jpg 1536w, https:\/\/www.tucomarca.com\/wordpress\/segunda\/wp-content\/uploads\/2025\/03\/MompoLaCanal5.jpg 2048w\" sizes=\"auto, (max-width: 1024px) 100vw, 1024px\" \/><\/figure>\n\n\n\n<figure class=\"wp-block-image size-large\"><img loading=\"lazy\" decoding=\"async\" width=\"1024\" height=\"683\" data-id=\"256971\" src=\"https:\/\/www.tucomarca.com\/wordpress\/segunda\/wp-content\/uploads\/2025\/03\/MompoLaCanal2-1024x683.jpg\" alt=\"\" class=\"wp-image-256971\" srcset=\"https:\/\/www.tucomarca.com\/wordpress\/segunda\/wp-content\/uploads\/2025\/03\/MompoLaCanal2-1024x683.jpg 1024w, https:\/\/www.tucomarca.com\/wordpress\/segunda\/wp-content\/uploads\/2025\/03\/MompoLaCanal2-300x200.jpg 300w, https:\/\/www.tucomarca.com\/wordpress\/segunda\/wp-content\/uploads\/2025\/03\/MompoLaCanal2-768x512.jpg 768w, https:\/\/www.tucomarca.com\/wordpress\/segunda\/wp-content\/uploads\/2025\/03\/MompoLaCanal2-1536x1024.jpg 1536w, https:\/\/www.tucomarca.com\/wordpress\/segunda\/wp-content\/uploads\/2025\/03\/MompoLaCanal2.jpg 2048w\" sizes=\"auto, (max-width: 1024px) 100vw, 1024px\" \/><\/figure>\n\n\n\n<figure class=\"wp-block-image size-large\"><img loading=\"lazy\" decoding=\"async\" width=\"1024\" height=\"683\" data-id=\"256975\" src=\"https:\/\/www.tucomarca.com\/wordpress\/segunda\/wp-content\/uploads\/2025\/03\/MompoLaCanal6-1024x683.jpg\" alt=\"\" class=\"wp-image-256975\" srcset=\"https:\/\/www.tucomarca.com\/wordpress\/segunda\/wp-content\/uploads\/2025\/03\/MompoLaCanal6-1024x683.jpg 1024w, https:\/\/www.tucomarca.com\/wordpress\/segunda\/wp-content\/uploads\/2025\/03\/MompoLaCanal6-300x200.jpg 300w, https:\/\/www.tucomarca.com\/wordpress\/segunda\/wp-content\/uploads\/2025\/03\/MompoLaCanal6-768x512.jpg 768w, https:\/\/www.tucomarca.com\/wordpress\/segunda\/wp-content\/uploads\/2025\/03\/MompoLaCanal6-1536x1024.jpg 1536w, https:\/\/www.tucomarca.com\/wordpress\/segunda\/wp-content\/uploads\/2025\/03\/MompoLaCanal6.jpg 2048w\" sizes=\"auto, (max-width: 1024px) 100vw, 1024px\" \/><\/figure>\n<\/figure>\n","protected":false},"excerpt":{"rendered":"<div class=\"mh-excerpt\">El president&nbsp;de la Generalitat, Carlos Maz\u00f3n, ha recorregut, juntament amb el president de la Diputaci\u00f3 de Val\u00e8ncia, Vicent Momp\u00f3, diferents zones de la comarca de la Canal de Navarr\u00e9s que han sigut afectades per les <a class=\"mh-excerpt-more\" href=\"https:\/\/www.tucomarca.com\/wordpress\/segunda\/ca\/carlos-mazon-i-vicent-mompo-es-desplacen-a-navarres-anna-i-enguera-per-a-seguir-levolucio-del-temporal\/\" title=\"Carlos Maz\u00f3n i Vicent Momp\u00f3 es desplacen a Navarr\u00e9s, Anna i \u00c9nguera per a seguir l&#8217;evoluci\u00f3 del temporal\">[+] <\/a><\/div>\n","protected":false},"author":13,"featured_media":256941,"comment_status":"open","ping_status":"open","sticky":false,"template":"","format":"gallery","meta":{"footnotes":""},"categories":[10964,21466,10969,10898,10948,10963,10894,10904,10903,10971,10947,10897],"tags":[12636,15409,11751,11094,11199,14072],"class_list":{"0":"post-256952","1":"post","2":"type-post","3":"status-publish","4":"format-gallery","5":"has-post-thumbnail","7":"category-anna-ca","8":"category-dana-ca","9":"category-enguera-ca","10":"category-ventana-ca","11":"category-infraestructuras-ca","12":"category-la-canal-de-navarres-ca","13":"category-la-comarca-ca","14":"category-sin-categorizar-ca","15":"category-medio-ambiente-la-comarca-ca","16":"category-navarres-ca","17":"category-politica","18":"category-sucesos-la-comarca-ca","19":"tag-anna-ca","20":"tag-dana-2-ca","21":"tag-enguera-ca","22":"tag-la-canal-de-navarres","23":"tag-la-comunitat-ca","24":"tag-navarres-ca","25":"post_format-post-format-gallery"},"_links":{"self":[{"href":"https:\/\/www.tucomarca.com\/wordpress\/segunda\/ca\/wp-json\/wp\/v2\/posts\/256952","targetHints":{"allow":["GET"]}}],"collection":[{"href":"https:\/\/www.tucomarca.com\/wordpress\/segunda\/ca\/wp-json\/wp\/v2\/posts"}],"about":[{"href":"https:\/\/www.tucomarca.com\/wordpress\/segunda\/ca\/wp-json\/wp\/v2\/types\/post"}],"author":[{"embeddable":true,"href":"https:\/\/www.tucomarca.com\/wordpress\/segunda\/ca\/wp-json\/wp\/v2\/users\/13"}],"replies":[{"embeddable":true,"href":"https:\/\/www.tucomarca.com\/wordpress\/segunda\/ca\/wp-json\/wp\/v2\/comments?post=256952"}],"version-history":[{"count":0,"href":"https:\/\/www.tucomarca.com\/wordpress\/segunda\/ca\/wp-json\/wp\/v2\/posts\/256952\/revisions"}],"wp:featuredmedia":[{"embeddable":true,"href":"https:\/\/www.tucomarca.com\/wordpress\/segunda\/ca\/wp-json\/wp\/v2\/media\/256941"}],"wp:attachment":[{"href":"https:\/\/www.tucomarca.com\/wordpress\/segunda\/ca\/wp-json\/wp\/v2\/media?parent=256952"}],"wp:term":[{"taxonomy":"category","embeddable":true,"href":"https:\/\/www.tucomarca.com\/wordpress\/segunda\/ca\/wp-json\/wp\/v2\/categories?post=256952"},{"taxonomy":"post_tag","embeddable":true,"href":"https:\/\/www.tucomarca.com\/wordpress\/segunda\/ca\/wp-json\/wp\/v2\/tags?post=256952"}],"curies":[{"name":"wp","href":"https:\/\/api.w.org\/{rel}","templated":true}]}}