{"id":257142,"date":"2025-03-07T20:00:00","date_gmt":"2025-03-07T19:00:00","guid":{"rendered":"https:\/\/www.tucomarca.com\/wordpress\/segunda\/?p=257142"},"modified":"2025-03-08T13:37:11","modified_gmt":"2025-03-08T12:37:11","slug":"setaigues-celebra-el-dia-de-la-dona-amb-un-programa-dactes-especials","status":"publish","type":"post","link":"https:\/\/www.tucomarca.com\/wordpress\/segunda\/ca\/setaigues-celebra-el-dia-de-la-dona-amb-un-programa-dactes-especials\/","title":{"rendered":"Setaig\u00fces celebra el Dia de la Dona amb un programa d&#8217;actes especials"},"content":{"rendered":"\n<p>Sota el lema \u201cCada dona \u00e9s un poema de valentia, escrit amb les tintes de la perseveran\u00e7a\u201d, el municipi s&#8217;uneix a la commemoraci\u00f3 del 8M, refor\u00e7ant el seu comprom\u00eds amb la igualtat i la visibilitzaci\u00f3 del paper de la dona en la societat i per a aix\u00f2 ha preparat un variat programa d&#8217;activitats per a commemorar el Dia Internacional de la Dona 2025. L&#8217;agenda inclou actes culturals, un menjar de conviv\u00e8ncia i un espectacle musical.<\/p>\n\n\n<div class=\"wp-block-image\">\n<figure class=\"alignleft size-large is-resized\"><img loading=\"lazy\" decoding=\"async\" width=\"819\" height=\"1024\" src=\"http:\/\/www.tucomarca.com\/wordpress\/segunda\/wp-content\/uploads\/2025\/03\/SieteAguas8M-819x1024.jpg\" alt=\"\" class=\"wp-image-257139\" style=\"width:348px;height:auto\" srcset=\"https:\/\/www.tucomarca.com\/wordpress\/segunda\/wp-content\/uploads\/2025\/03\/SieteAguas8M-819x1024.jpg 819w, https:\/\/www.tucomarca.com\/wordpress\/segunda\/wp-content\/uploads\/2025\/03\/SieteAguas8M-240x300.jpg 240w, https:\/\/www.tucomarca.com\/wordpress\/segunda\/wp-content\/uploads\/2025\/03\/SieteAguas8M-768x960.jpg 768w, https:\/\/www.tucomarca.com\/wordpress\/segunda\/wp-content\/uploads\/2025\/03\/SieteAguas8M.jpg 1080w\" sizes=\"auto, (max-width: 819px) 100vw, 819px\" \/><\/figure>\n<\/div>\n\n\n<p>Les celebracions arrancaran el divendres 7 de mar\u00e7 a les 18.00 hores, en el gimn\u00e0s del Col\u00b7legi P\u00fablic, amb la performance &#8220;El cicle de la viol\u00e8ncia de g\u00e8nere&#8221;, dirigida per Javier Sanz i presentada pel Teatre Setaig\u00fces. En finalitzar la representaci\u00f3, s&#8217;oferir\u00e0 un xocolate als assistents.<br>El dissabte 8 de mar\u00e7, a partir de les 14.00 hores, tindr\u00e0 lloc un menjar de conviv\u00e8ncia per a totes les s\u00f2cies en el Restaurant Les Set Canelles, on ser\u00e0 necessari confirmar assist\u00e8ncia. A m\u00e9s, s&#8217;ha anunciat una fi de festa sorpresa, organitzat amb la col\u00b7laboraci\u00f3 dels comer\u00e7os locals. Per a tancar la jornada, l&#8217;Orquestra Enjoy oferir\u00e0 una actuaci\u00f3 en el gimn\u00e0s del CEIP Vicente Aleixandre, a partir de les 17.00 hores, amb el suport de l&#8217;Ajuntament de Setaig\u00fces i la col\u00b7laboraci\u00f3 de l&#8217;associaci\u00f3 Tyrius Setaig\u00fces.<\/p>\n","protected":false},"excerpt":{"rendered":"<div class=\"mh-excerpt\">Sota el lema \u201cCada dona \u00e9s un poema de valentia, escrit amb les tintes de la perseveran\u00e7a\u201d, el municipi s&#8217;uneix a la commemoraci\u00f3 del 8M, refor\u00e7ant el seu comprom\u00eds amb la igualtat i la visibilitzaci\u00f3 <a class=\"mh-excerpt-more\" href=\"https:\/\/www.tucomarca.com\/wordpress\/segunda\/ca\/setaigues-celebra-el-dia-de-la-dona-amb-un-programa-dactes-especials\/\" title=\"Setaig\u00fces celebra el Dia de la Dona amb un programa d&#8217;actes especials\">[+] <\/a><\/div>\n","protected":false},"author":12,"featured_media":257140,"comment_status":"open","ping_status":"open","sticky":false,"template":"","format":"standard","meta":{"footnotes":""},"categories":[11019,10894,10912,11007,10947,10896,10979],"tags":[11508,10914,11157],"class_list":{"0":"post-257142","1":"post","2":"type-post","3":"status-publish","4":"format-standard","5":"has-post-thumbnail","7":"category-agenda-ca","8":"category-la-comarca-ca","9":"category-la-hoya-ca","10":"category-ocio-y-cultura-ca","11":"category-politica","12":"category-seccion-ca","13":"category-siete-aguas-ca","14":"tag-8m-ca","15":"tag-la-hoya-de-bunol-chiva-ca","16":"tag-siete-aguas-ca"},"_links":{"self":[{"href":"https:\/\/www.tucomarca.com\/wordpress\/segunda\/ca\/wp-json\/wp\/v2\/posts\/257142","targetHints":{"allow":["GET"]}}],"collection":[{"href":"https:\/\/www.tucomarca.com\/wordpress\/segunda\/ca\/wp-json\/wp\/v2\/posts"}],"about":[{"href":"https:\/\/www.tucomarca.com\/wordpress\/segunda\/ca\/wp-json\/wp\/v2\/types\/post"}],"author":[{"embeddable":true,"href":"https:\/\/www.tucomarca.com\/wordpress\/segunda\/ca\/wp-json\/wp\/v2\/users\/12"}],"replies":[{"embeddable":true,"href":"https:\/\/www.tucomarca.com\/wordpress\/segunda\/ca\/wp-json\/wp\/v2\/comments?post=257142"}],"version-history":[{"count":0,"href":"https:\/\/www.tucomarca.com\/wordpress\/segunda\/ca\/wp-json\/wp\/v2\/posts\/257142\/revisions"}],"wp:featuredmedia":[{"embeddable":true,"href":"https:\/\/www.tucomarca.com\/wordpress\/segunda\/ca\/wp-json\/wp\/v2\/media\/257140"}],"wp:attachment":[{"href":"https:\/\/www.tucomarca.com\/wordpress\/segunda\/ca\/wp-json\/wp\/v2\/media?parent=257142"}],"wp:term":[{"taxonomy":"category","embeddable":true,"href":"https:\/\/www.tucomarca.com\/wordpress\/segunda\/ca\/wp-json\/wp\/v2\/categories?post=257142"},{"taxonomy":"post_tag","embeddable":true,"href":"https:\/\/www.tucomarca.com\/wordpress\/segunda\/ca\/wp-json\/wp\/v2\/tags?post=257142"}],"curies":[{"name":"wp","href":"https:\/\/api.w.org\/{rel}","templated":true}]}}