{"id":257232,"date":"2025-03-10T12:00:00","date_gmt":"2025-03-10T11:00:00","guid":{"rendered":"https:\/\/www.tucomarca.com\/wordpress\/segunda\/?p=257232"},"modified":"2025-03-10T12:27:04","modified_gmt":"2025-03-10T11:27:04","slug":"pirocoet-obri-les-seues-portes-a-bunyol-amb-una-amplia-oferta-de-pirotecnia-per-a-tota-mena-desdeveniments","status":"publish","type":"post","link":"https:\/\/www.tucomarca.com\/wordpress\/segunda\/ca\/pirocoet-obri-les-seues-portes-a-bunyol-amb-una-amplia-oferta-de-pirotecnia-per-a-tota-mena-desdeveniments\/","title":{"rendered":"Pirocoet obri les seues portes a Bunyol amb una \u00e0mplia oferta de pirot\u00e8cnia per a tota mena d&#8217;esdeveniments"},"content":{"rendered":"\n<p>Bunyol compta amb una nova botiga especialitzada en pirot\u00e8cnia: Pirocoet ha obert les seues portes al carrer Ruiz Pons, n\u00famero 2, al costat de la Pla\u00e7a de la Diputaci\u00f3, oferint una \u00e0mplia varietat de productes essencials per a gaudir de les festes falleres aix\u00ed com d&#8217;esdeveniments com ara bodes, batejos, baby shower o qualsevol esdeveniment que requerisca traques, efectes o focs artificials.<\/p>\n\n\n\n<p>En Pirocoet podem trobar des de les cl\u00e0ssiques bombetas i petards, fins a traques, castells i efectes pirot\u00e8cnics per a tota mena de celebracions i esdeveniments; ja que Pirocoet posa a la disposici\u00f3 dels seus clients articles de classe 1, 2 i 3, adaptats a cada edat i necessitats.<\/p>\n\n\n\n<p>Amb m\u00e9s de 20 anys d&#8217;experi\u00e8ncia en el sector i una botiga consolidada a Val\u00e8ncia, Pirocoet arriba a Bunyol amb l&#8217;objectiu d&#8217;oferir assessorament expert i productes de qualitat per als qui busquen viure la pirot\u00e8cnia amb seguretat i emoci\u00f3.<\/p>\n\n\n\n<p>La botiga Pirocoet destaca no sols pel seu extens cat\u00e0leg, sin\u00f3 tamb\u00e9 per la seua cridanera fa\u00e7ana decorada amb espectaculars grafitis, que la fa inconfusible en la seua ubicaci\u00f3.<\/p>\n\n\n\n<p>Pirocoet est\u00e0 obert tots els dies durant el mes de mar\u00e7; i a partir d&#8217;abril els dijous i els divendres. Si ho desitgen, podran obtindre m\u00e9s informaci\u00f3 trucant al tel\u00e8fon 607 308 553.<\/p>\n\n\n\n<figure class=\"wp-block-gallery has-nested-images columns-1 is-cropped wp-block-gallery-1 is-layout-flex wp-block-gallery-is-layout-flex\">\n<figure class=\"wp-block-image size-large\"><img loading=\"lazy\" decoding=\"async\" width=\"1024\" height=\"844\" data-id=\"257197\" src=\"https:\/\/www.tucomarca.com\/wordpress\/segunda\/wp-content\/uploads\/2025\/03\/Pirocoet01-1024x844.jpg\" alt=\"\" class=\"wp-image-257197\" srcset=\"https:\/\/www.tucomarca.com\/wordpress\/segunda\/wp-content\/uploads\/2025\/03\/Pirocoet01-1024x844.jpg 1024w, https:\/\/www.tucomarca.com\/wordpress\/segunda\/wp-content\/uploads\/2025\/03\/Pirocoet01-300x247.jpg 300w, https:\/\/www.tucomarca.com\/wordpress\/segunda\/wp-content\/uploads\/2025\/03\/Pirocoet01-768x633.jpg 768w, https:\/\/www.tucomarca.com\/wordpress\/segunda\/wp-content\/uploads\/2025\/03\/Pirocoet01.jpg 1181w\" sizes=\"auto, (max-width: 1024px) 100vw, 1024px\" \/><\/figure>\n\n\n\n<figure class=\"wp-block-image size-large\"><img loading=\"lazy\" decoding=\"async\" width=\"1024\" height=\"768\" data-id=\"257199\" src=\"https:\/\/www.tucomarca.com\/wordpress\/segunda\/wp-content\/uploads\/2025\/03\/Pirocoet02-1024x768.jpg\" alt=\"\" class=\"wp-image-257199\" srcset=\"https:\/\/www.tucomarca.com\/wordpress\/segunda\/wp-content\/uploads\/2025\/03\/Pirocoet02-1024x768.jpg 1024w, https:\/\/www.tucomarca.com\/wordpress\/segunda\/wp-content\/uploads\/2025\/03\/Pirocoet02-300x225.jpg 300w, https:\/\/www.tucomarca.com\/wordpress\/segunda\/wp-content\/uploads\/2025\/03\/Pirocoet02-768x576.jpg 768w, https:\/\/www.tucomarca.com\/wordpress\/segunda\/wp-content\/uploads\/2025\/03\/Pirocoet02-678x509.jpg 678w, https:\/\/www.tucomarca.com\/wordpress\/segunda\/wp-content\/uploads\/2025\/03\/Pirocoet02-326x245.jpg 326w, https:\/\/www.tucomarca.com\/wordpress\/segunda\/wp-content\/uploads\/2025\/03\/Pirocoet02-80x60.jpg 80w, https:\/\/www.tucomarca.com\/wordpress\/segunda\/wp-content\/uploads\/2025\/03\/Pirocoet02.jpg 1181w\" sizes=\"auto, (max-width: 1024px) 100vw, 1024px\" \/><\/figure>\n\n\n\n<figure class=\"wp-block-image size-large\"><img loading=\"lazy\" decoding=\"async\" width=\"1024\" height=\"523\" data-id=\"257201\" src=\"https:\/\/www.tucomarca.com\/wordpress\/segunda\/wp-content\/uploads\/2025\/03\/Pirocoet03-1024x523.jpg\" alt=\"\" class=\"wp-image-257201\" srcset=\"https:\/\/www.tucomarca.com\/wordpress\/segunda\/wp-content\/uploads\/2025\/03\/Pirocoet03-1024x523.jpg 1024w, https:\/\/www.tucomarca.com\/wordpress\/segunda\/wp-content\/uploads\/2025\/03\/Pirocoet03-300x153.jpg 300w, https:\/\/www.tucomarca.com\/wordpress\/segunda\/wp-content\/uploads\/2025\/03\/Pirocoet03-768x392.jpg 768w, https:\/\/www.tucomarca.com\/wordpress\/segunda\/wp-content\/uploads\/2025\/03\/Pirocoet03.jpg 1181w\" sizes=\"auto, (max-width: 1024px) 100vw, 1024px\" \/><\/figure>\n\n\n\n<figure class=\"wp-block-image size-large\"><img loading=\"lazy\" decoding=\"async\" width=\"1024\" height=\"591\" data-id=\"257203\" src=\"https:\/\/www.tucomarca.com\/wordpress\/segunda\/wp-content\/uploads\/2025\/03\/Pirocoet04-1024x591.jpg\" alt=\"\" class=\"wp-image-257203\" srcset=\"https:\/\/www.tucomarca.com\/wordpress\/segunda\/wp-content\/uploads\/2025\/03\/Pirocoet04-1024x591.jpg 1024w, https:\/\/www.tucomarca.com\/wordpress\/segunda\/wp-content\/uploads\/2025\/03\/Pirocoet04-300x173.jpg 300w, https:\/\/www.tucomarca.com\/wordpress\/segunda\/wp-content\/uploads\/2025\/03\/Pirocoet04-768x444.jpg 768w, https:\/\/www.tucomarca.com\/wordpress\/segunda\/wp-content\/uploads\/2025\/03\/Pirocoet04.jpg 1181w\" sizes=\"auto, (max-width: 1024px) 100vw, 1024px\" \/><\/figure>\n<\/figure>\n","protected":false},"excerpt":{"rendered":"<div class=\"mh-excerpt\">Bunyol compta amb una nova botiga especialitzada en pirot\u00e8cnia: Pirocoet ha obert les seues portes al carrer Ruiz Pons, n\u00famero 2, al costat de la Pla\u00e7a de la Diputaci\u00f3, oferint una \u00e0mplia varietat de productes <a class=\"mh-excerpt-more\" href=\"https:\/\/www.tucomarca.com\/wordpress\/segunda\/ca\/pirocoet-obri-les-seues-portes-a-bunyol-amb-una-amplia-oferta-de-pirotecnia-per-a-tota-mena-desdeveniments\/\" title=\"Pirocoet obri les seues portes a Bunyol amb una \u00e0mplia oferta de pirot\u00e8cnia per a tota mena d&#8217;esdeveniments\">[+] <\/a><\/div>\n","protected":false},"author":12,"featured_media":257206,"comment_status":"open","ping_status":"open","sticky":false,"template":"","format":"standard","meta":{"footnotes":""},"categories":[10911,10948,10894,10912,10902,11007,10896,11047],"tags":[10913,10914,22015,22016,22017],"class_list":{"0":"post-257232","1":"post","2":"type-post","3":"status-publish","4":"format-standard","5":"has-post-thumbnail","7":"category-bunol-ca","8":"category-infraestructuras-ca","9":"category-la-comarca-ca","10":"category-la-hoya-ca","11":"category-la-ribera-ca","12":"category-ocio-y-cultura-ca","13":"category-seccion-ca","14":"category-turis-ca","15":"tag-bunol-ca","16":"tag-la-hoya-de-bunol-chiva-ca","17":"tag-petardos-ca","18":"tag-pirocoet-ca","19":"tag-tienda-de-pirotecnia-ca"},"_links":{"self":[{"href":"https:\/\/www.tucomarca.com\/wordpress\/segunda\/ca\/wp-json\/wp\/v2\/posts\/257232","targetHints":{"allow":["GET"]}}],"collection":[{"href":"https:\/\/www.tucomarca.com\/wordpress\/segunda\/ca\/wp-json\/wp\/v2\/posts"}],"about":[{"href":"https:\/\/www.tucomarca.com\/wordpress\/segunda\/ca\/wp-json\/wp\/v2\/types\/post"}],"author":[{"embeddable":true,"href":"https:\/\/www.tucomarca.com\/wordpress\/segunda\/ca\/wp-json\/wp\/v2\/users\/12"}],"replies":[{"embeddable":true,"href":"https:\/\/www.tucomarca.com\/wordpress\/segunda\/ca\/wp-json\/wp\/v2\/comments?post=257232"}],"version-history":[{"count":0,"href":"https:\/\/www.tucomarca.com\/wordpress\/segunda\/ca\/wp-json\/wp\/v2\/posts\/257232\/revisions"}],"wp:featuredmedia":[{"embeddable":true,"href":"https:\/\/www.tucomarca.com\/wordpress\/segunda\/ca\/wp-json\/wp\/v2\/media\/257206"}],"wp:attachment":[{"href":"https:\/\/www.tucomarca.com\/wordpress\/segunda\/ca\/wp-json\/wp\/v2\/media?parent=257232"}],"wp:term":[{"taxonomy":"category","embeddable":true,"href":"https:\/\/www.tucomarca.com\/wordpress\/segunda\/ca\/wp-json\/wp\/v2\/categories?post=257232"},{"taxonomy":"post_tag","embeddable":true,"href":"https:\/\/www.tucomarca.com\/wordpress\/segunda\/ca\/wp-json\/wp\/v2\/tags?post=257232"}],"curies":[{"name":"wp","href":"https:\/\/api.w.org\/{rel}","templated":true}]}}