{"id":257273,"date":"2025-03-10T12:10:00","date_gmt":"2025-03-10T11:10:00","guid":{"rendered":"https:\/\/www.tucomarca.com\/wordpress\/segunda\/?p=257273"},"modified":"2025-03-10T13:25:46","modified_gmt":"2025-03-10T12:25:46","slug":"exposicio-del-ninot-besamans-i-crida-en-un-complet-cap-de-setmana-faller","status":"publish","type":"post","link":"https:\/\/www.tucomarca.com\/wordpress\/segunda\/ca\/exposicio-del-ninot-besamans-i-crida-en-un-complet-cap-de-setmana-faller\/","title":{"rendered":"Exposici\u00f3 del ninot, besamans i crida en un complet cap de setmana faller"},"content":{"rendered":"\n<p>El m\u00f3n faller de Tur\u00eds va viure un diumenge intens amb pr\u00e0cticament tota la jornada plena d&#8217;actes. Al mat\u00ed s&#8217;inaugurava l&#8217;exposici\u00f3 del ninot, que enguany canvia d&#8217;ubicaci\u00f3 i passa a instal\u00b7lar-se en el mercat municipal. Un lloc m\u00e9s c\u00e8ntric i transitat que millorar\u00e0 la visualitzaci\u00f3 dels ninots.<\/p>\n\n\n\n<p>A continuaci\u00f3, els quadres d&#8217;honor de les cinc comissions van protagonitzar en l&#8217;ermita el besamans a la patrona, la Mare de D\u00e9u dels Dolors Gloriosos. Un esdeveniment en el qual reben de la parr\u00f2quia una estampa i un fermall amb la seua imatge, i que enguany, amb motiu del 75 aniversari de la coronaci\u00f3, tamb\u00e9 es posa a la disposici\u00f3 de totes les persones que ho desitgen adquirir.<\/p>\n\n\n\n<p>La jornada va finalitzar amb la tradicional crida des del balc\u00f3 de l&#8217;Ajuntament que enguany va estar precedida per l&#8217;animaci\u00f3 a c\u00e0rrec de \u201cVaya show de 2\u201d, que va interpretar el hit de les falles per a tot el p\u00fablic.<\/p>\n\n\n\n<p>La crida est\u00e0 feta, falleres majors i presidents ho van deixar clar, Tur\u00eds obrir\u00e0 les portes un any m\u00e9s per a tots els amants de la festa fallera. Aix\u00f2 s\u00ed, despr\u00e9s de les de Val\u00e8ncia, del 27 al 30 de mar\u00e7.<\/p>\n\n\n\n<figure class=\"wp-block-gallery has-nested-images columns-1 is-cropped wp-block-gallery-1 is-layout-flex wp-block-gallery-is-layout-flex\">\n<figure class=\"wp-block-image size-large\"><img loading=\"lazy\" decoding=\"async\" width=\"1024\" height=\"683\" data-id=\"257270\" src=\"https:\/\/www.tucomarca.com\/wordpress\/segunda\/wp-content\/uploads\/2025\/03\/TurisFallas03-1024x683.jpg\" alt=\"\" class=\"wp-image-257270\" srcset=\"https:\/\/www.tucomarca.com\/wordpress\/segunda\/wp-content\/uploads\/2025\/03\/TurisFallas03-1024x683.jpg 1024w, https:\/\/www.tucomarca.com\/wordpress\/segunda\/wp-content\/uploads\/2025\/03\/TurisFallas03-300x200.jpg 300w, https:\/\/www.tucomarca.com\/wordpress\/segunda\/wp-content\/uploads\/2025\/03\/TurisFallas03-768x512.jpg 768w, https:\/\/www.tucomarca.com\/wordpress\/segunda\/wp-content\/uploads\/2025\/03\/TurisFallas03-1536x1024.jpg 1536w, https:\/\/www.tucomarca.com\/wordpress\/segunda\/wp-content\/uploads\/2025\/03\/TurisFallas03-2048x1365.jpg 2048w\" sizes=\"auto, (max-width: 1024px) 100vw, 1024px\" \/><\/figure>\n\n\n\n<figure class=\"wp-block-image size-large\"><img loading=\"lazy\" decoding=\"async\" width=\"1024\" height=\"683\" data-id=\"257268\" src=\"https:\/\/www.tucomarca.com\/wordpress\/segunda\/wp-content\/uploads\/2025\/03\/TurisFallas02-1024x683.jpg\" alt=\"\" class=\"wp-image-257268\" srcset=\"https:\/\/www.tucomarca.com\/wordpress\/segunda\/wp-content\/uploads\/2025\/03\/TurisFallas02-1024x683.jpg 1024w, https:\/\/www.tucomarca.com\/wordpress\/segunda\/wp-content\/uploads\/2025\/03\/TurisFallas02-300x200.jpg 300w, https:\/\/www.tucomarca.com\/wordpress\/segunda\/wp-content\/uploads\/2025\/03\/TurisFallas02-768x512.jpg 768w, https:\/\/www.tucomarca.com\/wordpress\/segunda\/wp-content\/uploads\/2025\/03\/TurisFallas02-1536x1024.jpg 1536w, https:\/\/www.tucomarca.com\/wordpress\/segunda\/wp-content\/uploads\/2025\/03\/TurisFallas02-2048x1365.jpg 2048w\" sizes=\"auto, (max-width: 1024px) 100vw, 1024px\" \/><\/figure>\n<\/figure>\n","protected":false},"excerpt":{"rendered":"<div class=\"mh-excerpt\">El m\u00f3n faller de Tur\u00eds va viure un diumenge intens amb pr\u00e0cticament tota la jornada plena d&#8217;actes. Al mat\u00ed s&#8217;inaugurava l&#8217;exposici\u00f3 del ninot, que enguany canvia d&#8217;ubicaci\u00f3 i passa a instal\u00b7lar-se en el mercat municipal. <a class=\"mh-excerpt-more\" href=\"https:\/\/www.tucomarca.com\/wordpress\/segunda\/ca\/exposicio-del-ninot-besamans-i-crida-en-un-complet-cap-de-setmana-faller\/\" title=\"Exposici\u00f3 del ninot, besamans i crida en un complet cap de setmana faller\">[+] <\/a><\/div>\n","protected":false},"author":13,"featured_media":257267,"comment_status":"open","ping_status":"open","sticky":false,"template":"","format":"gallery","meta":{"footnotes":""},"categories":[10894,10902,11004,11007,11008,10896,11047],"tags":[20849,11077,15856,11093],"class_list":{"0":"post-257273","1":"post","2":"type-post","3":"status-publish","4":"format-gallery","5":"has-post-thumbnail","7":"category-la-comarca-ca","8":"category-la-ribera-ca","9":"category-la-semana-en-imagenes-ca","10":"category-ocio-y-cultura-ca","11":"category-pueblos-en-fiestas-ca","12":"category-seccion-ca","13":"category-turis-ca","14":"tag-fallas-2025-ca","15":"tag-la-ribera-alta-ca","16":"tag-ocio-y-cultura-ca","17":"tag-turis-ca","18":"post_format-post-format-gallery"},"_links":{"self":[{"href":"https:\/\/www.tucomarca.com\/wordpress\/segunda\/ca\/wp-json\/wp\/v2\/posts\/257273","targetHints":{"allow":["GET"]}}],"collection":[{"href":"https:\/\/www.tucomarca.com\/wordpress\/segunda\/ca\/wp-json\/wp\/v2\/posts"}],"about":[{"href":"https:\/\/www.tucomarca.com\/wordpress\/segunda\/ca\/wp-json\/wp\/v2\/types\/post"}],"author":[{"embeddable":true,"href":"https:\/\/www.tucomarca.com\/wordpress\/segunda\/ca\/wp-json\/wp\/v2\/users\/13"}],"replies":[{"embeddable":true,"href":"https:\/\/www.tucomarca.com\/wordpress\/segunda\/ca\/wp-json\/wp\/v2\/comments?post=257273"}],"version-history":[{"count":0,"href":"https:\/\/www.tucomarca.com\/wordpress\/segunda\/ca\/wp-json\/wp\/v2\/posts\/257273\/revisions"}],"wp:featuredmedia":[{"embeddable":true,"href":"https:\/\/www.tucomarca.com\/wordpress\/segunda\/ca\/wp-json\/wp\/v2\/media\/257267"}],"wp:attachment":[{"href":"https:\/\/www.tucomarca.com\/wordpress\/segunda\/ca\/wp-json\/wp\/v2\/media?parent=257273"}],"wp:term":[{"taxonomy":"category","embeddable":true,"href":"https:\/\/www.tucomarca.com\/wordpress\/segunda\/ca\/wp-json\/wp\/v2\/categories?post=257273"},{"taxonomy":"post_tag","embeddable":true,"href":"https:\/\/www.tucomarca.com\/wordpress\/segunda\/ca\/wp-json\/wp\/v2\/tags?post=257273"}],"curies":[{"name":"wp","href":"https:\/\/api.w.org\/{rel}","templated":true}]}}