{"id":258035,"date":"2025-03-16T13:00:00","date_gmt":"2025-03-16T12:00:00","guid":{"rendered":"https:\/\/www.tucomarca.com\/wordpress\/segunda\/?p=258035"},"modified":"2025-03-16T19:42:02","modified_gmt":"2025-03-16T18:42:02","slug":"mazon-destinem-486-milions-deuros-per-a-fomentar-inversions-productives-de-les-nostres-pimes-i-avancar-en-la-recuperacio-del-teixit-empresarial","status":"publish","type":"post","link":"https:\/\/www.tucomarca.com\/wordpress\/segunda\/ca\/mazon-destinem-486-milions-deuros-per-a-fomentar-inversions-productives-de-les-nostres-pimes-i-avancar-en-la-recuperacio-del-teixit-empresarial\/","title":{"rendered":"Maz\u00f3n: \u201cDestinem 48,6 milions d&#8217;euros per a fomentar inversions productives de les nostres pimes i avan\u00e7ar en la recuperaci\u00f3 del teixit empresarial\u201d"},"content":{"rendered":"\n<h3 class=\"wp-block-heading\">Destaca que es prioritzaran municipis les ind\u00fastries dels quals s&#8217;hagen vist afectades per les inundacions que rebran \u201cel 50% del finan\u00e7ament dels seus projectes\u201d.<\/h3>\n\n\n\n<h3 class=\"wp-block-heading\">Indica que la setmana vinent es publicar\u00e0 la convocat\u00f2ria de les ajudes per a la millora de processos i productes de 14 sectors industrials, amb un m\u00e1xi-mo 200.000 euros per empresa.<\/h3>\n\n\n\n<h3 class=\"wp-block-heading\">Posa en valor el comprom\u00eds del Consell pel manteniment de l&#8217;ocupaci\u00f3 i la reactivaci\u00f3 econ\u00f2mica de les zones damnificades i recorda que \u201cja s&#8217;ha abonat 76 milions d&#8217;euros de les ajudes directes, urgents i sense burocr\u00e0cia per a empreses i aut\u00f2noms amb empleats\u201d.<\/h3>\n\n\n\n<p>El president de la Generalitat, Carlos Maz\u00f3n, ha destacat la posada en marxa d&#8217;una l\u00ednia \u201cdotada amb 48,6 milions d&#8217;euros per a fomentar inversions productives de pimes per a afavorir la reindustrialitzaci\u00f3 de la Comunitat Valenciana i avan\u00e7ar en la recuperaci\u00f3 del teixit empresarial\u201d.<\/p>\n\n\n\n<p>El cap del Consell ha explicat que aquesta ordre, que es publicar\u00e0 la setmana vinent, compta amb la novetat de \u201cprioritzar als municipis estrat\u00e8gics per a la reindustrialitzaci\u00f3 entre els quals es troben les localitats en risc de despoblaci\u00f3 i aquelles les ind\u00fastries de les quals s&#8217;hagen vist afectades per les inundacions, ja que un dels objectius de la reconstrucci\u00f3 \u00e9s facilitar l&#8217;activitat productiva d&#8217;aquestes empreses\u201d.&nbsp;<\/p>\n\n\n\n<p>Maz\u00f3n ha indicat que \u201cles pimes d&#8217;aquestes localitats podran obtindre una subvenci\u00f3 del 50% de la inversi\u00f3, enfront del 30% de la resta\u201d. A m\u00e9s, comptaran amb 10 punts addicionals de valoraci\u00f3 i tindran prioritat en cas que es produ\u00efsca empat entre diverses sol\u00b7licituds.<\/p>\n\n\n\n<p>Aix\u00ed, ha detallat que, a trav\u00e9s d&#8217;aquesta l\u00ednia, fem costat a les pimes en les seues inversions en actius materials i immaterials perqu\u00e8 \u201cmodernitzen les l\u00ednies de producci\u00f3 i puguen millorar i optimitzar els seus resultats, la seua competitivitat i productivitat\u201d.<\/p>\n\n\n\n<p>En concret, la Generalitat costejar\u00e0 amb un m\u00e0xim de 200.000 euros per empresa, actuacions com la creaci\u00f3 d&#8217;un nou establiment industrial, l&#8217;ampliaci\u00f3, millora o modernitzaci\u00f3 d&#8217;un existent, la diversificaci\u00f3 de la producci\u00f3 o canvis essencials en els processos productius.<\/p>\n\n\n\n<p>El cap del Consell ha destacat el \u201cpaper fonamental de la ind\u00fastria per al creixement econ\u00f2mic, l&#8217;atracci\u00f3 d&#8217;inversions i el talent, i el desenvolupament d&#8217;infraestructures en la Comunitat Valenciana\u201d.<\/p>\n\n\n\n<p>Aix\u00ed mateix, ha ressaltat el comprom\u00eds de l&#8217;Executiu valenci\u00e0 pel manteniment de l&#8217;ocupaci\u00f3 i la reactivaci\u00f3 de les zones damnificades a trav\u00e9s de les seues pimes.&nbsp;<\/p>\n\n\n\n<p>En aquest sentit, ha recordat que la Generalitat \u201cja ha abonat 76 milions d&#8217;euros de les ajudes directes, urgents i sense burocr\u00e0cia per a empreses industrials, pimes comercials o tur\u00edstiques, i aut\u00f2noms amb empleats per a facilitar la recuperaci\u00f3 de la seua productivitat\u201d.<\/p>\n\n\n\n<p><strong>Inversions per a la reindustrialitzaci\u00f3<\/strong><\/p>\n\n\n\n<p>La l\u00ednia d&#8217;ajudes a inversions productives de pimes per a la reindustrialitzaci\u00f3 de la Comunitat Valenciana corresponents a 2025 es publicar\u00e0 la setmana vinent en el DOGV en r\u00e8gim de concurr\u00e8ncia competitiva.&nbsp;<\/p>\n\n\n\n<p>Entre les despeses subvencionables cal destacar els costos de dissenyador, de certificaci\u00f3 de productes o de processos, de desenvolupaments industrials, d&#8217;instal\u00b7lacions de lluita contra incendis i de millora de la seguretat industrial.<\/p>\n\n\n\n<p>Quant als criteris de valoraci\u00f3 es tindr\u00e0 en compte, entre altres, la contribuci\u00f3 a la millora de la competitivitat mitjan\u00e7ant la innovaci\u00f3 dels processos o productes, la millora de la sostenibilitat amb inversions per a reduir el consum d&#8217;energia, residus contaminants, la petjada de carboni o la implantaci\u00f3 d&#8217;economia circular i la contribuci\u00f3 a crear ocupaci\u00f3 i a lluitar contra la despoblaci\u00f3.<\/p>\n\n\n\n<p><strong>14 sectors industrials<\/strong><\/p>\n\n\n\n<p>Podran beneficiar-se les petites i mitjanes empreses privades que desenvolupen o vagen a desenvolupar en la Comunitat Valenciana una activitat industrial productiva vinculada directament als 14 sectors industrials objecte de la convocat\u00f2ria entre els quals s&#8217;inclou per primera vegada l&#8217;H\u00e0bitat i la ind\u00fastria de l&#8217;esport.&nbsp;<\/p>\n\n\n\n<p>A m\u00e9s, estan dirigides als sectors de l&#8217;automoci\u00f3, espacial i aeron\u00e0utica i semiconductors; biotecnologia, producci\u00f3 audiovisual, de videojocs, d&#8217;animaci\u00f3 i de realitat augmentada i virtual; cer\u00e0mica, vidre i materials de construcci\u00f3 no met\u00e0l\u00b7lics; cuir i del cal\u00e7at; envasos i embalatges; joguet, esport i altres ind\u00fastries manufactureres; h\u00e0bitat (fusta, mobles i aparells d&#8217;il\u00b7luminaci\u00f3); marbre, pedra natural i \u00e0rids; metall-mec\u00e0nic; paper i arts gr\u00e0fiques; pl\u00e0stic; qu\u00edmic; t\u00e8xtil i valoritzaci\u00f3 de materials.<\/p>\n\n\n\n<p>El termini per a presentar sol\u00b7licituds ser\u00e0 del 21 de mar\u00e7 a l&#8217;11 d&#8217;abril de 2025. S&#8217;haur\u00e0 de realitzar a trav\u00e9s del tr\u00e0mit telem\u00e0tic dissenyat a aquest efecte al qual es pot accedir a trav\u00e9s aquest enlla\u00e7.<\/p>\n","protected":false},"excerpt":{"rendered":"<div class=\"mh-excerpt\">Destaca que es prioritzaran municipis les ind\u00fastries dels quals s&#8217;hagen vist afectades per les inundacions que rebran \u201cel 50% del finan\u00e7ament dels seus projectes\u201d. Indica que la setmana vinent es publicar\u00e0 la convocat\u00f2ria de les <a class=\"mh-excerpt-more\" href=\"https:\/\/www.tucomarca.com\/wordpress\/segunda\/ca\/mazon-destinem-486-milions-deuros-per-a-fomentar-inversions-productives-de-les-nostres-pimes-i-avancar-en-la-recuperacio-del-teixit-empresarial\/\" title=\"Maz\u00f3n: \u201cDestinem 48,6 milions d&#8217;euros per a fomentar inversions productives de les nostres pimes i avan\u00e7ar en la recuperaci\u00f3 del teixit empresarial\u201d\">[+] <\/a><\/div>\n","protected":false},"author":1,"featured_media":250685,"comment_status":"open","ping_status":"open","sticky":false,"template":"","format":"standard","meta":{"footnotes":""},"categories":[21466,10898,10948,10894,10904,10903,10947,10896,10897],"tags":[18807,15409,11199],"class_list":{"0":"post-258035","1":"post","2":"type-post","3":"status-publish","4":"format-standard","5":"has-post-thumbnail","7":"category-dana-ca","8":"category-ventana-ca","9":"category-infraestructuras-ca","10":"category-la-comarca-ca","11":"category-sin-categorizar-ca","12":"category-medio-ambiente-la-comarca-ca","13":"category-politica","14":"category-seccion-ca","15":"category-sucesos-la-comarca-ca","16":"tag-carlos-mazon-ca","17":"tag-dana-2-ca","18":"tag-la-comunitat-ca"},"_links":{"self":[{"href":"https:\/\/www.tucomarca.com\/wordpress\/segunda\/ca\/wp-json\/wp\/v2\/posts\/258035","targetHints":{"allow":["GET"]}}],"collection":[{"href":"https:\/\/www.tucomarca.com\/wordpress\/segunda\/ca\/wp-json\/wp\/v2\/posts"}],"about":[{"href":"https:\/\/www.tucomarca.com\/wordpress\/segunda\/ca\/wp-json\/wp\/v2\/types\/post"}],"author":[{"embeddable":true,"href":"https:\/\/www.tucomarca.com\/wordpress\/segunda\/ca\/wp-json\/wp\/v2\/users\/1"}],"replies":[{"embeddable":true,"href":"https:\/\/www.tucomarca.com\/wordpress\/segunda\/ca\/wp-json\/wp\/v2\/comments?post=258035"}],"version-history":[{"count":0,"href":"https:\/\/www.tucomarca.com\/wordpress\/segunda\/ca\/wp-json\/wp\/v2\/posts\/258035\/revisions"}],"wp:featuredmedia":[{"embeddable":true,"href":"https:\/\/www.tucomarca.com\/wordpress\/segunda\/ca\/wp-json\/wp\/v2\/media\/250685"}],"wp:attachment":[{"href":"https:\/\/www.tucomarca.com\/wordpress\/segunda\/ca\/wp-json\/wp\/v2\/media?parent=258035"}],"wp:term":[{"taxonomy":"category","embeddable":true,"href":"https:\/\/www.tucomarca.com\/wordpress\/segunda\/ca\/wp-json\/wp\/v2\/categories?post=258035"},{"taxonomy":"post_tag","embeddable":true,"href":"https:\/\/www.tucomarca.com\/wordpress\/segunda\/ca\/wp-json\/wp\/v2\/tags?post=258035"}],"curies":[{"name":"wp","href":"https:\/\/api.w.org\/{rel}","templated":true}]}}