{"id":258080,"date":"2025-03-17T11:30:00","date_gmt":"2025-03-17T10:30:00","guid":{"rendered":"https:\/\/www.tucomarca.com\/wordpress\/segunda\/?p=258080"},"modified":"2025-03-17T14:47:53","modified_gmt":"2025-03-17T13:47:53","slug":"la-mancomunitat-de-linterior-tierra-del-vino-fa-un-pas-al-futur-amb-la-seua-nova-smart-office","status":"publish","type":"post","link":"https:\/\/www.tucomarca.com\/wordpress\/segunda\/ca\/la-mancomunitat-de-linterior-tierra-del-vino-fa-un-pas-al-futur-amb-la-seua-nova-smart-office\/","title":{"rendered":"La Mancomunitat de l&#8217;Interior Tierra del Vino fa un pas al futur amb la seua nova Smart Office"},"content":{"rendered":"\n<h3 class=\"wp-block-heading\">Una iniciativa innovadora per a impulsar el turisme intel\u00b7ligent i sostenible a la regi\u00f3 finan\u00e7ada a trav\u00e9s del Pla de Sostenibilitat Tur\u00edstica en Dest\u00ed Tierra Bobal de la Mancomunitat de l&#8217;Interior Tierra del Vino<\/h3>\n\n\n\n<p>La Mancomunitat de l&#8217;Interior Tierra del Vino (MITV) fa un pas al futur amb la posada en marxa de la seua innovadora Smart Office, un projecte que busca transformar l&#8217;experi\u00e8ncia tur\u00edstica en els municipis de Camporrobles, Caudete de las Fuentes, Xera, Fuenterrobles, Requena, Sinarques, Utiel, Venta del Moro i Villargordo del Cabriel.<\/p>\n\n\n\n<p>Aquesta Smart Office representa una fita important en el comprom\u00eds de la MITV amb el desenvolupament sostenible i la promoci\u00f3 d&#8217;un turisme de qualitat que respecte l&#8217;entorn. El seu objectiu principal \u00e9s acostar les noves tecnologies als ciutadans i empreses de la comarca, facilitant l&#8217;acc\u00e9s a la informaci\u00f3 i fomentant la col\u00b7laboraci\u00f3 entre els diferents actors del sector tur\u00edstic.<\/p>\n\n\n\n<p><strong>Qu\u00e8 \u00e9s la Smart Office?<\/strong><\/p>\n\n\n\n<p>La Smart Office \u00e9s un espai digital i f\u00edsic que servir\u00e0 com a centre neur\u00e0lgic per a la gesti\u00f3 i promoci\u00f3 del turisme en Tierra Bobal. A trav\u00e9s d&#8217;aquesta plataforma, es busca:<\/p>\n\n\n\n<ul class=\"wp-block-list\">\n<li>Augmentar el coneixement: que tant ciutadans com empreses de la comarca, coneguen els avantatges de les noves tecnologies per a millorar la seua qualitat de vida i l&#8217;experi\u00e8ncia tur\u00edstica.<\/li>\n\n\n\n<li>Comunicar els assoliments: informar de manera transparent sobre els avan\u00e7os i beneficis que la Smart Office aporta a la regi\u00f3.&nbsp;<\/li>\n\n\n\n<li>Posicionar Tierra Bobal: com una destinaci\u00f3 tur\u00edstica intel\u00b7ligent i sostenible, referent a nivell nacional i internacional.\u00a0<\/li>\n\n\n\n<li>Fomentar la col\u00b7laboraci\u00f3: creant sinergies entre el sector p\u00fablic, privat i la comunitat local.&nbsp;<\/li>\n\n\n\n<li>Promoure la imatge de Tierra Bobal: com un dest\u00ed innovador i comprom\u00e9s amb el desenvolupament sostenible.<\/li>\n<\/ul>\n\n\n\n<p>La Smart Office oferir\u00e0 una \u00e0mplia gamma de serveis i eines per a millorar l&#8217;experi\u00e8ncia tur\u00edstica en Tierra Bobal. Per aquest motiu, la MITV anima a tots els ciutadans i empreses de la regi\u00f3 a con\u00e9ixer i participar en aquesta innovadora iniciativa, que busca construir un futur m\u00e9s pr\u00f2sper i sostenible per a tots.<\/p>\n\n\n\n<p>La posada en marxa d&#8217;aquesta Smart Office \u00e9s una de les actuacions arreplegades en <strong>el\u00a0<a href=\"https:\/\/tierrabobal.es\/tierra-bobal-participa-en-la-presentacion-del-plan-territorial-de-sostenibilidad-turistica-de-la-comunitat-valenciana\/\" data-type=\"link\" data-id=\"https:\/\/tierrabobal.es\/tierra-bobal-participa-en-la-presentacion-del-plan-territorial-de-sostenibilidad-turistica-de-la-comunitat-valenciana\/\">Plan de Sostenibilidad Tur\u00edstica en Destino Tierra Bobal (PSTD)<\/a>\u00a0de la MITV<\/strong>, nascut en el marc del Pla Territorial de Sostenibilitat Tur\u00edstica de la Comunitat Valenciana a trav\u00e9s de la convocat\u00f2ria extraordin\u00e0ria 2021, i amb c\u00e0rrec al fons Pla de Recuperaci\u00f3, Transformaci\u00f3 i Resili\u00e8ncia finan\u00e7at per la Uni\u00f3 Europea- Next GenerationEU.<\/p>\n","protected":false},"excerpt":{"rendered":"<div class=\"mh-excerpt\">Una iniciativa innovadora per a impulsar el turisme intel\u00b7ligent i sostenible a la regi\u00f3 finan\u00e7ada a trav\u00e9s del Pla de Sostenibilitat Tur\u00edstica en Dest\u00ed Tierra Bobal de la Mancomunitat de l&#8217;Interior Tierra del Vino La <a class=\"mh-excerpt-more\" href=\"https:\/\/www.tucomarca.com\/wordpress\/segunda\/ca\/la-mancomunitat-de-linterior-tierra-del-vino-fa-un-pas-al-futur-amb-la-seua-nova-smart-office\/\" title=\"La Mancomunitat de l&#8217;Interior Tierra del Vino fa un pas al futur amb la seua nova Smart Office\">[+] <\/a><\/div>\n","protected":false},"author":13,"featured_media":258078,"comment_status":"open","ping_status":"open","sticky":false,"template":"","format":"standard","meta":{"footnotes":""},"categories":[11031,11032,11054,11055,10908,10909,11058,11059,11060,11061],"tags":[11098,15963,11318,12836,11099,10910,11089,11174,11709,13837],"class_list":{"0":"post-258080","1":"post","2":"type-post","3":"status-publish","4":"format-standard","5":"has-post-thumbnail","7":"category-camporrobles-ca","8":"category-caudete-ca","9":"category-chera-ca","10":"category-fuenterrobles-ca","11":"category-requena-ca","12":"category-requena-utiel-ca","13":"category-sinarcas-ca","14":"category-utiel-ca","15":"category-venta-del-moro-ca","16":"category-villargordo-del-cabriel-ca","17":"tag-camporrobles-ca","18":"tag-caudete-ca","19":"tag-chera-ca","20":"tag-fuenterrobles-ca","21":"tag-requena-ca","22":"tag-requena-utiel-ca","23":"tag-sinarcas-ca","24":"tag-utiel-ca","25":"tag-venta-del-moro-ca","26":"tag-villargordo-del-cabriel-ca"},"_links":{"self":[{"href":"https:\/\/www.tucomarca.com\/wordpress\/segunda\/ca\/wp-json\/wp\/v2\/posts\/258080","targetHints":{"allow":["GET"]}}],"collection":[{"href":"https:\/\/www.tucomarca.com\/wordpress\/segunda\/ca\/wp-json\/wp\/v2\/posts"}],"about":[{"href":"https:\/\/www.tucomarca.com\/wordpress\/segunda\/ca\/wp-json\/wp\/v2\/types\/post"}],"author":[{"embeddable":true,"href":"https:\/\/www.tucomarca.com\/wordpress\/segunda\/ca\/wp-json\/wp\/v2\/users\/13"}],"replies":[{"embeddable":true,"href":"https:\/\/www.tucomarca.com\/wordpress\/segunda\/ca\/wp-json\/wp\/v2\/comments?post=258080"}],"version-history":[{"count":0,"href":"https:\/\/www.tucomarca.com\/wordpress\/segunda\/ca\/wp-json\/wp\/v2\/posts\/258080\/revisions"}],"wp:featuredmedia":[{"embeddable":true,"href":"https:\/\/www.tucomarca.com\/wordpress\/segunda\/ca\/wp-json\/wp\/v2\/media\/258078"}],"wp:attachment":[{"href":"https:\/\/www.tucomarca.com\/wordpress\/segunda\/ca\/wp-json\/wp\/v2\/media?parent=258080"}],"wp:term":[{"taxonomy":"category","embeddable":true,"href":"https:\/\/www.tucomarca.com\/wordpress\/segunda\/ca\/wp-json\/wp\/v2\/categories?post=258080"},{"taxonomy":"post_tag","embeddable":true,"href":"https:\/\/www.tucomarca.com\/wordpress\/segunda\/ca\/wp-json\/wp\/v2\/tags?post=258080"}],"curies":[{"name":"wp","href":"https:\/\/api.w.org\/{rel}","templated":true}]}}