{"id":258922,"date":"2025-03-21T10:15:00","date_gmt":"2025-03-21T09:15:00","guid":{"rendered":"https:\/\/www.tucomarca.com\/wordpress\/segunda\/?p=258922"},"modified":"2025-03-21T14:17:27","modified_gmt":"2025-03-21T13:17:27","slug":"la-generalitat-reforca-el-pla-de-xoc-per-a-la-retirada-de-residus-amb-mitjans-addicionals-per-a-la-gestio-denderrocs","status":"publish","type":"post","link":"https:\/\/www.tucomarca.com\/wordpress\/segunda\/ca\/la-generalitat-reforca-el-pla-de-xoc-per-a-la-retirada-de-residus-amb-mitjans-addicionals-per-a-la-gestio-denderrocs\/","title":{"rendered":"La Generalitat refor\u00e7a el pla de xoc per a la retirada de residus amb mitjans addicionals per a la gesti\u00f3 d&#8217;enderrocs"},"content":{"rendered":"\n<h3 class=\"wp-block-heading\">El secretari auton\u00f2mic de Medi Ambient assegura que els apilaments de restes de materials de construcci\u00f3, generats despr\u00e9s de les riuades, \u201cnecessiten un tractament espec\u00edfic\u201d.<\/h3>\n\n\n\n<h3 class=\"wp-block-heading\">La Conselleria col\u00b7laborar\u00e0 amb els ajuntaments de les zones afectades per a donar una soluci\u00f3 a cada cas.<\/h3>\n\n\n\n<p>La Conselleria de Medi Ambient, Infraestructures i Territori treballa en el refor\u00e7 progressiu del pla de xoc per a la retirada de residus amb mitjans addicionals que se sumaran als ja existents per a la gesti\u00f3 d&#8217;enderrocs.<\/p>\n\n\n\n<p>En aquests termes s&#8217;ha pronunciat el secretari auton\u00f2mic de Medi Ambient i Territori, Ra\u00fal M\u00e8rida, qui ha destacat que els apilaments de restes d&#8217;obres menors i materials de construcci\u00f3 i de la demolici\u00f3, generats despr\u00e9s de les riuades i que s\u00f3n de titularitat municipal, \u201cnecessiten un tractament espec\u00edfic a causa de la seua composici\u00f3 heterog\u00e8nia\u201d.<\/p>\n\n\n\n<p>Cal recordar que, despr\u00e9s de les inundacions, es va posar en marxa despr\u00e9s d&#8217;un dispositiu que ha perm\u00e9s retirar unes 800.000 tones de residus, aix\u00ed com el llot i els cotxes afectats. Ara aquest dispositiu s&#8217;ampliar\u00e0 amb la gesti\u00f3 dels residus d&#8217;obres de construcci\u00f3, aix\u00ed com de reparaci\u00f3 d&#8217;habitatges i locals que han de ser tractats per part de gestors autoritzats en instal\u00b7lacions com els ecoparcs.<\/p>\n\n\n\n<p>Amb l&#8217;objectiu d&#8217;ampliar aquest pla, com ha explicat M\u00e8rida, s&#8217;han mantingut reunions amb l&#8217;Associaci\u00f3 d&#8217;empresaris de selecci\u00f3 i reciclatge de residus de la construcci\u00f3 i de la ind\u00fastria (ARCI), els qui han mostrat \u201cla seua predisposici\u00f3 per col\u00b7laborar per a gestionar aquest tipus de materials en instal\u00b7lacions, ateses les necessitats d&#8217;ajuntaments afectats per les inundacions\u201d.<\/p>\n\n\n\n<p>Ra\u00fal M\u00e8rida tamb\u00e9 ha destacat que en el marc del refor\u00e7 del pla de xoc es remetran diferents comunicacions als municipis per a preguntar sobre les necessitats que tenen sobre gesti\u00f3 d&#8217;enderrocs i altres residus com els llots per a \u201cdonar resposta efica\u00e7 a cada cas\u201d.<\/p>\n\n\n\n<p>De la mateixa forma, es recorda que els residus de construcci\u00f3 i demolici\u00f3 (RCDs) d&#8217;infraestructures com el pont sobre el barranc del Pedr\u00eds o carreteres de titularitat auton\u00f2mica i local estan sent tractats, des del primer dia, seguint la legislaci\u00f3 vigent.<\/p>\n\n\n\n<p>Aix\u00ed mateix, el secretari auton\u00f2mic ha recordat que l&#8217;objectiu de la Generalitat \u201c\u00e9s treballar per a retornar a la normalitat a les zones afectades en col\u00b7laboraci\u00f3 amb els ajuntaments, la qual cosa implica la retirada gradual d&#8217;estris, objectes voluminosos i llots, aix\u00ed com el tancament definitiu d&#8217;aquests punts d&#8217;apilament\u201d.&nbsp;<\/p>\n\n\n\n<p>A m\u00e9s, conforme ha avan\u00e7at el proc\u00e9s de gesti\u00f3 de residus, la Conselleria de Medi Ambient, Infraestructures i Territori ha activat m\u00e9s mesurades en funci\u00f3 de les necessitats dels ajuntaments. En aquest sentit, en col\u00b7laboraci\u00f3 amb Ecoembes, s&#8217;han entregat centenars contenidors i disposat de mitjans perqu\u00e8, progressivament, els consistoris puguen recuperar les seues compet\u00e8ncies en mat\u00e8ries de residus.<\/p>\n","protected":false},"excerpt":{"rendered":"<div class=\"mh-excerpt\">El secretari auton\u00f2mic de Medi Ambient assegura que els apilaments de restes de materials de construcci\u00f3, generats despr\u00e9s de les riuades, \u201cnecessiten un tractament espec\u00edfic\u201d. La Conselleria col\u00b7laborar\u00e0 amb els ajuntaments de les zones afectades <a class=\"mh-excerpt-more\" href=\"https:\/\/www.tucomarca.com\/wordpress\/segunda\/ca\/la-generalitat-reforca-el-pla-de-xoc-per-a-la-retirada-de-residus-amb-mitjans-addicionals-per-a-la-gestio-denderrocs\/\" title=\"La Generalitat refor\u00e7a el pla de xoc per a la retirada de residus amb mitjans addicionals per a la gesti\u00f3 d&#8217;enderrocs\">[+] <\/a><\/div>\n","protected":false},"author":13,"featured_media":258919,"comment_status":"open","ping_status":"open","sticky":false,"template":"","format":"standard","meta":{"footnotes":""},"categories":[21466,10898,10948,10894,10904,10903,10947,10896,10897],"tags":[15409,11199,11140],"class_list":{"0":"post-258922","1":"post","2":"type-post","3":"status-publish","4":"format-standard","5":"has-post-thumbnail","7":"category-dana-ca","8":"category-ventana-ca","9":"category-infraestructuras-ca","10":"category-la-comarca-ca","11":"category-sin-categorizar-ca","12":"category-medio-ambiente-la-comarca-ca","13":"category-politica","14":"category-seccion-ca","15":"category-sucesos-la-comarca-ca","16":"tag-dana-2-ca","17":"tag-la-comunitat-ca","18":"tag-politica-ca"},"_links":{"self":[{"href":"https:\/\/www.tucomarca.com\/wordpress\/segunda\/ca\/wp-json\/wp\/v2\/posts\/258922","targetHints":{"allow":["GET"]}}],"collection":[{"href":"https:\/\/www.tucomarca.com\/wordpress\/segunda\/ca\/wp-json\/wp\/v2\/posts"}],"about":[{"href":"https:\/\/www.tucomarca.com\/wordpress\/segunda\/ca\/wp-json\/wp\/v2\/types\/post"}],"author":[{"embeddable":true,"href":"https:\/\/www.tucomarca.com\/wordpress\/segunda\/ca\/wp-json\/wp\/v2\/users\/13"}],"replies":[{"embeddable":true,"href":"https:\/\/www.tucomarca.com\/wordpress\/segunda\/ca\/wp-json\/wp\/v2\/comments?post=258922"}],"version-history":[{"count":0,"href":"https:\/\/www.tucomarca.com\/wordpress\/segunda\/ca\/wp-json\/wp\/v2\/posts\/258922\/revisions"}],"wp:featuredmedia":[{"embeddable":true,"href":"https:\/\/www.tucomarca.com\/wordpress\/segunda\/ca\/wp-json\/wp\/v2\/media\/258919"}],"wp:attachment":[{"href":"https:\/\/www.tucomarca.com\/wordpress\/segunda\/ca\/wp-json\/wp\/v2\/media?parent=258922"}],"wp:term":[{"taxonomy":"category","embeddable":true,"href":"https:\/\/www.tucomarca.com\/wordpress\/segunda\/ca\/wp-json\/wp\/v2\/categories?post=258922"},{"taxonomy":"post_tag","embeddable":true,"href":"https:\/\/www.tucomarca.com\/wordpress\/segunda\/ca\/wp-json\/wp\/v2\/tags?post=258922"}],"curies":[{"name":"wp","href":"https:\/\/api.w.org\/{rel}","templated":true}]}}