{"id":259140,"date":"2025-03-24T12:30:00","date_gmt":"2025-03-24T11:30:00","guid":{"rendered":"https:\/\/www.tucomarca.com\/wordpress\/segunda\/?p=259140"},"modified":"2025-03-24T19:52:01","modified_gmt":"2025-03-24T18:52:01","slug":"les-dansades-donen-pas-a-la-setmana-fallera-a-turis","status":"publish","type":"post","link":"https:\/\/www.tucomarca.com\/wordpress\/segunda\/ca\/les-dansades-donen-pas-a-la-setmana-fallera-a-turis\/","title":{"rendered":"Les &#8220;Dansades&#8221; donen pas a la Setmana Fallera a Tur\u00eds"},"content":{"rendered":"\n<p>Tur\u00eds ja est\u00e0 llest per a viure amb intensitat la seua Setmana Fallera, i com a avantsala de les festivitats, s&#8217;han celebrat les tradicionals &#8220;dansades&#8221; organitzades per la Junta Local Fallera en col\u00b7laboraci\u00f3 amb el Grup de Danses Tur\u00eds.<\/p>\n\n\n\n<p>Enguany, l&#8217;acte ha tingut un car\u00e0cter especial i emotiu, ja que en la seua part final ha estat presidit per la imatge de la patrona, la Mare de D\u00e9u dels Dolors Gloriosos, que ha baixat de manera extraordin\u00e0ria des de l&#8217;ermita. La imatge romandr\u00e0 en el municipi per a presidir l&#8217;ofrena fallera del pr\u00f2xim dissabte, un esdeveniment encara m\u00e9s significatiu en aquesta edici\u00f3, en commemorar-se el 75 aniversari de la seua coronaci\u00f3.<\/p>\n\n\n\n<p>Amb aquest solemne i entranyable acte, Tur\u00eds dona la benvinguda a la seua setmana gran, on la tradici\u00f3, la devoci\u00f3 i la festa s&#8217;uneixen per a omplir els carrers de color, p\u00f3lvora i emoci\u00f3.<\/p>\n\n\n\n<figure class=\"wp-block-gallery has-nested-images columns-1 is-cropped wp-block-gallery-1 is-layout-flex wp-block-gallery-is-layout-flex\">\n<figure class=\"wp-block-image size-large\"><img loading=\"lazy\" decoding=\"async\" width=\"1024\" height=\"577\" data-id=\"259137\" src=\"https:\/\/www.tucomarca.com\/wordpress\/segunda\/wp-content\/uploads\/2025\/03\/TurisDansaes01-1024x577.jpg\" alt=\"\" class=\"wp-image-259137\" srcset=\"https:\/\/www.tucomarca.com\/wordpress\/segunda\/wp-content\/uploads\/2025\/03\/TurisDansaes01-1024x577.jpg 1024w, https:\/\/www.tucomarca.com\/wordpress\/segunda\/wp-content\/uploads\/2025\/03\/TurisDansaes01-300x169.jpg 300w, https:\/\/www.tucomarca.com\/wordpress\/segunda\/wp-content\/uploads\/2025\/03\/TurisDansaes01-768x432.jpg 768w, https:\/\/www.tucomarca.com\/wordpress\/segunda\/wp-content\/uploads\/2025\/03\/TurisDansaes01-678x381.jpg 678w, https:\/\/www.tucomarca.com\/wordpress\/segunda\/wp-content\/uploads\/2025\/03\/TurisDansaes01.jpg 1181w\" sizes=\"auto, (max-width: 1024px) 100vw, 1024px\" \/><\/figure>\n\n\n\n<figure class=\"wp-block-image size-large\"><img loading=\"lazy\" decoding=\"async\" width=\"1024\" height=\"577\" data-id=\"259133\" src=\"http:\/\/www.tucomarca.com\/wordpress\/segunda\/wp-content\/uploads\/2025\/03\/TurisDansaes02-1024x577.jpg\" alt=\"\" class=\"wp-image-259133\" srcset=\"https:\/\/www.tucomarca.com\/wordpress\/segunda\/wp-content\/uploads\/2025\/03\/TurisDansaes02-1024x577.jpg 1024w, https:\/\/www.tucomarca.com\/wordpress\/segunda\/wp-content\/uploads\/2025\/03\/TurisDansaes02-300x169.jpg 300w, https:\/\/www.tucomarca.com\/wordpress\/segunda\/wp-content\/uploads\/2025\/03\/TurisDansaes02-768x432.jpg 768w, https:\/\/www.tucomarca.com\/wordpress\/segunda\/wp-content\/uploads\/2025\/03\/TurisDansaes02-678x381.jpg 678w, https:\/\/www.tucomarca.com\/wordpress\/segunda\/wp-content\/uploads\/2025\/03\/TurisDansaes02.jpg 1181w\" sizes=\"auto, (max-width: 1024px) 100vw, 1024px\" \/><\/figure>\n<\/figure>\n","protected":false},"excerpt":{"rendered":"<div class=\"mh-excerpt\">Tur\u00eds ja est\u00e0 llest per a viure amb intensitat la seua Setmana Fallera, i com a avantsala de les festivitats, s&#8217;han celebrat les tradicionals &#8220;dansades&#8221; organitzades per la Junta Local Fallera en col\u00b7laboraci\u00f3 amb el <a class=\"mh-excerpt-more\" href=\"https:\/\/www.tucomarca.com\/wordpress\/segunda\/ca\/les-dansades-donen-pas-a-la-setmana-fallera-a-turis\/\" title=\"Les &#8220;Dansades&#8221; donen pas a la Setmana Fallera a Tur\u00eds\">[+] <\/a><\/div>\n","protected":false},"author":12,"featured_media":259132,"comment_status":"open","ping_status":"open","sticky":false,"template":"","format":"gallery","meta":{"footnotes":""},"categories":[11019,10894,10904,10902,11004,11007,11008,10896,11047],"tags":[20849,11356,11093],"class_list":{"0":"post-259140","1":"post","2":"type-post","3":"status-publish","4":"format-gallery","5":"has-post-thumbnail","7":"category-agenda-ca","8":"category-la-comarca-ca","9":"category-sin-categorizar-ca","10":"category-la-ribera-ca","11":"category-la-semana-en-imagenes-ca","12":"category-ocio-y-cultura-ca","13":"category-pueblos-en-fiestas-ca","14":"category-seccion-ca","15":"category-turis-ca","16":"tag-fallas-2025-ca","17":"tag-ribera-alta-ca","18":"tag-turis-ca","19":"post_format-post-format-gallery"},"_links":{"self":[{"href":"https:\/\/www.tucomarca.com\/wordpress\/segunda\/ca\/wp-json\/wp\/v2\/posts\/259140","targetHints":{"allow":["GET"]}}],"collection":[{"href":"https:\/\/www.tucomarca.com\/wordpress\/segunda\/ca\/wp-json\/wp\/v2\/posts"}],"about":[{"href":"https:\/\/www.tucomarca.com\/wordpress\/segunda\/ca\/wp-json\/wp\/v2\/types\/post"}],"author":[{"embeddable":true,"href":"https:\/\/www.tucomarca.com\/wordpress\/segunda\/ca\/wp-json\/wp\/v2\/users\/12"}],"replies":[{"embeddable":true,"href":"https:\/\/www.tucomarca.com\/wordpress\/segunda\/ca\/wp-json\/wp\/v2\/comments?post=259140"}],"version-history":[{"count":0,"href":"https:\/\/www.tucomarca.com\/wordpress\/segunda\/ca\/wp-json\/wp\/v2\/posts\/259140\/revisions"}],"wp:featuredmedia":[{"embeddable":true,"href":"https:\/\/www.tucomarca.com\/wordpress\/segunda\/ca\/wp-json\/wp\/v2\/media\/259132"}],"wp:attachment":[{"href":"https:\/\/www.tucomarca.com\/wordpress\/segunda\/ca\/wp-json\/wp\/v2\/media?parent=259140"}],"wp:term":[{"taxonomy":"category","embeddable":true,"href":"https:\/\/www.tucomarca.com\/wordpress\/segunda\/ca\/wp-json\/wp\/v2\/categories?post=259140"},{"taxonomy":"post_tag","embeddable":true,"href":"https:\/\/www.tucomarca.com\/wordpress\/segunda\/ca\/wp-json\/wp\/v2\/tags?post=259140"}],"curies":[{"name":"wp","href":"https:\/\/api.w.org\/{rel}","templated":true}]}}