{"id":259281,"date":"2025-03-25T12:04:00","date_gmt":"2025-03-25T11:04:00","guid":{"rendered":"https:\/\/www.tucomarca.com\/wordpress\/segunda\/?p=259281"},"modified":"2025-03-25T21:22:27","modified_gmt":"2025-03-25T20:22:27","slug":"declaren-mortes-a-dos-de-les-tres-persones-desaparegudes-per-la-dana-a-valencia","status":"publish","type":"post","link":"https:\/\/www.tucomarca.com\/wordpress\/segunda\/ca\/declaren-mortes-a-dos-de-les-tres-persones-desaparegudes-per-la-dana-a-valencia\/","title":{"rendered":"Declaren mortes a dos de les tres persones desaparegudes per la DANA a Val\u00e8ncia"},"content":{"rendered":"\n<p>Els jutjats han declarat oficialment com morts a dos de les tres persones que romanien desaparegudes a la prov\u00edncia de Val\u00e8ncia despr\u00e9s de les inundacions provocades per la DANA del passat 29 d&#8217;octubre. Amb aquesta actualitzaci\u00f3, el nombre total de v\u00edctimes mortals ascendeix a 227.<\/p>\n\n\n\n<p>Segons va confirmar el Tribunal Superior de Just\u00edcia de la Comunitat Valenciana, les v\u00edctimes s\u00f3n Francisco Ruiz, de 64 anys, qui va desapar\u00e9ixer a Montserrat despr\u00e9s de posar fora de perill als seus dos nets de 5 i 10 anys en el sostre del seu cotxe, i Jos\u00e9 Javier Vicent, de 56 anys, que va ser arrossegat per la riuada a Pedralba mentre condu\u00efa al costat de la seua filla, el cos de la qual va ser trobat a m\u00e9s de 60 quil\u00f2metres de dist\u00e0ncia.<\/p>\n\n\n\n<p><strong>Encara queda una persona desapareguda<\/strong><\/p>\n\n\n\n<p>En les estad\u00edstiques judicials i policials encara figura una persona desapareguda, Elisabeth Gil, de 37 anys i mare de dos xiquets. El seu expedient de jurisdicci\u00f3 volunt\u00e0ria va ser presentat pels seus familiars amb posterioritat als anteriors i es troba en tr\u00e0mit en un jutjat de Requena.<\/p>\n\n\n\n<p>Elisabeth va desapar\u00e9ixer a Xest, despr\u00e9s que el seu vehicle, condu\u00eft per la seua mare, fora atropellat per la for\u00e7a de l&#8217;aigua durant les inundacions. El cos de la seua mare ja va ser recuperat.<\/p>\n\n\n\n<p>Aquest reconeixement legal permetr\u00e0 als familiars de les v\u00edctimes exercir accions penals en la causa que instrueix el Jutjat d&#8217;Instrucci\u00f3 3 de Catarroja. A m\u00e9s, els facilitar\u00e0 l&#8217;acc\u00e9s a ajudes econ\u00f2miques del Govern, que concedeix 72.000 euros per defunci\u00f3.<\/p>\n\n\n\n<p>Les fam\u00edlies dels afectats continuen reclamant responsabilitats en els tribunals.<\/p>\n","protected":false},"excerpt":{"rendered":"<div class=\"mh-excerpt\">Els jutjats han declarat oficialment com morts a dos de les tres persones que romanien desaparegudes a la prov\u00edncia de Val\u00e8ncia despr\u00e9s de les inundacions provocades per la DANA del passat 29 d&#8217;octubre. Amb aquesta <a class=\"mh-excerpt-more\" href=\"https:\/\/www.tucomarca.com\/wordpress\/segunda\/ca\/declaren-mortes-a-dos-de-les-tres-persones-desaparegudes-per-la-dana-a-valencia\/\" title=\"Declaren mortes a dos de les tres persones desaparegudes per la DANA a Val\u00e8ncia\">[+] <\/a><\/div>\n","protected":false},"author":12,"featured_media":244763,"comment_status":"open","ping_status":"open","sticky":false,"template":"","format":"standard","meta":{"footnotes":""},"categories":[21466,11046,10898,10948,10894,10904,10912,10902,11000,11025,10896,10897,10974],"tags":[11071,15409,10914],"class_list":{"0":"post-259281","1":"post","2":"type-post","3":"status-publish","4":"format-standard","5":"has-post-thumbnail","7":"category-dana-ca","8":"category-los-serranos-ca","9":"category-ventana-ca","10":"category-infraestructuras-ca","11":"category-la-comarca-ca","12":"category-sin-categorizar-ca","13":"category-la-hoya-ca","14":"category-la-ribera-ca","15":"category-monserrat-ca","16":"category-pedralba-ca","17":"category-seccion-ca","18":"category-sucesos-la-comarca-ca","19":"category-cheste-ca","20":"tag-cheste","21":"tag-dana-2-ca","22":"tag-la-hoya-de-bunol-chiva-ca"},"_links":{"self":[{"href":"https:\/\/www.tucomarca.com\/wordpress\/segunda\/ca\/wp-json\/wp\/v2\/posts\/259281","targetHints":{"allow":["GET"]}}],"collection":[{"href":"https:\/\/www.tucomarca.com\/wordpress\/segunda\/ca\/wp-json\/wp\/v2\/posts"}],"about":[{"href":"https:\/\/www.tucomarca.com\/wordpress\/segunda\/ca\/wp-json\/wp\/v2\/types\/post"}],"author":[{"embeddable":true,"href":"https:\/\/www.tucomarca.com\/wordpress\/segunda\/ca\/wp-json\/wp\/v2\/users\/12"}],"replies":[{"embeddable":true,"href":"https:\/\/www.tucomarca.com\/wordpress\/segunda\/ca\/wp-json\/wp\/v2\/comments?post=259281"}],"version-history":[{"count":0,"href":"https:\/\/www.tucomarca.com\/wordpress\/segunda\/ca\/wp-json\/wp\/v2\/posts\/259281\/revisions"}],"wp:featuredmedia":[{"embeddable":true,"href":"https:\/\/www.tucomarca.com\/wordpress\/segunda\/ca\/wp-json\/wp\/v2\/media\/244763"}],"wp:attachment":[{"href":"https:\/\/www.tucomarca.com\/wordpress\/segunda\/ca\/wp-json\/wp\/v2\/media?parent=259281"}],"wp:term":[{"taxonomy":"category","embeddable":true,"href":"https:\/\/www.tucomarca.com\/wordpress\/segunda\/ca\/wp-json\/wp\/v2\/categories?post=259281"},{"taxonomy":"post_tag","embeddable":true,"href":"https:\/\/www.tucomarca.com\/wordpress\/segunda\/ca\/wp-json\/wp\/v2\/tags?post=259281"}],"curies":[{"name":"wp","href":"https:\/\/api.w.org\/{rel}","templated":true}]}}