{"id":259383,"date":"2025-03-26T12:55:00","date_gmt":"2025-03-26T11:55:00","guid":{"rendered":"https:\/\/www.tucomarca.com\/wordpress\/segunda\/?p=259383"},"modified":"2025-03-26T18:33:59","modified_gmt":"2025-03-26T17:33:59","slug":"la-diputacio-de-valencia-recupera-el-pont-de-la-cv-473-sobre-la-rambla-de-la-torre-a-utiel","status":"publish","type":"post","link":"https:\/\/www.tucomarca.com\/wordpress\/segunda\/ca\/la-diputacio-de-valencia-recupera-el-pont-de-la-cv-473-sobre-la-rambla-de-la-torre-a-utiel\/","title":{"rendered":"La Diputaci\u00f3 de Val\u00e8ncia recupera el pont de la CV-473 sobre la Rambla de La Torre a Utiel"},"content":{"rendered":"\n<h3 class=\"wp-block-heading\">L&#8217;obertura provisional de la carretera a Las Cuevas permet ja el tr\u00e0nsit alternatiu de vehicles, mentres continuen els treballs la finalitzaci\u00f3 dels quals est\u00e0 prevista per a juny de 2025.<\/h3>\n\n\n\n<h3 class=\"wp-block-heading\">La diputada de Carreteres, Reme Mazzolari avan\u00e7a que \u201cels treballs d&#8217;emerg\u00e8ncia s&#8217;estan executant amb vista a la futura ampliaci\u00f3 de la carretera\u201d.<\/h3>\n\n\n\n<h3 class=\"wp-block-heading\">L&#8217;alcalde d&#8217;Utiel, Ricardo Gabald\u00f3n, incidix en qu\u00e8 \u201ces tracta d&#8217;un tram molt concorregut, per la qual cosa esta actuaci\u00f3 \u00e9s imprescindible per a facilitar les comunicacions en la zona\u201d.<\/h3>\n\n\n\n<p>L&#8217;\u00e0rea de Carreteres de la Diputaci\u00f3 de Val\u00e8ncia avan\u00e7a en la recuperaci\u00f3 de les comunicacions a la comarca d&#8217;Utiel-Requena despr\u00e9s dels desperfectes que va deixar la Dana en les seues infraestructures vi\u00e0ries.<\/p>\n\n\n\n<p>Aix\u00ed, en les \u00faltimes setmanes es va procedir a l&#8217;obertura provisional de la carretera CV-473 a las Cuevas, facilitant d&#8217;esta manera les comunicacions en esta via que transcorre sobre la Rambla de La Torre i que unix les carreteres de Camporrobles i Sinarcas.&nbsp;<\/p>\n\n\n\n<p>L&#8217;alcalde d&#8217;Utiel, Ricardo Gabald\u00f3n, explica que \u201ces tracta d&#8217;una actuaci\u00f3 imprescindible per a facilitar els despla\u00e7aments dels ve\u00efns de les poblacions afectades\u201d i incidix en \u201cla import\u00e0ncia que s&#8217;haja pogut restablir el tr\u00e0nsit rodat amb les condicions de seguretat necess\u00e0ries mentres continuen les obres, ja que es tracta d&#8217;un tram viari molt concorregut\u201d.&nbsp;<\/p>\n\n\n\n<p>En esta mateixa l\u00ednia, la diputada de Carreteres, Reme Mazzolari, indica que &#8220;amb l&#8217;obertura provisional, recuperem el servici d&#8217;esta infraestructura vital per a les persones que es mouen di\u00e0riament entre Utiel i els municipis dels voltants\u201d, i explica que \u201cen el cas de la CV-473, els treballs d&#8217;emerg\u00e8ncia s&#8217;estan executant amb vista a la futura ampliaci\u00f3 de la carretera que tenim ja planificada des de la Diputaci\u00f3\u201d.<\/p>\n\n\n\n<p><strong>Caracter\u00edstiques dels treballs<\/strong><\/p>\n\n\n\n<p>La intervenci\u00f3 en esta carretera inclou treballs d&#8217;ampliaci\u00f3 de plataforma, de rehabilitaci\u00f3 exterior de la infraestructura, de protecci\u00f3 de la fonamentaci\u00f3 del pont\u00f3 en el fons del llit, i de la resta de les obres previstes per a garantir l&#8217;estabilitat d&#8217;este tram de carretera afectat per la dana.&nbsp;<\/p>\n\n\n\n<p>Actualment ja s&#8217;ha realitzat la formigonada de la llosa del pont\u00f3 que ha perm\u00e9s l&#8217;obertura provisional al tr\u00e0nsit, quedant restablida la connexi\u00f3 vi\u00e0ria de la CV-470 amb la N-330, i per tant la de tots els nuclis poblacionals afectats per l&#8217;actual tall de circulaci\u00f3.<\/p>\n\n\n\n<p>Esta actuaci\u00f3 d&#8217;emerg\u00e8ncia, dotada amb 1.150.000 euros d&#8217;inversi\u00f3, es troba en una fase avan\u00e7ada d&#8217;execuci\u00f3, i la seua finalitzaci\u00f3 est\u00e0 prevista per al mes vinent de juny.<\/p>\n\n\n\n<figure class=\"wp-block-image size-large\"><img loading=\"lazy\" decoding=\"async\" width=\"1024\" height=\"691\" src=\"http:\/\/www.tucomarca.com\/wordpress\/segunda\/wp-content\/uploads\/2025\/03\/Utiel2-1024x691.jpg\" alt=\"\" class=\"wp-image-259378\" srcset=\"https:\/\/www.tucomarca.com\/wordpress\/segunda\/wp-content\/uploads\/2025\/03\/Utiel2-1024x691.jpg 1024w, https:\/\/www.tucomarca.com\/wordpress\/segunda\/wp-content\/uploads\/2025\/03\/Utiel2-300x202.jpg 300w, https:\/\/www.tucomarca.com\/wordpress\/segunda\/wp-content\/uploads\/2025\/03\/Utiel2-768x518.jpg 768w, https:\/\/www.tucomarca.com\/wordpress\/segunda\/wp-content\/uploads\/2025\/03\/Utiel2.jpg 1181w\" sizes=\"auto, (max-width: 1024px) 100vw, 1024px\" \/><\/figure>\n","protected":false},"excerpt":{"rendered":"<div class=\"mh-excerpt\">L&#8217;obertura provisional de la carretera a Las Cuevas permet ja el tr\u00e0nsit alternatiu de vehicles, mentres continuen els treballs la finalitzaci\u00f3 dels quals est\u00e0 prevista per a juny de 2025. La diputada de Carreteres, Reme <a class=\"mh-excerpt-more\" href=\"https:\/\/www.tucomarca.com\/wordpress\/segunda\/ca\/la-diputacio-de-valencia-recupera-el-pont-de-la-cv-473-sobre-la-rambla-de-la-torre-a-utiel\/\" title=\"La Diputaci\u00f3 de Val\u00e8ncia recupera el pont de la CV-473 sobre la Rambla de La Torre a Utiel\">[+] <\/a><\/div>\n","protected":false},"author":12,"featured_media":259381,"comment_status":"open","ping_status":"open","sticky":false,"template":"","format":"image","meta":{"footnotes":""},"categories":[11031,21466,10898,10948,10894,11056,10903,10947,10909,10896,11058,11059],"tags":[14215,11246,10910],"class_list":{"0":"post-259383","1":"post","2":"type-post","3":"status-publish","4":"format-image","5":"has-post-thumbnail","7":"category-camporrobles-ca","8":"category-dana-ca","9":"category-ventana-ca","10":"category-infraestructuras-ca","11":"category-la-comarca-ca","12":"category-las-cuevas-ca","13":"category-medio-ambiente-la-comarca-ca","14":"category-politica","15":"category-requena-utiel-ca","16":"category-seccion-ca","17":"category-sinarcas-ca","18":"category-utiel-ca","19":"tag-acceso-utiel-este-ca","20":"tag-diputacio-de-valencia-ca","21":"tag-requena-utiel-ca","22":"post_format-post-format-image"},"_links":{"self":[{"href":"https:\/\/www.tucomarca.com\/wordpress\/segunda\/ca\/wp-json\/wp\/v2\/posts\/259383","targetHints":{"allow":["GET"]}}],"collection":[{"href":"https:\/\/www.tucomarca.com\/wordpress\/segunda\/ca\/wp-json\/wp\/v2\/posts"}],"about":[{"href":"https:\/\/www.tucomarca.com\/wordpress\/segunda\/ca\/wp-json\/wp\/v2\/types\/post"}],"author":[{"embeddable":true,"href":"https:\/\/www.tucomarca.com\/wordpress\/segunda\/ca\/wp-json\/wp\/v2\/users\/12"}],"replies":[{"embeddable":true,"href":"https:\/\/www.tucomarca.com\/wordpress\/segunda\/ca\/wp-json\/wp\/v2\/comments?post=259383"}],"version-history":[{"count":0,"href":"https:\/\/www.tucomarca.com\/wordpress\/segunda\/ca\/wp-json\/wp\/v2\/posts\/259383\/revisions"}],"wp:featuredmedia":[{"embeddable":true,"href":"https:\/\/www.tucomarca.com\/wordpress\/segunda\/ca\/wp-json\/wp\/v2\/media\/259381"}],"wp:attachment":[{"href":"https:\/\/www.tucomarca.com\/wordpress\/segunda\/ca\/wp-json\/wp\/v2\/media?parent=259383"}],"wp:term":[{"taxonomy":"category","embeddable":true,"href":"https:\/\/www.tucomarca.com\/wordpress\/segunda\/ca\/wp-json\/wp\/v2\/categories?post=259383"},{"taxonomy":"post_tag","embeddable":true,"href":"https:\/\/www.tucomarca.com\/wordpress\/segunda\/ca\/wp-json\/wp\/v2\/tags?post=259383"}],"curies":[{"name":"wp","href":"https:\/\/api.w.org\/{rel}","templated":true}]}}