{"id":259505,"date":"2025-03-28T09:15:00","date_gmt":"2025-03-28T08:15:00","guid":{"rendered":"https:\/\/www.tucomarca.com\/wordpress\/segunda\/?p=259505"},"modified":"2025-03-28T19:00:00","modified_gmt":"2025-03-28T18:00:00","slug":"la-diputacio-de-valencia-activa-una-campanya-de-sensibilitzacio-per-a-lluitar-contra-els-robatoris-a-agricultors-i-ramaders","status":"publish","type":"post","link":"https:\/\/www.tucomarca.com\/wordpress\/segunda\/ca\/la-diputacio-de-valencia-activa-una-campanya-de-sensibilitzacio-per-a-lluitar-contra-els-robatoris-a-agricultors-i-ramaders\/","title":{"rendered":"La Diputaci\u00f3 de Val\u00e8ncia activa una campanya de sensibilitzaci\u00f3 per a lluitar contra els robatoris a agricultors i ramaders"},"content":{"rendered":"\n<h3 class=\"wp-block-heading\">L\u2019\u00e0rea de Desenvolupament Territorial Sostenible que dirigix Avelino Mascarell lidera les accions de promoci\u00f3 de l&#8217;agricultura i el producte valenci\u00e0, i publicar\u00e0 una bateria d&#8217;accions de conscienciaci\u00f3 que es difondran a trav\u00e9s de televisi\u00f3, r\u00e0dio, premsa i xarxes socials.<\/h3>\n\n\n\n<h3 class=\"wp-block-heading\">A m\u00e9s del perju\u00ed econ\u00f2mic que suposen els robatoris per als productors, la campanya posa el focus en l&#8217;amena\u00e7a per a la salut que constitu\u00efx consumir productes dels quals es desconeix el seu origen i les seues garanties sanit\u00e0ries.<\/h3>\n\n\n\n<p>Baix l&#8217;esl\u00f2gan \u201cCuida la teua salut. No fomentes els robatoris en el camp\u201d, la Diputaci\u00f3 de Val\u00e8ncia activar\u00e0 en les pr\u00f2ximes dates una campanya de conscienciaci\u00f3 ciutadana amb l&#8217;objectiu de protegir els agricultors, preservar la salut p\u00fablica i dissuadir als delinq\u00fcents de cometre furts, incrementant la seguretat en les \u00e0rees d&#8217;explotaci\u00f3 agr\u00edcoles i ramaderes i dels productes legalment distribu\u00efts.<\/p>\n\n\n\n<p>Es tracta d&#8217;un conjunt de continguts gr\u00e0fics i audiovisuals, adaptats a diferents formats i canals, que incidixen, a m\u00e9s del fet ja censurable de consumir productes d&#8217;origen il\u00b7l\u00edcit, en el risc que suposa per a la salut el consum de productes sense con\u00e9ixer el seu origen i sense tindre garant\u00eda sanit\u00e0ria.<\/p>\n\n\n\n<p>El diputat de Desenvolupament Territorial Sostenible, Avelino Mascarell, explica que \u201cla Diputaci\u00f3, com a instituci\u00f3 de proximitat, ha d&#8217;estar al costat dels agricultors; per\u00f2 la ciutadania tamb\u00e9 ha d&#8217;estar-lo, ara m\u00e9s que mai. Sequera, inundacions, guerra internacional de preus\u2026 i encara massa delinq\u00fc\u00e8ncia, que s&#8217;emporten el seu poc marge i que els aboquen a desapar\u00e9ixer\u201d.<\/p>\n\n\n\n<p>\u201cPer aix\u00f2, -continua Mascarell- \u00e9s el moment de dir prou, que els ciutadans no fomentem els robatoris comprant en llocs il\u00b7legals, que cuidem i apostem pels nostres productes i els nostres professionals del camp, i tamb\u00e9, que tothom prenga consci\u00e8ncia que l&#8217;agricultor, quan posa el producte en mans de la fruiteria, ja ha fet una gran inversi\u00f3, ha cuidat de manera professional els temps, est\u00e0 format en l&#8217;administraci\u00f3 dels fitosanitaris, en la conservaci\u00f3, el transport\u2026 per\u00f2 un delinq\u00fcent no, amb el perju\u00ed que suposa, no sols per a la qualitat, sin\u00f3 tamb\u00e9 per a la nostra salut\u201d.<\/p>\n\n\n\n<p><strong>Caracter\u00edstiques de la campanya<\/strong><\/p>\n\n\n\n<p>Les accions comunicatives impulsades per la Diputaci\u00f3 de Val\u00e8ncia partixen d&#8217;un pla estrat\u00e8gic de difusi\u00f3 desenrotllat per una consultoria externa, el qual compta amb una imatge gr\u00e0fica comuna adaptada a diferents suports amb l&#8217;objectiu d&#8217;arribar a tots els grups de poblaci\u00f3.<\/p>\n\n\n\n<p>Aix\u00ed, la cartelleria dissenyada est\u00e0 protagonitzada per imatges tant dels propis agricultors com dels comerciants, per ser els intermediaris que fan arribar els productes a la ciutadania per al seu consum.<\/p>\n\n\n\n<p>La campanya inclou tamb\u00e9 espots audiovisuals concebuts com crida a l\u2019acci\u00f3 per a combatre el furt de fruites en el camp: a trav\u00e9s de la narraci\u00f3, s&#8217;intenta conscienciar als consumidors finals que este tipus de pr\u00e0ctiques tamb\u00e9 poden tindre conseq\u00fc\u00e8ncies per a ells.<\/p>\n\n\n\n<p>Les adaptacions gr\u00e0fiques de les creativitats inclouen cartells per a la seua impressi\u00f3 en diferents formats, b\u00e0ners animats per a la seua inclusi\u00f3 en p\u00e0gines web i imatges dirigides a xarxes socials.<\/p>\n","protected":false},"excerpt":{"rendered":"<div class=\"mh-excerpt\">L\u2019\u00e0rea de Desenvolupament Territorial Sostenible que dirigix Avelino Mascarell lidera les accions de promoci\u00f3 de l&#8217;agricultura i el producte valenci\u00e0, i publicar\u00e0 una bateria d&#8217;accions de conscienciaci\u00f3 que es difondran a trav\u00e9s de televisi\u00f3, r\u00e0dio, <a class=\"mh-excerpt-more\" href=\"https:\/\/www.tucomarca.com\/wordpress\/segunda\/ca\/la-diputacio-de-valencia-activa-una-campanya-de-sensibilitzacio-per-a-lluitar-contra-els-robatoris-a-agricultors-i-ramaders\/\" title=\"La Diputaci\u00f3 de Val\u00e8ncia activa una campanya de sensibilitzaci\u00f3 per a lluitar contra els robatoris a agricultors i ramaders\">[+] <\/a><\/div>\n","protected":false},"author":12,"featured_media":259504,"comment_status":"open","ping_status":"open","sticky":false,"template":"","format":"standard","meta":{"footnotes":""},"categories":[10905,10898,10948,10894,10904,10903,10947,10896,10897],"tags":[11309,11246,17587],"class_list":{"0":"post-259505","1":"post","2":"type-post","3":"status-publish","4":"format-standard","5":"has-post-thumbnail","7":"category-agricultura-la-comarca-ca","8":"category-ventana-ca","9":"category-infraestructuras-ca","10":"category-la-comarca-ca","11":"category-sin-categorizar-ca","12":"category-medio-ambiente-la-comarca-ca","13":"category-politica","14":"category-seccion-ca","15":"category-sucesos-la-comarca-ca","16":"tag-agricultura-ca","17":"tag-diputacio-de-valencia-ca","18":"tag-robos-ca"},"_links":{"self":[{"href":"https:\/\/www.tucomarca.com\/wordpress\/segunda\/ca\/wp-json\/wp\/v2\/posts\/259505","targetHints":{"allow":["GET"]}}],"collection":[{"href":"https:\/\/www.tucomarca.com\/wordpress\/segunda\/ca\/wp-json\/wp\/v2\/posts"}],"about":[{"href":"https:\/\/www.tucomarca.com\/wordpress\/segunda\/ca\/wp-json\/wp\/v2\/types\/post"}],"author":[{"embeddable":true,"href":"https:\/\/www.tucomarca.com\/wordpress\/segunda\/ca\/wp-json\/wp\/v2\/users\/12"}],"replies":[{"embeddable":true,"href":"https:\/\/www.tucomarca.com\/wordpress\/segunda\/ca\/wp-json\/wp\/v2\/comments?post=259505"}],"version-history":[{"count":0,"href":"https:\/\/www.tucomarca.com\/wordpress\/segunda\/ca\/wp-json\/wp\/v2\/posts\/259505\/revisions"}],"wp:featuredmedia":[{"embeddable":true,"href":"https:\/\/www.tucomarca.com\/wordpress\/segunda\/ca\/wp-json\/wp\/v2\/media\/259504"}],"wp:attachment":[{"href":"https:\/\/www.tucomarca.com\/wordpress\/segunda\/ca\/wp-json\/wp\/v2\/media?parent=259505"}],"wp:term":[{"taxonomy":"category","embeddable":true,"href":"https:\/\/www.tucomarca.com\/wordpress\/segunda\/ca\/wp-json\/wp\/v2\/categories?post=259505"},{"taxonomy":"post_tag","embeddable":true,"href":"https:\/\/www.tucomarca.com\/wordpress\/segunda\/ca\/wp-json\/wp\/v2\/tags?post=259505"}],"curies":[{"name":"wp","href":"https:\/\/api.w.org\/{rel}","templated":true}]}}