{"id":259710,"date":"2025-03-30T08:45:00","date_gmt":"2025-03-30T07:45:00","guid":{"rendered":"https:\/\/www.tucomarca.com\/wordpress\/segunda\/?p=259710"},"modified":"2025-03-30T15:29:21","modified_gmt":"2025-03-30T14:29:21","slug":"susana-camarero-la-generalitat-oferira-200-cases-industrialitzades-a-la-zona-dana-i-subvencions-per-a-adquirir-fins-a-500-habitatges-de-proteccio-publica","status":"publish","type":"post","link":"https:\/\/www.tucomarca.com\/wordpress\/segunda\/ca\/susana-camarero-la-generalitat-oferira-200-cases-industrialitzades-a-la-zona-dana-i-subvencions-per-a-adquirir-fins-a-500-habitatges-de-proteccio-publica\/","title":{"rendered":"Susana Camarero: \u201cLa Generalitat oferir\u00e0 200 cases industrialitzades a la zona DANA i subvencions per a adquirir fins a 500 habitatges de protecci\u00f3 p\u00fablica\u201d"},"content":{"rendered":"\n<h3 class=\"wp-block-heading\">El Consell impulsa la posada en marxa del Pla d&#8217;habitatge dana per a reconstruir les zones afectades.<\/h3>\n\n\n\n<h3 class=\"wp-block-heading\">M\u00e9s de 91 milions d&#8217;euros es destinen a ajudes directes, rehabilitaci\u00f3, lloguer i construcci\u00f3 de nous habitatges.<\/h3>\n\n\n\n<p>La vicepresidenta i consellera de Serveis Socials Igualtat i Habitatge, Susana Camarero, ha ressaltat que la Generalitat \u201cno cessa en el seu esfor\u00e7 i comprom\u00eds amb els afectats per la dana, especialment aquells que han perdut el seu habitatge, i per aix\u00f2 promourem la instal\u00b7laci\u00f3 de 200 cases industrialitzades en la zona afectada i oferir subvencions per a adquirir fins a 500 habitatges de protecci\u00f3 p\u00fablica\u201d.<\/p>\n\n\n\n<p>Aquesta iniciativa s&#8217;emmarca en el Pla d&#8217;Habitatge dana, elaborat per a pal\u00b7liar els danys ocasionats per la riuada del passat 29 d&#8217;octubre i est\u00e0 dotat amb un pressupost total de 91,6 milions d&#8217;euros per al per\u00edode 2024-2027, amb l&#8217;objectiu de reparar, reconstruir i previndre futurs danys en els habitatges afectats per la riuada.<\/p>\n\n\n\n<p>Concretament, segons ha explicat la vicepresidenta, el Pla d&#8217;habitatge dana inclou un projecte de construcci\u00f3 industrialitzada d&#8217;habitatges dotat amb una inversi\u00f3 total de 25 milions d&#8217;euros, dels quals, 15 milions provindran directament del Govern valenci\u00e0 i fins a 10 milions procedeixen dels Fons Next Generation. \u201cAquesta actuaci\u00f3 permetr\u00e0 ampliar de manera notable el parc p\u00fablic d&#8217;habitatge amb l&#8217;edificaci\u00f3 prevista de 200 nous habitatges en els municipis m\u00e9s afectats per la riuada&#8221;, ha asseverat Cambrer.<\/p>\n\n\n\n<p>A m\u00e9s, el Pla integral destinat a l&#8217;habitatge en zona dana inclou ajudes espec\u00edfiques per a facilitar l&#8217;adquisici\u00f3 d&#8217;habitatges de protecci\u00f3 p\u00fablica que podran aconseguir fins a 20.000 euros per habitatge. La Generalitat preveu que aquesta acci\u00f3 beneficie a un total de 500 fam\u00edlies valencianes. Respecte a la dotaci\u00f3 pressupost\u00e0ria, aquestes ajudes es financen amb un pressupost de 10 milions d&#8217;euros per al per\u00edode compr\u00e9s entre 2025 i 2027.<\/p>\n\n\n\n<p>Aix\u00f2 suposa un pas m\u00e9s a les ajudes ja aprovades, com el fons de 50 milions d&#8217;euros destinats exclusivament a ajudes directes al lloguer d&#8217;habitatges. Una subvenci\u00f3 que permet cobrir tant la fian\u00e7a com la garantia i la renda de fins a 800 euros mensuals per fam\u00edlia durant un per\u00edode m\u00e0xim de dotze mesos. D&#8217;aquesta manera, les fam\u00edlies que han perdut de manera temporal o permanent la seua resid\u00e8ncia habitual poden accedir de manera immediata a aquest recurs. La Generalitat ha destinat ja a aquest efecte 15 milions durant 2024, dels quals s&#8217;han beneficiat m\u00e9s de 800 fam\u00edlies, i els restants 35 milions s&#8217;adjudicaran durant aquest any 2025.<\/p>\n\n\n\n<p>A m\u00e9s, dins de les accions priorit\u00e0ries en les quals est\u00e0 estructurat aquest pla es troba l&#8217;avaluaci\u00f3 exhaustiva de danys estructurals en edificacions que ja s&#8217;est\u00e0 realitzant a trav\u00e9s de l&#8217;Institut Valenci\u00e0 de l&#8217;Edificaci\u00f3 (IVE) i que preveu elaborar fins a 15.000 informes t\u00e8cnics. En aquesta tasca estan involucrats m\u00e9s de 130 t\u00e8cnics especialitzats dividits en set equips, en col\u00b7laboraci\u00f3 amb t\u00e8cnics municipals, col\u00b7legis professionals, l&#8217;Institut Valenci\u00e0 de l&#8217;Edificaci\u00f3 (IVE), Bombers i Emerg\u00e8ncies i compta ja amb prop de 7.500 expedients validats.<\/p>\n\n\n\n<p>Aix\u00ed mateix, es contempla un programa especial per a la inspecci\u00f3 t\u00e8cnica de soterranis i garatges, en el qual s&#8217;estima la revisi\u00f3 amb tastos d&#8217;al voltant de 885 espais afectats, que s&#8217;hagen vist sotmesos a la pressi\u00f3 de l&#8217;aigua durant un llarg per\u00edode de temps. Aquest programa compta amb un pressupost aproximat de 610.000 euros i que reuneix el treball coordinat de t\u00e8cnics experts en estructures.<\/p>\n\n\n\n<p>\u00c9s important destacar que aquest Pla d&#8217;habitatge dana impulsat des de la Generalitat, arreplega els prop\u00f2sits de dur a terme la reparaci\u00f3 immediata dels danys ocasionats per la riuada i de previndre futures emerg\u00e8ncies similars, en benefici de la seguretat de la poblaci\u00f3 de la Comunitat Valenciana.<\/p>\n\n\n\n<p><strong>M\u00e9s accions a favor de l&#8217;habitatge<\/strong><\/p>\n\n\n\n<p>Cambrer ha recordat que la Generalitat, en la seua aposta per l&#8217;habitatge, ve desenvolupant, des de l&#8217;inici de la legislatura, diferents mesures per a solucionar el problema de l&#8217;habitatge, com el Pla Viu per a la promoci\u00f3 de nous habitatges, la reducci\u00f3 de la pressi\u00f3 fiscal i una l\u00ednia d&#8217;avals destinada a facilitar l&#8217;acc\u00e9s al primer habitatge a joves entre 18 i 45 anys.<\/p>\n\n\n\n<p>Concretament, el Pla Viu de la Comunitat Valenciana impulsat pel Consell, t\u00e9 com a objectiu la mobilitzaci\u00f3 del s\u00f2l p\u00fablic disponible, tant auton\u00f2mic com municipal, per a la construcci\u00f3 d&#8217;habitatge protegit, aix\u00ed com facilitar l&#8217;acc\u00e9s a l&#8217;habitatge, especialment per a joves i col\u00b7lectius vulnerables. Per a aix\u00f2 \u00e9s fonamental fomentar la col\u00b7laboraci\u00f3 p\u00fablic-privada en el desenvolupament de projectes d&#8217;habitatge. En l&#8217;actualitat s&#8217;han adherit a aquest pla 303 municipis dela Comunitat i s&#8217;han licitat m\u00e9s de 1.600 habitatges de les 10.000 previstes per a la seua construcci\u00f3.<\/p>\n\n\n\n<p>Una altra de les accions contempla la rebaixa de l&#8217;Impost de Transmissions Patrimonials del 8% al 6% per a joves i persones vulnerables, que ha perm\u00e9s en el seu primer any que m\u00e9s de 21.000 joves de la Comunitat Valenciana accedisquen al seu primer habitatge i que ha suposat un estalvi total de 27,8 milions d&#8217;euros.<\/p>\n\n\n\n<p>Una altra de les iniciatives posada en marxa pel Consell s\u00f3n la disposici\u00f3 d&#8217;avals p\u00fablics gestionats per l&#8217;Institut Valenci\u00e0 de Finances (IVF) destinats a la poblaci\u00f3 juvenil que faciliten l&#8217;obtenci\u00f3 de pr\u00e9stecs de fins al 95% del valor de l&#8217;habitatge. Actualment prop de 1.000 joves ja han pogut beneficiar-se d&#8217;ells.<\/p>\n","protected":false},"excerpt":{"rendered":"<div class=\"mh-excerpt\">El Consell impulsa la posada en marxa del Pla d&#8217;habitatge dana per a reconstruir les zones afectades. M\u00e9s de 91 milions d&#8217;euros es destinen a ajudes directes, rehabilitaci\u00f3, lloguer i construcci\u00f3 de nous habitatges. La <a class=\"mh-excerpt-more\" href=\"https:\/\/www.tucomarca.com\/wordpress\/segunda\/ca\/susana-camarero-la-generalitat-oferira-200-cases-industrialitzades-a-la-zona-dana-i-subvencions-per-a-adquirir-fins-a-500-habitatges-de-proteccio-publica\/\" title=\"Susana Camarero: \u201cLa Generalitat oferir\u00e0 200 cases industrialitzades a la zona DANA i subvencions per a adquirir fins a 500 habitatges de protecci\u00f3 p\u00fablica\u201d\">[+] <\/a><\/div>\n","protected":false},"author":12,"featured_media":253835,"comment_status":"open","ping_status":"open","sticky":false,"template":"","format":"standard","meta":{"footnotes":""},"categories":[21466,10898,10948,10894,10904,10903,10947,10896,10897],"tags":[15409,12903,11199],"class_list":{"0":"post-259710","1":"post","2":"type-post","3":"status-publish","4":"format-standard","5":"has-post-thumbnail","7":"category-dana-ca","8":"category-ventana-ca","9":"category-infraestructuras-ca","10":"category-la-comarca-ca","11":"category-sin-categorizar-ca","12":"category-medio-ambiente-la-comarca-ca","13":"category-politica","14":"category-seccion-ca","15":"category-sucesos-la-comarca-ca","16":"tag-dana-2-ca","17":"tag-infraestructuras-ca","18":"tag-la-comunitat-ca"},"_links":{"self":[{"href":"https:\/\/www.tucomarca.com\/wordpress\/segunda\/ca\/wp-json\/wp\/v2\/posts\/259710","targetHints":{"allow":["GET"]}}],"collection":[{"href":"https:\/\/www.tucomarca.com\/wordpress\/segunda\/ca\/wp-json\/wp\/v2\/posts"}],"about":[{"href":"https:\/\/www.tucomarca.com\/wordpress\/segunda\/ca\/wp-json\/wp\/v2\/types\/post"}],"author":[{"embeddable":true,"href":"https:\/\/www.tucomarca.com\/wordpress\/segunda\/ca\/wp-json\/wp\/v2\/users\/12"}],"replies":[{"embeddable":true,"href":"https:\/\/www.tucomarca.com\/wordpress\/segunda\/ca\/wp-json\/wp\/v2\/comments?post=259710"}],"version-history":[{"count":0,"href":"https:\/\/www.tucomarca.com\/wordpress\/segunda\/ca\/wp-json\/wp\/v2\/posts\/259710\/revisions"}],"wp:featuredmedia":[{"embeddable":true,"href":"https:\/\/www.tucomarca.com\/wordpress\/segunda\/ca\/wp-json\/wp\/v2\/media\/253835"}],"wp:attachment":[{"href":"https:\/\/www.tucomarca.com\/wordpress\/segunda\/ca\/wp-json\/wp\/v2\/media?parent=259710"}],"wp:term":[{"taxonomy":"category","embeddable":true,"href":"https:\/\/www.tucomarca.com\/wordpress\/segunda\/ca\/wp-json\/wp\/v2\/categories?post=259710"},{"taxonomy":"post_tag","embeddable":true,"href":"https:\/\/www.tucomarca.com\/wordpress\/segunda\/ca\/wp-json\/wp\/v2\/tags?post=259710"}],"curies":[{"name":"wp","href":"https:\/\/api.w.org\/{rel}","templated":true}]}}