{"id":259712,"date":"2025-03-30T12:15:00","date_gmt":"2025-03-30T11:15:00","guid":{"rendered":"https:\/\/www.tucomarca.com\/wordpress\/segunda\/?p=259712"},"modified":"2025-03-30T15:31:16","modified_gmt":"2025-03-30T14:31:16","slug":"lincendi-en-un-habitatge-de-requena-mobilitza-als-bombers-la-matinada-daquest-diumenge","status":"publish","type":"post","link":"https:\/\/www.tucomarca.com\/wordpress\/segunda\/ca\/lincendi-en-un-habitatge-de-requena-mobilitza-als-bombers-la-matinada-daquest-diumenge\/","title":{"rendered":"L&#8217;incendi en un habitatge de Requena mobilitza als bombers la matinada d&#8217;aquest diumenge"},"content":{"rendered":"\n<p>En la matinada d&#8217;aquest diumenge, concretament a les 5,31 hores, dues dotacions de bombers del parc de Requena, juntament amb el seu sergent, han intervingut en un incendi registrat en un habitatge de l&#8217;avinguda Capit\u00e0 Gadea de la citada localitat.<\/p>\n\n<p>El foc, originat en la cuina d&#8217;un habitatge situat en la quarta planta de l&#8217;edifici, no ha causat danys personals, ja que en el moment del succ\u00e9s no hi havia ning\u00fa en el seu interior.<\/p>\n\n<p>Els bombers han aconseguit extingir les flames i han procedit a ventilar tota l&#8217;escala de l&#8217;edifici per a eliminar el fum acumulat.<\/p>\n\n<p>Les labors d&#8217;extinci\u00f3 i ventilaci\u00f3 s&#8217;han prolongat fins prop de les set del mat\u00ed, moment en el qual els efectius han donat per finalitzada la intervenci\u00f3.<\/p>\n\n<figure class=\"wp-block-gallery has-nested-images columns-default is-cropped wp-block-gallery-1 is-layout-flex wp-block-gallery-is-layout-flex\">\n<figure class=\"wp-block-image size-large\"><img loading=\"lazy\" decoding=\"async\" width=\"1024\" height=\"768\" data-id=\"259689\" src=\"https:\/\/www.tucomarca.com\/wordpress\/segunda\/wp-content\/uploads\/2025\/03\/Requena_Incendio01-1024x768.jpg\" alt=\"\" class=\"wp-image-259689\" srcset=\"https:\/\/www.tucomarca.com\/wordpress\/segunda\/wp-content\/uploads\/2025\/03\/Requena_Incendio01-1024x768.jpg 1024w, https:\/\/www.tucomarca.com\/wordpress\/segunda\/wp-content\/uploads\/2025\/03\/Requena_Incendio01-300x225.jpg 300w, https:\/\/www.tucomarca.com\/wordpress\/segunda\/wp-content\/uploads\/2025\/03\/Requena_Incendio01-768x576.jpg 768w, https:\/\/www.tucomarca.com\/wordpress\/segunda\/wp-content\/uploads\/2025\/03\/Requena_Incendio01-1536x1153.jpg 1536w, https:\/\/www.tucomarca.com\/wordpress\/segunda\/wp-content\/uploads\/2025\/03\/Requena_Incendio01-678x509.jpg 678w, https:\/\/www.tucomarca.com\/wordpress\/segunda\/wp-content\/uploads\/2025\/03\/Requena_Incendio01-326x245.jpg 326w, https:\/\/www.tucomarca.com\/wordpress\/segunda\/wp-content\/uploads\/2025\/03\/Requena_Incendio01-80x60.jpg 80w, https:\/\/www.tucomarca.com\/wordpress\/segunda\/wp-content\/uploads\/2025\/03\/Requena_Incendio01.jpg 1599w\" sizes=\"auto, (max-width: 1024px) 100vw, 1024px\" \/><\/figure>\n\n\n\n<figure class=\"wp-block-image size-large\"><img loading=\"lazy\" decoding=\"async\" width=\"768\" height=\"1024\" data-id=\"259693\" src=\"https:\/\/www.tucomarca.com\/wordpress\/segunda\/wp-content\/uploads\/2025\/03\/Requena_Incendio03-768x1024.jpg\" alt=\"\" class=\"wp-image-259693\" srcset=\"https:\/\/www.tucomarca.com\/wordpress\/segunda\/wp-content\/uploads\/2025\/03\/Requena_Incendio03-768x1023.jpg 768w, https:\/\/www.tucomarca.com\/wordpress\/segunda\/wp-content\/uploads\/2025\/03\/Requena_Incendio03-225x300.jpg 225w, https:\/\/www.tucomarca.com\/wordpress\/segunda\/wp-content\/uploads\/2025\/03\/Requena_Incendio03-1153x1536.jpg 1153w, https:\/\/www.tucomarca.com\/wordpress\/segunda\/wp-content\/uploads\/2025\/03\/Requena_Incendio03.jpg 1200w\" sizes=\"auto, (max-width: 768px) 100vw, 768px\" \/><\/figure>\n<\/figure>\n","protected":false},"excerpt":{"rendered":"<div class=\"mh-excerpt\">En la matinada d&#8217;aquest diumenge, concretament a les 5,31 hores, dues dotacions de bombers del parc de Requena, juntament amb el seu sergent, han intervingut en un incendi registrat en un habitatge de l&#8217;avinguda Capit\u00e0 <a class=\"mh-excerpt-more\" href=\"https:\/\/www.tucomarca.com\/wordpress\/segunda\/ca\/lincendi-en-un-habitatge-de-requena-mobilitza-als-bombers-la-matinada-daquest-diumenge\/\" title=\"L&#8217;incendi en un habitatge de Requena mobilitza als bombers la matinada d&#8217;aquest diumenge\">[+] <\/a><\/div>\n","protected":false},"author":1,"featured_media":259692,"comment_status":"open","ping_status":"open","sticky":false,"template":"","format":"gallery","meta":{"footnotes":""},"categories":[10898,10948,10894,10904,10908,10909,10896,10897],"tags":[12755,11099,10910],"class_list":{"0":"post-259712","1":"post","2":"type-post","3":"status-publish","4":"format-gallery","5":"has-post-thumbnail","7":"category-ventana-ca","8":"category-infraestructuras-ca","9":"category-la-comarca-ca","10":"category-sin-categorizar-ca","11":"category-requena-ca","12":"category-requena-utiel-ca","13":"category-seccion-ca","14":"category-sucesos-la-comarca-ca","15":"tag-incendio-ca","16":"tag-requena-ca","17":"tag-requena-utiel-ca","18":"post_format-post-format-gallery"},"_links":{"self":[{"href":"https:\/\/www.tucomarca.com\/wordpress\/segunda\/ca\/wp-json\/wp\/v2\/posts\/259712","targetHints":{"allow":["GET"]}}],"collection":[{"href":"https:\/\/www.tucomarca.com\/wordpress\/segunda\/ca\/wp-json\/wp\/v2\/posts"}],"about":[{"href":"https:\/\/www.tucomarca.com\/wordpress\/segunda\/ca\/wp-json\/wp\/v2\/types\/post"}],"author":[{"embeddable":true,"href":"https:\/\/www.tucomarca.com\/wordpress\/segunda\/ca\/wp-json\/wp\/v2\/users\/1"}],"replies":[{"embeddable":true,"href":"https:\/\/www.tucomarca.com\/wordpress\/segunda\/ca\/wp-json\/wp\/v2\/comments?post=259712"}],"version-history":[{"count":0,"href":"https:\/\/www.tucomarca.com\/wordpress\/segunda\/ca\/wp-json\/wp\/v2\/posts\/259712\/revisions"}],"wp:featuredmedia":[{"embeddable":true,"href":"https:\/\/www.tucomarca.com\/wordpress\/segunda\/ca\/wp-json\/wp\/v2\/media\/259692"}],"wp:attachment":[{"href":"https:\/\/www.tucomarca.com\/wordpress\/segunda\/ca\/wp-json\/wp\/v2\/media?parent=259712"}],"wp:term":[{"taxonomy":"category","embeddable":true,"href":"https:\/\/www.tucomarca.com\/wordpress\/segunda\/ca\/wp-json\/wp\/v2\/categories?post=259712"},{"taxonomy":"post_tag","embeddable":true,"href":"https:\/\/www.tucomarca.com\/wordpress\/segunda\/ca\/wp-json\/wp\/v2\/tags?post=259712"}],"curies":[{"name":"wp","href":"https:\/\/api.w.org\/{rel}","templated":true}]}}