{"id":259741,"date":"2025-03-30T09:00:00","date_gmt":"2025-03-30T08:00:00","guid":{"rendered":"https:\/\/www.tucomarca.com\/wordpress\/segunda\/?p=259741"},"modified":"2025-03-30T14:47:34","modified_gmt":"2025-03-30T13:47:34","slug":"miguel-moreno-reforca-la-davantera-del-cd-bunyol","status":"publish","type":"post","link":"https:\/\/www.tucomarca.com\/wordpress\/segunda\/ca\/miguel-moreno-reforca-la-davantera-del-cd-bunyol\/","title":{"rendered":"Miguel Moreno refor\u00e7a la davantera del CD Bunyol"},"content":{"rendered":"<div class=\"wp-block-image\">\n<figure class=\"alignleft size-large is-resized\"><img loading=\"lazy\" decoding=\"async\" width=\"1024\" height=\"1024\" src=\"http:\/\/www.tucomarca.com\/wordpress\/segunda\/wp-content\/uploads\/2025\/03\/CDBunol_FichajeMiguelMoreno-1024x1024.jpeg\" alt=\"\" class=\"wp-image-259732\" style=\"width:404px;height:auto\" srcset=\"https:\/\/www.tucomarca.com\/wordpress\/segunda\/wp-content\/uploads\/2025\/03\/CDBunol_FichajeMiguelMoreno-1024x1024.jpeg 1024w, https:\/\/www.tucomarca.com\/wordpress\/segunda\/wp-content\/uploads\/2025\/03\/CDBunol_FichajeMiguelMoreno-300x300.jpeg 300w, https:\/\/www.tucomarca.com\/wordpress\/segunda\/wp-content\/uploads\/2025\/03\/CDBunol_FichajeMiguelMoreno-290x290.jpeg 290w, https:\/\/www.tucomarca.com\/wordpress\/segunda\/wp-content\/uploads\/2025\/03\/CDBunol_FichajeMiguelMoreno-768x768.jpeg 768w, https:\/\/www.tucomarca.com\/wordpress\/segunda\/wp-content\/uploads\/2025\/03\/CDBunol_FichajeMiguelMoreno-1536x1536.jpeg 1536w, https:\/\/www.tucomarca.com\/wordpress\/segunda\/wp-content\/uploads\/2025\/03\/CDBunol_FichajeMiguelMoreno-2048x2048.jpeg 2048w\" sizes=\"auto, (max-width: 1024px) 100vw, 1024px\" \/><\/figure>\n<\/div>\n\n\n<p>El CD Bunyol continua refor\u00e7ant la seua plantilla i anuncia la incorporaci\u00f3 de Miguel Moreno Ribes (07\/11\/2003), un davanter centre amb gran t\u00e8cnica, velocitat i un excel\u00b7lent olfacte golejador.<\/p>\n\n\n\n<p>Moreno arriba procedent del Patacona CF i compta amb experi\u00e8ncia en la Tercera Federaci\u00f3, despr\u00e9s d&#8217;haver militat en equips com el CD Taranc\u00f3n i el Quintanar del Rey. Amb el seu fitxatge, el club confia a sumar m\u00e9s poder ofensiu i efectivitat en atac.<\/p>\n\n\n\n<p>El CD Bunyol ha mostrat la seua satisfacci\u00f3 per l&#8217;arribada del jugador i li ha donat la benvinguda destacant la seua aposta per l&#8217;equip. &#8220;Estem encantats que hages apostat per nosaltres i et desitgem molta sort amb la teua nova samarreta&#8221;, ha expressat el club.<\/p>\n\n\n\n<p>Amb aquest nou refor\u00e7, l&#8217;equip continua perfilant la seua plantilla amb la vista posada en els pr\u00f2xims compromisos de la temporada.<\/p>\n","protected":false},"excerpt":{"rendered":"<div class=\"mh-excerpt\">El CD Bunyol continua refor\u00e7ant la seua plantilla i anuncia la incorporaci\u00f3 de Miguel Moreno Ribes (07\/11\/2003), un davanter centre amb gran t\u00e8cnica, velocitat i un excel\u00b7lent olfacte golejador. Moreno arriba procedent del Patacona CF <a class=\"mh-excerpt-more\" href=\"https:\/\/www.tucomarca.com\/wordpress\/segunda\/ca\/miguel-moreno-reforca-la-davantera-del-cd-bunyol\/\" title=\"Miguel Moreno refor\u00e7a la davantera del CD Bunyol\">[+] <\/a><\/div>\n","protected":false},"author":12,"featured_media":259733,"comment_status":"open","ping_status":"open","sticky":false,"template":"","format":"standard","meta":{"footnotes":""},"categories":[10911,11015,11003,10894,10912,10896],"tags":[10913,11126,11074,11075,10914],"class_list":{"0":"post-259741","1":"post","2":"type-post","3":"status-publish","4":"format-standard","5":"has-post-thumbnail","7":"category-bunol-ca","8":"category-canal-futbol","9":"category-sports","10":"category-la-comarca-ca","11":"category-la-hoya-ca","12":"category-seccion-ca","13":"tag-bunol-ca","14":"tag-cd-bunol-ca","15":"tag-deportes-ca","16":"tag-futbol-ca","17":"tag-la-hoya-de-bunol-chiva-ca"},"_links":{"self":[{"href":"https:\/\/www.tucomarca.com\/wordpress\/segunda\/ca\/wp-json\/wp\/v2\/posts\/259741","targetHints":{"allow":["GET"]}}],"collection":[{"href":"https:\/\/www.tucomarca.com\/wordpress\/segunda\/ca\/wp-json\/wp\/v2\/posts"}],"about":[{"href":"https:\/\/www.tucomarca.com\/wordpress\/segunda\/ca\/wp-json\/wp\/v2\/types\/post"}],"author":[{"embeddable":true,"href":"https:\/\/www.tucomarca.com\/wordpress\/segunda\/ca\/wp-json\/wp\/v2\/users\/12"}],"replies":[{"embeddable":true,"href":"https:\/\/www.tucomarca.com\/wordpress\/segunda\/ca\/wp-json\/wp\/v2\/comments?post=259741"}],"version-history":[{"count":0,"href":"https:\/\/www.tucomarca.com\/wordpress\/segunda\/ca\/wp-json\/wp\/v2\/posts\/259741\/revisions"}],"wp:featuredmedia":[{"embeddable":true,"href":"https:\/\/www.tucomarca.com\/wordpress\/segunda\/ca\/wp-json\/wp\/v2\/media\/259733"}],"wp:attachment":[{"href":"https:\/\/www.tucomarca.com\/wordpress\/segunda\/ca\/wp-json\/wp\/v2\/media?parent=259741"}],"wp:term":[{"taxonomy":"category","embeddable":true,"href":"https:\/\/www.tucomarca.com\/wordpress\/segunda\/ca\/wp-json\/wp\/v2\/categories?post=259741"},{"taxonomy":"post_tag","embeddable":true,"href":"https:\/\/www.tucomarca.com\/wordpress\/segunda\/ca\/wp-json\/wp\/v2\/tags?post=259741"}],"curies":[{"name":"wp","href":"https:\/\/api.w.org\/{rel}","templated":true}]}}