{"id":259750,"date":"2025-03-31T09:00:00","date_gmt":"2025-03-31T08:00:00","guid":{"rendered":"https:\/\/www.tucomarca.com\/wordpress\/segunda\/?p=259750"},"modified":"2025-03-31T17:59:29","modified_gmt":"2025-03-31T16:59:29","slug":"el-institut-valencia-de-cultura-obri-el-termini-perque-els-municipis-sadherisquen-al-circuit-cultural-valencia","status":"publish","type":"post","link":"https:\/\/www.tucomarca.com\/wordpress\/segunda\/ca\/el-institut-valencia-de-cultura-obri-el-termini-perque-els-municipis-sadherisquen-al-circuit-cultural-valencia\/","title":{"rendered":"El Institut Valenci\u00e0 de Cultura obri el termini perqu\u00e8 els municipis s&#8217;adherisquen al Circuit Cultural Valenci\u00e0"},"content":{"rendered":"\n<h3 class=\"wp-block-heading\">La Conselleria d&#8217;Educaci\u00f3, Cultura, Universitats i Ocupaci\u00f3, a trav\u00e9s del Institut Valenci\u00e0 de Cultura (IVC), ha obert el termini perqu\u00e8 els municipis s&#8217;adherisquen al projecte del Circuit Cultural Valenci\u00e0.<\/h3>\n\n\n\n<h3 class=\"wp-block-heading\">Els ajuntaments es podran adherir al programa des d&#8217;aquest dilluns 31 de mar\u00e7 fins al 30 d&#8217;abril.<\/h3>\n\n\n\n<p>La resoluci\u00f3 del Conveni de Col\u00b7laboraci\u00f3 amb la Federaci\u00f3 Valenciana de Municipis i Prov\u00edncies (FVMP) per a la cooperaci\u00f3 en la promoci\u00f3 i difusi\u00f3 del projecte Circuit Cultural Valenci\u00e0 entre els municipis de la Comunitat Valenciana ha sigut publicada en el Diari Oficial de la Generalitat Valenciana.<\/p>\n\n\n\n<p>L&#8217;objectiu d&#8217;aquest acord \u00e9s impulsar la programaci\u00f3 de propostes professionals d&#8217;arts esc\u00e8niques, m\u00fasica i audiovisual del \u2018Circuit Cultural Valenci\u00e0\u2019, fent-les arribara a tots els municipis que s&#8217;adherisquen, fomentat la integraci\u00f3 i desenvolupament cultural del territori.<\/p>\n\n\n\n<p>L&#8217;adhesi\u00f3 al programa Circuit Cultural Valenci\u00e0 la poden sol\u00b7licitar tots els municipis que reunisquen els requisits establits per a realitzar programacions culturals estables que comencen a partir del 31 de maig.<\/p>\n\n\n\n<p>Segons s&#8217;arreplega en el conveni, el IVC s&#8217;encarregar\u00e0 de la programaci\u00f3, contractaci\u00f3, liquidaci\u00f3 i pagament del 100% del caixet dels artistes de cadascuna de les actuacions incloses dins del Circuit Cultural Valenci\u00e0. Al mateix temps, el IVC sol\u00b7licitar\u00e0 que el municipi adherit realitze una inversi\u00f3 en cultura equivalent a l&#8217;obtinguda a trav\u00e9s d&#8217;aquest conveni mitjan\u00e7ant la contractaci\u00f3 d&#8217;espectacles professionals, a fi de respectar l&#8217;efecte multiplicador del Cicuit Cultural Val\u00e8ncia.<\/p>\n\n\n\n<p>2,4 milions d&#8217;euros<\/p>\n\n\n\n<p>El conveni contempla una dotaci\u00f3 pressupost\u00e0ria de 2.420.000 euros per a finan\u00e7ar el cost de les activitats culturals programades pels ajuntaments, segons alguna de les cinc modalitats previstes.&nbsp;<\/p>\n\n\n\n<p>Aquesta xifra representa un primer increment de 200.000 euros respecte a 2024. A m\u00e9s, a aquest import se sumaran 300.000 euros addicionals, la qual cosa suposa un augment total del pressupost de 500.000 euros. Aquest refor\u00e7 permetr\u00e0 una major descentralitzaci\u00f3 de la programaci\u00f3 cultural, enforteix la vertebraci\u00f3 territorial i \u00e0mplia l&#8217;impacte en el sector, generant m\u00e9s oportunitats per a les companyies professionals.<\/p>\n\n\n\n<p>Les cinc modalitats en les quals est\u00e0 format el Circuit Cultural Valenci\u00e0 s\u00f3n: Dansa i Circ-A, amb un m\u00ednim de quatre i un m\u00e0xim de deu espectacles professionals, almenys dos dels quals hauran de ser de dansa i un de circ; la modalitat Teatre, Dansa i Circ-B, que comptar\u00e0 amb un m\u00ednim de dos i un m\u00e0xim de sis espectacles professionals, almenys un dels quals haur\u00e0 de ser de dansa.<\/p>\n\n\n\n<p>D&#8217;altra banda, la modalitat M\u00fasica-A tindr\u00e0 un m\u00ednim de quatre i un m\u00e0xim de huit concerts professionals, dels quals almenys tres hauran de ser de m\u00fasica cl\u00e0ssica; en el cas de la modalitat M\u00fasica-B hi haur\u00e0 un m\u00ednim de dos i un m\u00e0xim de cinc concerts professionals, dels quals almenys un haur\u00e0 de ser de m\u00fasica cl\u00e0ssica. Finalment, el Circuit Cultural Val\u00e8ncia per a aquest 2025 compta amb la modalitat de Cinema-Audiovisual, amb una programaci\u00f3 d&#8217;un m\u00ednim de dues sessions de cinema.<\/p>\n\n\n\n<p>Les comissions d&#8217;avaluaci\u00f3 encarregades de valorar les propostes de programaci\u00f3 de cadascuna de les \u00e0rees art\u00edstiques les formaran personal del IVC, experts de reconegut prestigi i gestors culturals municipals, que s&#8217;incorporaran en qualitat d&#8217;assessors a la Comissi\u00f3 Mixta de Coordinaci\u00f3 i Seguiment del Programa.<\/p>\n","protected":false},"excerpt":{"rendered":"<div class=\"mh-excerpt\">La Conselleria d&#8217;Educaci\u00f3, Cultura, Universitats i Ocupaci\u00f3, a trav\u00e9s del Institut Valenci\u00e0 de Cultura (IVC), ha obert el termini perqu\u00e8 els municipis s&#8217;adherisquen al projecte del Circuit Cultural Valenci\u00e0. Els ajuntaments es podran adherir al <a class=\"mh-excerpt-more\" href=\"https:\/\/www.tucomarca.com\/wordpress\/segunda\/ca\/el-institut-valencia-de-cultura-obri-el-termini-perque-els-municipis-sadherisquen-al-circuit-cultural-valencia\/\" title=\"El Institut Valenci\u00e0 de Cultura obri el termini perqu\u00e8 els municipis s&#8217;adherisquen al Circuit Cultural Valenci\u00e0\">[+] <\/a><\/div>\n","protected":false},"author":1,"featured_media":229188,"comment_status":"open","ping_status":"open","sticky":false,"template":"","format":"standard","meta":{"footnotes":""},"categories":[11019,10894,10904,11007,10896],"tags":[12194,11199],"class_list":{"0":"post-259750","1":"post","2":"type-post","3":"status-publish","4":"format-standard","5":"has-post-thumbnail","7":"category-agenda-ca","8":"category-la-comarca-ca","9":"category-sin-categorizar-ca","10":"category-ocio-y-cultura-ca","11":"category-seccion-ca","12":"tag-cultura-ca","13":"tag-la-comunitat-ca"},"_links":{"self":[{"href":"https:\/\/www.tucomarca.com\/wordpress\/segunda\/ca\/wp-json\/wp\/v2\/posts\/259750","targetHints":{"allow":["GET"]}}],"collection":[{"href":"https:\/\/www.tucomarca.com\/wordpress\/segunda\/ca\/wp-json\/wp\/v2\/posts"}],"about":[{"href":"https:\/\/www.tucomarca.com\/wordpress\/segunda\/ca\/wp-json\/wp\/v2\/types\/post"}],"author":[{"embeddable":true,"href":"https:\/\/www.tucomarca.com\/wordpress\/segunda\/ca\/wp-json\/wp\/v2\/users\/1"}],"replies":[{"embeddable":true,"href":"https:\/\/www.tucomarca.com\/wordpress\/segunda\/ca\/wp-json\/wp\/v2\/comments?post=259750"}],"version-history":[{"count":0,"href":"https:\/\/www.tucomarca.com\/wordpress\/segunda\/ca\/wp-json\/wp\/v2\/posts\/259750\/revisions"}],"wp:featuredmedia":[{"embeddable":true,"href":"https:\/\/www.tucomarca.com\/wordpress\/segunda\/ca\/wp-json\/wp\/v2\/media\/229188"}],"wp:attachment":[{"href":"https:\/\/www.tucomarca.com\/wordpress\/segunda\/ca\/wp-json\/wp\/v2\/media?parent=259750"}],"wp:term":[{"taxonomy":"category","embeddable":true,"href":"https:\/\/www.tucomarca.com\/wordpress\/segunda\/ca\/wp-json\/wp\/v2\/categories?post=259750"},{"taxonomy":"post_tag","embeddable":true,"href":"https:\/\/www.tucomarca.com\/wordpress\/segunda\/ca\/wp-json\/wp\/v2\/tags?post=259750"}],"curies":[{"name":"wp","href":"https:\/\/api.w.org\/{rel}","templated":true}]}}