{"id":259895,"date":"2025-03-31T10:00:00","date_gmt":"2025-03-31T09:00:00","guid":{"rendered":"https:\/\/www.tucomarca.com\/wordpress\/segunda\/el-cd-bunol-cae-derrotado-ante-el-cd-acero-en-un-partido-marcado-por-la-expulsion-de-albert\/"},"modified":"2025-03-31T17:44:45","modified_gmt":"2025-03-31T16:44:45","slug":"el-cd-bunol-cae-derrotado-ante-el-cd-acero-en-un-partido-marcado-por-la-expulsion-de-albert","status":"publish","type":"post","link":"https:\/\/www.tucomarca.com\/wordpress\/segunda\/ca\/el-cd-bunol-cae-derrotado-ante-el-cd-acero-en-un-partido-marcado-por-la-expulsion-de-albert\/","title":{"rendered":"El CD Bunyol cau derrotat davant el CD Acer en un partit marcat per l&#8217;expulsi\u00f3 d&#8217;Albert"},"content":{"rendered":"\n<p>El CD Bunyol ha caigut derrotat aquest cap de setmana davant el CD Acer en la jornada 25 de la Lliga Comunitat del grup nord. La trobada, disputat en l&#8217;Estadi El Forn\u00e1s de Port de Sagunt, va estar condicionat per la primerenca expulsi\u00f3 de l&#8217;extrem Albert en el minut 30, que va deixar als blancs en inferioritat num\u00e8rica.<\/p>\n\n\n\n<p>A penes quatre minuts despr\u00e9s, el CD Acer va aprofitar la situaci\u00f3 i va obrir el marcador en el 34\u2019. Sense donar treva, els locals van ampliar el seu avantatge amb un segon punt en el minut 36.<\/p>\n\n\n\n<p>Ja en la segona part, el conjunt sagunt\u00ed va sentenciar el partit amb un tercer gol, tancant aix\u00ed un 3-0 que va deixar sense opcions al CD Bunyol.<\/p>\n\n\n\n<p>Despr\u00e9s d&#8217;aquesta derrota, l&#8217;equip bu\u00f1olense se situa en la quarta posici\u00f3 de la taula, amb la vista posada a recuperar-se en la pr\u00f2xima jornada i escalar llocs en la taula.<\/p>\n","protected":false},"excerpt":{"rendered":"<div class=\"mh-excerpt\">El CD Bunyol ha caigut derrotat aquest cap de setmana davant el CD Acer en la jornada 25 de la Lliga Comunitat del grup nord. La trobada, disputat en l&#8217;Estadi El Forn\u00e1s de Port de <a class=\"mh-excerpt-more\" href=\"https:\/\/www.tucomarca.com\/wordpress\/segunda\/ca\/el-cd-bunol-cae-derrotado-ante-el-cd-acero-en-un-partido-marcado-por-la-expulsion-de-albert\/\" title=\"El CD Bunyol cau derrotat davant el CD Acer en un partit marcat per l&#8217;expulsi\u00f3 d&#8217;Albert\">[+] <\/a><\/div>\n","protected":false},"author":12,"featured_media":259867,"comment_status":"open","ping_status":"open","sticky":false,"template":"","format":"standard","meta":{"footnotes":""},"categories":[10911,11015,11003,10894,10912,10896],"tags":[10913,11126,11075,10914],"class_list":{"0":"post-259895","1":"post","2":"type-post","3":"status-publish","4":"format-standard","5":"has-post-thumbnail","7":"category-bunol-ca","8":"category-canal-futbol","9":"category-sports","10":"category-la-comarca-ca","11":"category-la-hoya-ca","12":"category-seccion-ca","13":"tag-bunol-ca","14":"tag-cd-bunol-ca","15":"tag-futbol-ca","16":"tag-la-hoya-de-bunol-chiva-ca"},"_links":{"self":[{"href":"https:\/\/www.tucomarca.com\/wordpress\/segunda\/ca\/wp-json\/wp\/v2\/posts\/259895","targetHints":{"allow":["GET"]}}],"collection":[{"href":"https:\/\/www.tucomarca.com\/wordpress\/segunda\/ca\/wp-json\/wp\/v2\/posts"}],"about":[{"href":"https:\/\/www.tucomarca.com\/wordpress\/segunda\/ca\/wp-json\/wp\/v2\/types\/post"}],"author":[{"embeddable":true,"href":"https:\/\/www.tucomarca.com\/wordpress\/segunda\/ca\/wp-json\/wp\/v2\/users\/12"}],"replies":[{"embeddable":true,"href":"https:\/\/www.tucomarca.com\/wordpress\/segunda\/ca\/wp-json\/wp\/v2\/comments?post=259895"}],"version-history":[{"count":0,"href":"https:\/\/www.tucomarca.com\/wordpress\/segunda\/ca\/wp-json\/wp\/v2\/posts\/259895\/revisions"}],"wp:featuredmedia":[{"embeddable":true,"href":"https:\/\/www.tucomarca.com\/wordpress\/segunda\/ca\/wp-json\/wp\/v2\/media\/259867"}],"wp:attachment":[{"href":"https:\/\/www.tucomarca.com\/wordpress\/segunda\/ca\/wp-json\/wp\/v2\/media?parent=259895"}],"wp:term":[{"taxonomy":"category","embeddable":true,"href":"https:\/\/www.tucomarca.com\/wordpress\/segunda\/ca\/wp-json\/wp\/v2\/categories?post=259895"},{"taxonomy":"post_tag","embeddable":true,"href":"https:\/\/www.tucomarca.com\/wordpress\/segunda\/ca\/wp-json\/wp\/v2\/tags?post=259895"}],"curies":[{"name":"wp","href":"https:\/\/api.w.org\/{rel}","templated":true}]}}