{"id":259903,"date":"2025-03-31T11:00:00","date_gmt":"2025-03-31T10:00:00","guid":{"rendered":"https:\/\/www.tucomarca.com\/wordpress\/segunda\/?p=259903"},"modified":"2025-03-31T20:03:19","modified_gmt":"2025-03-31T19:03:19","slug":"el-pp-enlletgeix-al-pspv-que-eludisca-reclamar-al-govern-que-8-pobles-de-la-serrania-estiguen-en-el-decret-dajudes-de-la-dana","status":"publish","type":"post","link":"https:\/\/www.tucomarca.com\/wordpress\/segunda\/ca\/el-pp-enlletgeix-al-pspv-que-eludisca-reclamar-al-govern-que-8-pobles-de-la-serrania-estiguen-en-el-decret-dajudes-de-la-dana\/","title":{"rendered":"El PP enlletgeix al PSPV que eludisca reclamar al Govern que 8 pobles de la Serrania estiguen en el decret d&#8217;ajudes de la dana"},"content":{"rendered":"\n<h3 class=\"wp-block-heading\">La moci\u00f3 del Partit Popular en la Diputaci\u00f3 de Val\u00e8ncia per a demanar que l&#8217;Executiu incloga 28 municipis m\u00e9s en el decret de la dana ha tirat avant amb el vot favorable de tots els grups menys del PSPV.\u00a0<\/h3>\n\n\n\n<h3 class=\"wp-block-heading\">Melanio Esteban: \u201cEn la reconstrucci\u00f3 haur\u00edem d&#8217;anar tots a l&#8217;una, per damunt de colors pol\u00edtics i interessos partidistes\u201d.<\/h3>\n\n\n\n<p>El Partit Popular de la Serrania ha enlletgit al PSPV que no haja votat a favor d&#8217;incloure 8 municipis de la comarca en el decret del Govern sobre els municipis afectats per la dana.\u00a0 Aix\u00ed ho sol\u00b7licita la Diputaci\u00f3 a trav\u00e9s d&#8217;una moci\u00f3 del PP que tirat avant aquest mat\u00ed amb els vots a favor de tots els grups excepte del PSPV.\u00a0<\/p>\n\n\n\n<p>\u201cLa iniciativa aprovada demana que l&#8217;Executiu incloga 28 municipis afectats per la riuada, per\u00f2 que s&#8217;han quedat fora del decret del Govern i per tant tamb\u00e9 de moltes ajudes que s\u00f3n necess\u00e0ries per a la reconstrucci\u00f3\u201d, ha explicat el coordinador comarcal del PP i alcalde de Figueroles de Domenyo, Melanio Esteban.<\/p>\n\n\n\n<p>8 dels 28 municipis que s&#8217;inclouen en la moci\u00f3 perqu\u00e8 reben el mateix tracte que la resta dels afectats estan en la Regi\u00f3 muntanyenca: Titaig\u00fces, Benaixeve, el Villar, Aras de los Olmos, Xulilla, la Llosa del Bisbe, Xelva i Toixa. Al contrari que el Govern, la Generalitat s\u00ed que els reconeix com afectats perqu\u00e8 \u201c\u00e9s evident que han patit danys i han de tindre les mateixes eines per a traure els seus pobles avance\u201d.<\/p>\n\n\n\n<p>En aquest sentit, ha criticat Esteban, \u201c\u00e9s incomprensible que els socialistes no donen suport a una iniciativa que beneficia a tots els pobles afectats, entre ells els que el propi PSPV governa com s\u00f3n Aras de los Olmos, Benaixeve, Titaig\u00fces i el Villar\u201d. &nbsp;<\/p>\n\n\n\n<p>A m\u00e9s, ha defensat, \u201cen la reconstrucci\u00f3 haur\u00edem d&#8217;anar tots a l&#8217;una, per damunt de colors pol\u00edtics i interessos partidistes\u201d. \u201cAix\u00f2 \u00e9s el que s&#8217;estem fent des del PP amb iniciatives com aquesta que t\u00e9 com a \u00fanic objectiu contribuir a la reconstrucci\u00f3 dels municipis afectats i l&#8217;ajuda a tots els damnificats en igualtat de condicions i sense discriminaci\u00f3\u201d, ha assegurat.<\/p>\n","protected":false},"excerpt":{"rendered":"<div class=\"mh-excerpt\">La moci\u00f3 del Partit Popular en la Diputaci\u00f3 de Val\u00e8ncia per a demanar que l&#8217;Executiu incloga 28 municipis m\u00e9s en el decret de la dana ha tirat avant amb el vot favorable de tots els <a class=\"mh-excerpt-more\" href=\"https:\/\/www.tucomarca.com\/wordpress\/segunda\/ca\/el-pp-enlletgeix-al-pspv-que-eludisca-reclamar-al-govern-que-8-pobles-de-la-serrania-estiguen-en-el-decret-dajudes-de-la-dana\/\" title=\"El PP enlletgeix al PSPV que eludisca reclamar al Govern que 8 pobles de la Serrania estiguen en el decret d&#8217;ajudes de la dana\">[+] <\/a><\/div>\n","protected":false},"author":13,"featured_media":259901,"comment_status":"open","ping_status":"open","sticky":false,"template":"","format":"standard","meta":{"footnotes":""},"categories":[21466,11046,10898,10948,10894,10904,10903,10947,10896,10897],"tags":[15409,11199,11080,11140],"class_list":{"0":"post-259903","1":"post","2":"type-post","3":"status-publish","4":"format-standard","5":"has-post-thumbnail","7":"category-dana-ca","8":"category-los-serranos-ca","9":"category-ventana-ca","10":"category-infraestructuras-ca","11":"category-la-comarca-ca","12":"category-sin-categorizar-ca","13":"category-medio-ambiente-la-comarca-ca","14":"category-politica","15":"category-seccion-ca","16":"category-sucesos-la-comarca-ca","17":"tag-dana-2-ca","18":"tag-la-comunitat-ca","19":"tag-los-serranos-ca","20":"tag-politica-ca"},"_links":{"self":[{"href":"https:\/\/www.tucomarca.com\/wordpress\/segunda\/ca\/wp-json\/wp\/v2\/posts\/259903","targetHints":{"allow":["GET"]}}],"collection":[{"href":"https:\/\/www.tucomarca.com\/wordpress\/segunda\/ca\/wp-json\/wp\/v2\/posts"}],"about":[{"href":"https:\/\/www.tucomarca.com\/wordpress\/segunda\/ca\/wp-json\/wp\/v2\/types\/post"}],"author":[{"embeddable":true,"href":"https:\/\/www.tucomarca.com\/wordpress\/segunda\/ca\/wp-json\/wp\/v2\/users\/13"}],"replies":[{"embeddable":true,"href":"https:\/\/www.tucomarca.com\/wordpress\/segunda\/ca\/wp-json\/wp\/v2\/comments?post=259903"}],"version-history":[{"count":0,"href":"https:\/\/www.tucomarca.com\/wordpress\/segunda\/ca\/wp-json\/wp\/v2\/posts\/259903\/revisions"}],"wp:featuredmedia":[{"embeddable":true,"href":"https:\/\/www.tucomarca.com\/wordpress\/segunda\/ca\/wp-json\/wp\/v2\/media\/259901"}],"wp:attachment":[{"href":"https:\/\/www.tucomarca.com\/wordpress\/segunda\/ca\/wp-json\/wp\/v2\/media?parent=259903"}],"wp:term":[{"taxonomy":"category","embeddable":true,"href":"https:\/\/www.tucomarca.com\/wordpress\/segunda\/ca\/wp-json\/wp\/v2\/categories?post=259903"},{"taxonomy":"post_tag","embeddable":true,"href":"https:\/\/www.tucomarca.com\/wordpress\/segunda\/ca\/wp-json\/wp\/v2\/tags?post=259903"}],"curies":[{"name":"wp","href":"https:\/\/api.w.org\/{rel}","templated":true}]}}