{"id":259921,"date":"2025-03-31T09:30:00","date_gmt":"2025-03-31T08:30:00","guid":{"rendered":"https:\/\/www.tucomarca.com\/wordpress\/segunda\/?p=259921"},"modified":"2025-03-31T20:14:22","modified_gmt":"2025-03-31T19:14:22","slug":"el-teatre-liceu-de-xest-acull-la-representacio-de-ay-carmela","status":"publish","type":"post","link":"https:\/\/www.tucomarca.com\/wordpress\/segunda\/ca\/el-teatre-liceu-de-xest-acull-la-representacio-de-ay-carmela\/","title":{"rendered":"El Teatre Liceu de Xest acull la representaci\u00f3 de \u00a1Ay Carmela!"},"content":{"rendered":"\n<p>Dissabte passat, 29 de mar\u00e7, es va organitzar des de la Regidoria de Cultura la representaci\u00f3 de l&#8217;obra teatral \u00a1Ay Carmela!, escrita per Jos\u00e9 Sanchis Sinisterra en 1986 i portada a escena, en aquesta ocasi\u00f3, per la companyia Unicorn teatre, de Rivas-Vaciamadrid. Aquesta obra, adaptada al cinema per Carlos Saura en 1990 i guanyant el Goya a la millor pel\u00b7l\u00edcula, compte la hist\u00f2ria de dos c\u00f2mics del b\u00e0ndol republic\u00e0 durant la Guerra Civil.<\/p>\n\n\n\n<p>La regidora de Cultura, M\u00aa \u00c1ngeles Llorente, va obrir l&#8217;acte explicant els motius de la selecci\u00f3 de l&#8217;obra i fent una reflexi\u00f3 sobre les guerres. \u201c\u00a1Ay Carmela! havia sigut seleccionada per a participar en la Mostra de teatre 2024, per\u00f2 la DANA va impedir la seua representaci\u00f3. La reprenem hui per dues raons: per a commemorar El Dia Mundial del Teatre, que se celebra el 27 de mar\u00e7 de cada any i, d&#8217;altra banda, perqu\u00e8 ahir, 28 de mar\u00e7, va ser el Dia de la Mem\u00f2ria Democr\u00e0tica de la Comunitat Valenciana, establit per la llei de Mem\u00f2ria democr\u00e0tica i per a la conviv\u00e8ncia com a dia de record i homenatge a les v\u00edctimes de la Guerra Civil i de la dictadura. Aquesta obra ens porta a reflexionar sobre la desgr\u00e0cia de les guerres, en un moment en qu\u00e8 la pol\u00edtica imperialista d&#8217;un fan\u00e0tic Trump deslliga totes les pors i deliris de pol\u00edtics i nacions del m\u00f3n sencer. Mai s&#8217;ha aconseguit la pau rearmant als Estats, no ens podem deixar enganyar, les guerres les propicien les grans empreses d&#8217;armament i pol\u00edtics nefastos i les perdem tots els altres, aix\u00ed que No a la guerra, a cap guerra. Cal posicionar-se alt, clar i molt fort, m\u00e9s prompte que tard\u201d, declarava Llorente.<\/p>\n\n\n\n<p>Despr\u00e9s de les paraules de la regidora va comen\u00e7ar la representaci\u00f3, en la qual dos actors de la companyia madrilenya van donar vida a Paulino i Carmela, actors c\u00f2mics del front republic\u00e0, compartint amb el p\u00fablic assistent la seua odissea en ser presoners pel b\u00e0ndol nacional.<\/p>\n\n\n\n<figure class=\"wp-block-gallery has-nested-images columns-2 is-cropped wp-block-gallery-1 is-layout-flex wp-block-gallery-is-layout-flex\">\n<figure class=\"wp-block-image size-large\"><img loading=\"lazy\" decoding=\"async\" width=\"886\" height=\"591\" data-id=\"259908\" src=\"https:\/\/www.tucomarca.com\/wordpress\/segunda\/wp-content\/uploads\/2025\/03\/Cheste_AyCarmela_1.jpg\" alt=\"\" class=\"wp-image-259908\" srcset=\"https:\/\/www.tucomarca.com\/wordpress\/segunda\/wp-content\/uploads\/2025\/03\/Cheste_AyCarmela_1.jpg 886w, https:\/\/www.tucomarca.com\/wordpress\/segunda\/wp-content\/uploads\/2025\/03\/Cheste_AyCarmela_1-300x200.jpg 300w, https:\/\/www.tucomarca.com\/wordpress\/segunda\/wp-content\/uploads\/2025\/03\/Cheste_AyCarmela_1-768x512.jpg 768w\" sizes=\"auto, (max-width: 886px) 100vw, 886px\" \/><\/figure>\n\n\n\n<figure class=\"wp-block-image size-large\"><img loading=\"lazy\" decoding=\"async\" width=\"886\" height=\"591\" data-id=\"259911\" src=\"https:\/\/www.tucomarca.com\/wordpress\/segunda\/wp-content\/uploads\/2025\/03\/Cheste_AyCarmela_2.jpg\" alt=\"\" class=\"wp-image-259911\" srcset=\"https:\/\/www.tucomarca.com\/wordpress\/segunda\/wp-content\/uploads\/2025\/03\/Cheste_AyCarmela_2.jpg 886w, https:\/\/www.tucomarca.com\/wordpress\/segunda\/wp-content\/uploads\/2025\/03\/Cheste_AyCarmela_2-300x200.jpg 300w, https:\/\/www.tucomarca.com\/wordpress\/segunda\/wp-content\/uploads\/2025\/03\/Cheste_AyCarmela_2-768x512.jpg 768w\" sizes=\"auto, (max-width: 886px) 100vw, 886px\" \/><\/figure>\n\n\n\n<figure class=\"wp-block-image size-large\"><img loading=\"lazy\" decoding=\"async\" width=\"886\" height=\"591\" data-id=\"259915\" src=\"https:\/\/www.tucomarca.com\/wordpress\/segunda\/wp-content\/uploads\/2025\/03\/Cheste_AyCarmela_4.jpg\" alt=\"\" class=\"wp-image-259915\" srcset=\"https:\/\/www.tucomarca.com\/wordpress\/segunda\/wp-content\/uploads\/2025\/03\/Cheste_AyCarmela_4.jpg 886w, https:\/\/www.tucomarca.com\/wordpress\/segunda\/wp-content\/uploads\/2025\/03\/Cheste_AyCarmela_4-300x200.jpg 300w, https:\/\/www.tucomarca.com\/wordpress\/segunda\/wp-content\/uploads\/2025\/03\/Cheste_AyCarmela_4-768x512.jpg 768w\" sizes=\"auto, (max-width: 886px) 100vw, 886px\" \/><\/figure>\n<\/figure>\n","protected":false},"excerpt":{"rendered":"<div class=\"mh-excerpt\">Dissabte passat, 29 de mar\u00e7, es va organitzar des de la Regidoria de Cultura la representaci\u00f3 de l&#8217;obra teatral \u00a1Ay Carmela!, escrita per Jos\u00e9 Sanchis Sinisterra en 1986 i portada a escena, en aquesta ocasi\u00f3, <a class=\"mh-excerpt-more\" href=\"https:\/\/www.tucomarca.com\/wordpress\/segunda\/ca\/el-teatre-liceu-de-xest-acull-la-representacio-de-ay-carmela\/\" title=\"El Teatre Liceu de Xest acull la representaci\u00f3 de \u00a1Ay Carmela!\">[+] <\/a><\/div>\n","protected":false},"author":13,"featured_media":259914,"comment_status":"open","ping_status":"open","sticky":false,"template":"","format":"gallery","meta":{"footnotes":""},"categories":[10894,10912,11007,10896,10974],"tags":[11071,10914],"class_list":{"0":"post-259921","1":"post","2":"type-post","3":"status-publish","4":"format-gallery","5":"has-post-thumbnail","7":"category-la-comarca-ca","8":"category-la-hoya-ca","9":"category-ocio-y-cultura-ca","10":"category-seccion-ca","11":"category-cheste-ca","12":"tag-cheste","13":"tag-la-hoya-de-bunol-chiva-ca","14":"post_format-post-format-gallery"},"_links":{"self":[{"href":"https:\/\/www.tucomarca.com\/wordpress\/segunda\/ca\/wp-json\/wp\/v2\/posts\/259921","targetHints":{"allow":["GET"]}}],"collection":[{"href":"https:\/\/www.tucomarca.com\/wordpress\/segunda\/ca\/wp-json\/wp\/v2\/posts"}],"about":[{"href":"https:\/\/www.tucomarca.com\/wordpress\/segunda\/ca\/wp-json\/wp\/v2\/types\/post"}],"author":[{"embeddable":true,"href":"https:\/\/www.tucomarca.com\/wordpress\/segunda\/ca\/wp-json\/wp\/v2\/users\/13"}],"replies":[{"embeddable":true,"href":"https:\/\/www.tucomarca.com\/wordpress\/segunda\/ca\/wp-json\/wp\/v2\/comments?post=259921"}],"version-history":[{"count":0,"href":"https:\/\/www.tucomarca.com\/wordpress\/segunda\/ca\/wp-json\/wp\/v2\/posts\/259921\/revisions"}],"wp:featuredmedia":[{"embeddable":true,"href":"https:\/\/www.tucomarca.com\/wordpress\/segunda\/ca\/wp-json\/wp\/v2\/media\/259914"}],"wp:attachment":[{"href":"https:\/\/www.tucomarca.com\/wordpress\/segunda\/ca\/wp-json\/wp\/v2\/media?parent=259921"}],"wp:term":[{"taxonomy":"category","embeddable":true,"href":"https:\/\/www.tucomarca.com\/wordpress\/segunda\/ca\/wp-json\/wp\/v2\/categories?post=259921"},{"taxonomy":"post_tag","embeddable":true,"href":"https:\/\/www.tucomarca.com\/wordpress\/segunda\/ca\/wp-json\/wp\/v2\/tags?post=259921"}],"curies":[{"name":"wp","href":"https:\/\/api.w.org\/{rel}","templated":true}]}}