{"id":259946,"date":"2025-03-31T12:50:00","date_gmt":"2025-03-31T11:50:00","guid":{"rendered":"https:\/\/www.tucomarca.com\/wordpress\/segunda\/?p=259946"},"modified":"2025-03-31T20:39:12","modified_gmt":"2025-03-31T19:39:12","slug":"la-mancomunitat-foia-de-bunyol-xiva-comenca-a-tramitar-la-documentacio-de-procediments-per-la-regularitzacio-de-migrants-afectats-per-la-dana","status":"publish","type":"post","link":"https:\/\/www.tucomarca.com\/wordpress\/segunda\/ca\/la-mancomunitat-foia-de-bunyol-xiva-comenca-a-tramitar-la-documentacio-de-procediments-per-la-regularitzacio-de-migrants-afectats-per-la-dana\/","title":{"rendered":"La mancomunitat Foia de Bunyol Xiva comen\u00e7a a tramitar la documentaci\u00f3 de procediments per la regularitzaci\u00f3 de migrants afectats per la DANA"},"content":{"rendered":"\n<p>Aquest proc\u00e9s, gestionat des de l&#8217;oficina PANGEA de Serveis Socials de la Mancomunitat es troba incl\u00f2s dins del paquet de mesures corresponents al Pla de Resposta Immediata aprovat pel Ministeri d&#8217;Inclusi\u00f3, Seguretat Social i Migracions.<\/p>\n\n\n\n<p>La regularitzaci\u00f3 tracta de protegir les persones estrangeres de situacions de \u201cm\u00e0xima vulnerabilitat\u201d pel que la tramitaci\u00f3 es realitza des de les oficines PANGEA distribu\u00efdes per tota la Comunitat.<\/p>\n\n\n\n<p>La Xarxa Pangea \u00e9s un instrument de coordinaci\u00f3 de les pol\u00edtiques d&#8217;atenci\u00f3 a les persones migrants amb les entitats locals de la Comunitat Valenciana que disposen d&#8217;oficines. Estan situades en les depend\u00e8ncies dels ajuntaments i mancomunitats. Proporcionant atenci\u00f3 a les persones migrants que es troben en situaci\u00f3 de necessitat social mitjan\u00e7ant actuacions d&#8217;informaci\u00f3, primer acolliment, mediaci\u00f3 i acompanyament als serveis necessaris per a la seua autonomia i inclusi\u00f3 social i en aquest cas, donant suport a la tramitaci\u00f3 dels processos de regularitzaci\u00f3.<\/p>\n\n\n\n<p>Les sol\u00b7licituds de les persones afectades hauran de presentar-se fins a mitjan maig i nom\u00e9s podran ser denegades per raons d&#8217;ordre p\u00fablic, seguretat o salut p\u00fablica.<\/p>\n\n\n\n<p>Les persones interessades han de contactar amb l&#8217;equip t\u00e8cnic de Serveis socials de la Mancomunitat Foia de Bunyol\u00a0<a href=\"https:\/\/www.facebook.com\/@mclahoya\/?__cft__%255B0%255D=AZVbgTOp9CFmhOUYBXvI5afNDOAeUIybSdRsht7TrIS94RlWPiLIcih-NEqQJgaNX18Gu2nYGiwYKT7ThqBdQQMON6wWUKa6yyVOu6yfBONfUxdqqT5IrhZyEi9umRiXi5lFGFtXrjTYKnJHsxQSE1rB&amp;__tn__=-%255DK-R\"><strong>Mancomunidad Hoya de Bu\u00f1ol-Chiva<\/strong><\/a>.<\/p>\n","protected":false},"excerpt":{"rendered":"<div class=\"mh-excerpt\">Aquest proc\u00e9s, gestionat des de l&#8217;oficina PANGEA de Serveis Socials de la Mancomunitat es troba incl\u00f2s dins del paquet de mesures corresponents al Pla de Resposta Immediata aprovat pel Ministeri d&#8217;Inclusi\u00f3, Seguretat Social i Migracions. <a class=\"mh-excerpt-more\" href=\"https:\/\/www.tucomarca.com\/wordpress\/segunda\/ca\/la-mancomunitat-foia-de-bunyol-xiva-comenca-a-tramitar-la-documentacio-de-procediments-per-la-regularitzacio-de-migrants-afectats-per-la-dana\/\" title=\"La mancomunitat Foia de Bunyol Xiva comen\u00e7a a tramitar la documentaci\u00f3 de procediments per la regularitzaci\u00f3 de migrants afectats per la DANA\">[+] <\/a><\/div>\n","protected":false},"author":12,"featured_media":259944,"comment_status":"open","ping_status":"open","sticky":false,"template":"","format":"standard","meta":{"footnotes":""},"categories":[21466,10980,10948,10894,10904,10912,10947,10896],"tags":[15409,10914,11514,22077],"class_list":{"0":"post-259946","1":"post","2":"type-post","3":"status-publish","4":"format-standard","5":"has-post-thumbnail","7":"category-dana-ca","8":"category-yatova-ca","9":"category-infraestructuras-ca","10":"category-la-comarca-ca","11":"category-sin-categorizar-ca","12":"category-la-hoya-ca","13":"category-politica","14":"category-seccion-ca","15":"tag-dana-2-ca","16":"tag-la-hoya-de-bunol-chiva-ca","17":"tag-mancomunidad-de-la-hoya-de-bunol-chiva-ca","18":"tag-regularizacion-de-migrantes-ca"},"_links":{"self":[{"href":"https:\/\/www.tucomarca.com\/wordpress\/segunda\/ca\/wp-json\/wp\/v2\/posts\/259946","targetHints":{"allow":["GET"]}}],"collection":[{"href":"https:\/\/www.tucomarca.com\/wordpress\/segunda\/ca\/wp-json\/wp\/v2\/posts"}],"about":[{"href":"https:\/\/www.tucomarca.com\/wordpress\/segunda\/ca\/wp-json\/wp\/v2\/types\/post"}],"author":[{"embeddable":true,"href":"https:\/\/www.tucomarca.com\/wordpress\/segunda\/ca\/wp-json\/wp\/v2\/users\/12"}],"replies":[{"embeddable":true,"href":"https:\/\/www.tucomarca.com\/wordpress\/segunda\/ca\/wp-json\/wp\/v2\/comments?post=259946"}],"version-history":[{"count":0,"href":"https:\/\/www.tucomarca.com\/wordpress\/segunda\/ca\/wp-json\/wp\/v2\/posts\/259946\/revisions"}],"wp:featuredmedia":[{"embeddable":true,"href":"https:\/\/www.tucomarca.com\/wordpress\/segunda\/ca\/wp-json\/wp\/v2\/media\/259944"}],"wp:attachment":[{"href":"https:\/\/www.tucomarca.com\/wordpress\/segunda\/ca\/wp-json\/wp\/v2\/media?parent=259946"}],"wp:term":[{"taxonomy":"category","embeddable":true,"href":"https:\/\/www.tucomarca.com\/wordpress\/segunda\/ca\/wp-json\/wp\/v2\/categories?post=259946"},{"taxonomy":"post_tag","embeddable":true,"href":"https:\/\/www.tucomarca.com\/wordpress\/segunda\/ca\/wp-json\/wp\/v2\/tags?post=259946"}],"curies":[{"name":"wp","href":"https:\/\/api.w.org\/{rel}","templated":true}]}}