{"id":259960,"date":"2025-03-31T09:10:00","date_gmt":"2025-03-31T08:10:00","guid":{"rendered":"https:\/\/www.tucomarca.com\/wordpress\/segunda\/?p=259960"},"modified":"2025-03-31T20:52:14","modified_gmt":"2025-03-31T19:52:14","slug":"les-denominacions-dorigen-valoren-positivament-les-mesures-proposades-per-la-comissio-europea-per-al-vi","status":"publish","type":"post","link":"https:\/\/www.tucomarca.com\/wordpress\/segunda\/ca\/les-denominacions-dorigen-valoren-positivament-les-mesures-proposades-per-la-comissio-europea-per-al-vi\/","title":{"rendered":"Les Denominacions d&#8217;Origen valoren positivament les mesures proposades per la Comissi\u00f3 Europea per al Vi"},"content":{"rendered":"\n<h3 class=\"wp-block-heading\">EFOW i CECRV, les organitzacions representatives de les denominacions d&#8217;origen de vi a nivell europeu i a nivell nacional, respectivament, consideren satisfact\u00f2ria la proposta presentada per la Comissi\u00f3 Europea el divendres, que cont\u00e9 un paquet de mesures per a fer costat al sector del vi. Aix\u00f2 s\u00ed, entenen que \u00e9s una bona base sobre la qual continuar construint, ja que, segons el parer de les dues organitzacions, ha de completar-se i millorar-se durant la tramitaci\u00f3 legislativa, incorporant algunes recomanacions del Grup d&#8217;Alt Nivell per a la Pol\u00edtica Vitivin\u00edcola que no estan en la proposta de la Comissi\u00f3.<\/h3>\n\n\n\n<p>La European Federation of Origin Wines (EFOW), l&#8217;organitzaci\u00f3 que representa a les denominacions d&#8217;origen europees davant les institucions de la UE, i la Confer\u00e8ncia Espanyola de Consells Reguladors Vitivin\u00edcoles (CECRV), que representa a les DDOO de vi a nivell nacional, valoren positivament el paquet de mesures per a fer costat al sector del vi presentat per la Comissi\u00f3 Europea i amb el qual es pret\u00e9n traslladar a legislaci\u00f3 les recomanacions realitzades pel Grup d&#8217;Alt Nivell per a la Pol\u00edtica Vitivin\u00edcola. Per a totes dues organitzacions, les propostes de la Comissi\u00f3 responen a bona part de les necessitats consensuades per les organitzacions sectorials, els Estats Membre i la pr\u00f2pia Comissi\u00f3 en el Grup d&#8217;Alt Nivell i demostren que el m\u00e8tode de treball emprat per a arribar a elles (de baix a dalt, escoltant a totes les parts implicades per a identificar les necessitats i les mesures necess\u00e0ries perqu\u00e8 el sector torne a cr\u00e9ixer) \u00e9s efectiu i ha de continuar emprant-se en futures reformes legislatives.<\/p>\n\n\n\n<p>Les denominacions d&#8217;origen consideren molt favorable el refor\u00e7 i l&#8217;ampliaci\u00f3 que la reforma planteja per al sistema d&#8217;autoritzacions de plantaci\u00f3, permetent als Estats Membre no cr\u00e9ixer en superf\u00edcie d&#8217;un any a un altre, ja a nivell nacional, ja a nivell DOP, per a adequar la producci\u00f3 a la demanda, donant la possibilitat que l&#8217;Estat membre puga limitar la concessi\u00f3 d&#8217;autoritzacions de nova plantaci\u00f3 en zones que hagen aplicat mesures de crisis (destil\u00b7laci\u00f3, collita en verd o arrancada), la qual cosa sens dubte refor\u00e7a la coher\u00e8ncia, tant del sistema d&#8217;autoritzacions, com del sistema d&#8217;ajudes del qual disposa el sector, o fins i tot exigint que les noves autoritzacions hagen d&#8217;utilitzar-se en una zona concreta (amb DOP o sense IG), aix\u00f2 \u00e9s, limitant les transfer\u00e8ncies dins de la mateixa explotaci\u00f3.<\/p>\n\n\n\n<p>Altres aspectes considerats satisfactoris per les figures de qualitat s\u00f3n la possibilitat que els Estats Membre puguen refor\u00e7ar la condicionalitat de la mesura de reestructuraci\u00f3 i reconversi\u00f3 per a evitar que amb ella es produ\u00efsquen augments de rendiment quan el mercat no els admet, la incorporaci\u00f3 dels consells reguladors com a possibles beneficiaris de les ajudes europees per a la promoci\u00f3 del enoturismo (actualment, nom\u00e9s poden ser-ho les organitzacions interprofessionals) i les mesures de transpar\u00e8ncia i simplificaci\u00f3 en mat\u00e8ria d&#8217;etiquetatge, que busquen, d&#8217;una banda, aclarir la designaci\u00f3 dels vins desalcoholizados i parcialment desalcoholizados i, per un altre, harmonitzar la interpretaci\u00f3 de l&#8217;aplicaci\u00f3 de les indicacions de l&#8217;etiquetatge nutricional i d&#8217;ingredients en tots els Estats Membre.<\/p>\n\n\n\n<p>Amb tot, tant CECRV, com EFOW, consideren que la proposta \u00e9s millorable en alguns punts concrets. D&#8217;una banda, en mat\u00e8ria de promoci\u00f3, ja que el text presentat per la Comissi\u00f3 no arreplega la simplificaci\u00f3 de la mesura de promoci\u00f3 en tercers pa\u00efsos per a xicotets i mitjans productors, que era una de les recomanacions del Grup d&#8217;Alt Nivell. Tampoc la gesti\u00f3 pluriennal dels fons de la intervenci\u00f3 sectorial del vi, que permetria transferir fons d&#8217;unes mesures a altres en funci\u00f3 de les necessitats i que tamb\u00e9 va ser consensuada per Comissi\u00f3, Estats Membre i sector. Aix\u00ed, les organitzacions representatives de les DDOO es comprometen a treballar amb els colegisladors (Parlament Europeu i Consell Europeu) perqu\u00e8 aquests punts tamb\u00e9 s&#8217;incorporen a la proposta de reforma de la OCM que planteja aquest paquet de mesures durant el proc\u00e9s de tramitaci\u00f3 legislativa que ara s&#8217;inicia.<\/p>\n","protected":false},"excerpt":{"rendered":"<div class=\"mh-excerpt\">EFOW i CECRV, les organitzacions representatives de les denominacions d&#8217;origen de vi a nivell europeu i a nivell nacional, respectivament, consideren satisfact\u00f2ria la proposta presentada per la Comissi\u00f3 Europea el divendres, que cont\u00e9 un paquet <a class=\"mh-excerpt-more\" href=\"https:\/\/www.tucomarca.com\/wordpress\/segunda\/ca\/les-denominacions-dorigen-valoren-positivament-les-mesures-proposades-per-la-comissio-europea-per-al-vi\/\" title=\"Les Denominacions d&#8217;Origen valoren positivament les mesures proposades per la Comissi\u00f3 Europea per al Vi\">[+] <\/a><\/div>\n","protected":false},"author":12,"featured_media":252349,"comment_status":"open","ping_status":"open","sticky":false,"template":"","format":"standard","meta":{"footnotes":""},"categories":[11006,10894,10904,11007,10947,10909,10896,11059],"tags":[22079,12747,10910],"class_list":{"0":"post-259960","1":"post","2":"type-post","3":"status-publish","4":"format-standard","5":"has-post-thumbnail","7":"category-canal-vinos","8":"category-la-comarca-ca","9":"category-sin-categorizar-ca","10":"category-ocio-y-cultura-ca","11":"category-politica","12":"category-requena-utiel-ca","13":"category-seccion-ca","14":"category-utiel-ca","15":"tag-conferencia-espanola-de-consejos-reguladores-vitivinicolas-cecrv-ca","16":"tag-do-utiel-requena-ca","17":"tag-requena-utiel-ca"},"_links":{"self":[{"href":"https:\/\/www.tucomarca.com\/wordpress\/segunda\/ca\/wp-json\/wp\/v2\/posts\/259960","targetHints":{"allow":["GET"]}}],"collection":[{"href":"https:\/\/www.tucomarca.com\/wordpress\/segunda\/ca\/wp-json\/wp\/v2\/posts"}],"about":[{"href":"https:\/\/www.tucomarca.com\/wordpress\/segunda\/ca\/wp-json\/wp\/v2\/types\/post"}],"author":[{"embeddable":true,"href":"https:\/\/www.tucomarca.com\/wordpress\/segunda\/ca\/wp-json\/wp\/v2\/users\/12"}],"replies":[{"embeddable":true,"href":"https:\/\/www.tucomarca.com\/wordpress\/segunda\/ca\/wp-json\/wp\/v2\/comments?post=259960"}],"version-history":[{"count":0,"href":"https:\/\/www.tucomarca.com\/wordpress\/segunda\/ca\/wp-json\/wp\/v2\/posts\/259960\/revisions"}],"wp:featuredmedia":[{"embeddable":true,"href":"https:\/\/www.tucomarca.com\/wordpress\/segunda\/ca\/wp-json\/wp\/v2\/media\/252349"}],"wp:attachment":[{"href":"https:\/\/www.tucomarca.com\/wordpress\/segunda\/ca\/wp-json\/wp\/v2\/media?parent=259960"}],"wp:term":[{"taxonomy":"category","embeddable":true,"href":"https:\/\/www.tucomarca.com\/wordpress\/segunda\/ca\/wp-json\/wp\/v2\/categories?post=259960"},{"taxonomy":"post_tag","embeddable":true,"href":"https:\/\/www.tucomarca.com\/wordpress\/segunda\/ca\/wp-json\/wp\/v2\/tags?post=259960"}],"curies":[{"name":"wp","href":"https:\/\/api.w.org\/{rel}","templated":true}]}}