{"id":260002,"date":"2025-04-01T11:30:00","date_gmt":"2025-04-01T10:30:00","guid":{"rendered":"https:\/\/www.tucomarca.com\/wordpress\/segunda\/?p=260002"},"modified":"2025-04-01T17:55:05","modified_gmt":"2025-04-01T16:55:05","slug":"natalia-enguix-anima-al-govern-a-collaborar-amb-la-diputacio-per-a-contrarestar-les-retallades-del-pressupost-de-la-generalitat","status":"publish","type":"post","link":"https:\/\/www.tucomarca.com\/wordpress\/segunda\/ca\/natalia-enguix-anima-al-govern-a-collaborar-amb-la-diputacio-per-a-contrarestar-les-retallades-del-pressupost-de-la-generalitat\/","title":{"rendered":"Nat\u00e0lia Enguix anima al Govern a col\u00b7laborar amb la Diputaci\u00f3 per a contrarestar les retallades del pressupost de la Generalitat\u00a0"},"content":{"rendered":"\n<h3 class=\"wp-block-heading\">La Vicepresidenta recrimina a PSPV i Comprom\u00eds que \u201cno tinguen altura de mires\u201d perqu\u00e8 el PP aprovar\u00e0 el pressupost del Consell sols amb VOX en no tindre el seu suport com a la Diputaci\u00f3.<\/h3>\n\n\n\n<p>La vicepresidenta primera de la Diputaci\u00f3 de Val\u00e8ncia i diputada d\u2019Ens Uneix, Nat\u00e0lia Enguix, ha animat al Govern d\u2019Espanya a col\u00b7laborar amb la Diputaci\u00f3 de Val\u00e8ncia a contrarestar les retallades al valenci\u00e0, les dones o els migrants en el pressupost de la Generalitat Valenciana. &nbsp;<\/p>\n\n\n\n<p>Durant la sessi\u00f3 plen\u00e0ria, la diputada d\u2019Ens Uneix ha exposat que a Comprom\u00eds \u201cli importa ben poc d\u2019on vaja a traure els diners per incrementar les partides d\u2019igualtat, de mem\u00f2ria o de promoci\u00f3 del valenci\u00e0 com li va importar ben poc el pressupost de la Diputaci\u00f3 perqu\u00e8 pareix que no recorden que es van abstindr\u00e9\u201d. En aquest sentit, Enguix exposava que \u201c\u00e9s tamb\u00e9 una falta de responsabilitat la que van demostrar quan no van donar suport a un pressupost que incrementava les partides d\u2019igualtat, mem\u00f2ria democr\u00e0tica i de cooperaci\u00f3 municipal que \u00e9s el que jo he estat fent des de que dirigisc aquestes \u00e0rees\u201d, incidia.&nbsp;<\/p>\n\n\n\n<p>Aix\u00ed, la diputada lamentava que \u201cel PSOE no tinguera el mateix sentit de la responsabilitat en les Corts que van tindre en la Diputaci\u00f3 de Val\u00e8ncia\u201d perqu\u00e8 \u201cel Partit Popular ha aprovat un pressupost amb el recolzament de VOX perqu\u00e8 no ha tingut el recolzament dels altres partits pol\u00edtics, de PSOE i de Comprom\u00eds\u201d. Enguix incidia que \u201cfeia falta aprovar un pressupost de reconstrucci\u00f3 per a la DANA al igual que feia falta ac\u00ed en esta instituci\u00f3\u201d i, interpel\u00b7lava directament al PSOE al afirmar que \u201cac\u00ed si que van tindre vost\u00e8s altura de mires i jo ho agraisc enormement. Tenim un pressupost aprovat per consens i, per aix\u00f2, podrem fer front a les retallades de la Generalitat Valenciana i farem front amb els recursos que tenim en el nostre pressupost\u201d.<\/p>\n\n\n\n<p>Aquest debat havia sorgit abans de l\u2019inici del plenari, on els mitjans de comunicaci\u00f3 havien preguntat als diferents grups pol\u00edtics. En aquest sentit, els grups pol\u00edtics de l\u2019oposici\u00f3 a la Diputaci\u00f3 de Val\u00e8ncia, exposaven els mitjans, havien afirmat que \u201c\u00e9s impossible contrarestar els pressupostos o complementar-los amb partides de la Diputaci\u00f3\u201d. Davant aquesta pregunta, Nat\u00e0lia Enguix responia, com ho feia al plenari, que \u201cdes de la Diputaci\u00f3 de Val\u00e8ncia mantenim la nostra implicaci\u00f3 amb \u00e0rees fonamentals, com la promoci\u00f3 del valenci\u00e0 a trav\u00e9s de la relaci\u00f3 que tenim amb l\u2019Acad\u00e8mia Valenciana de la Llengua, i buscarem f\u00f3rmules per a continuar ajudant en aquest i altres \u00e0mbits\u201d.&nbsp;<\/p>\n\n\n\n<p>En aquest sentit, Enguix recordava que \u201cel govern d\u2019Espanya tamb\u00e9 t\u00e9 responsabilitats i pot contribuir a refor\u00e7ar iniciatives per la igualtat d\u2019oportunitats i la mem\u00f2ria democr\u00e0tica\u201d perqu\u00e8 \u201ctotes les institucions tenim pressupostos, no sols la Diputaci\u00f3 de Val\u00e8ncia\u201d. La diputada al plenari recordava que nosaltres \u201ctenim compet\u00e8ncies en tota la prov\u00edncia de Val\u00e8ncia, per\u00f2 faig una crida al Govern d\u2019Espanya perqu\u00e8 ajude als valencians i valencianes a la promoci\u00f3 i \u00fas del valenci\u00e0, a la igualtat, a la mem\u00f2ria democr\u00e0tica i a la cooperaci\u00f3 internacional\u201d<\/p>\n\n\n\n<p>La diputada d\u2019Ens Uneix reiterava que \u201cnosaltres ho tenim molt clar. Tenim un pressupost amb increment de totes eixes partides i d\u2019eixe pressupost ixiran tots els recursos que siguen necessaris per al refor\u00e7 d\u2019aquestes \u00e0rees\u201d, conclo\u00efa Enguix.&nbsp;<\/p>\n\n\n\n<p><strong>Comissi\u00f3 no permanent DANA<\/strong><\/p>\n\n\n\n<p>Durant l\u2019atenci\u00f3 a mitjans pr\u00e8via a l\u2019inici del plenari, Enguix era preguntada per la gesti\u00f3 de la DANA que es va fer des de la Diputaci\u00f3 de Val\u00e8ncia i explicava que \u201cla instituci\u00f3 ha estat implicada des del primer moment. Tant el president com els responsables dels diferents serveis, incl\u00f2s el Consorci Provincial de Bombers, han seguit els protocols establerts per garantir una resposta r\u00e0pida i efectiva. Este dimarts, en la Comissi\u00f3 no permanent de la DANA, es coneixer\u00e0 la visi\u00f3 i les conclusions sobre aquesta q\u00fcesti\u00f3\u201d.&nbsp;<\/p>\n\n\n\n<p>La vicepresidenta manifestava \u201cla voluntat de transpar\u00e8ncia i col\u00b7laboraci\u00f3 des de la Diputaci\u00f3\u201d motiu pel qual es va impulsar la creaci\u00f3 d\u2019una comissi\u00f3 no permanent que \u201cpermetera valorar el treball fet des de la Diputaci\u00f3 per con\u00e8ixer les accions realitzades, identificar bones pr\u00e0ctiques i evitar possibles errors del passat\u201d, conclo\u00efa la vicepresidenta.&nbsp;<\/p>\n","protected":false},"excerpt":{"rendered":"<div class=\"mh-excerpt\">La Vicepresidenta recrimina a PSPV i Comprom\u00eds que \u201cno tinguen altura de mires\u201d perqu\u00e8 el PP aprovar\u00e0 el pressupost del Consell sols amb VOX en no tindre el seu suport com a la Diputaci\u00f3. La <a class=\"mh-excerpt-more\" href=\"https:\/\/www.tucomarca.com\/wordpress\/segunda\/ca\/natalia-enguix-anima-al-govern-a-collaborar-amb-la-diputacio-per-a-contrarestar-les-retallades-del-pressupost-de-la-generalitat\/\" title=\"Nat\u00e0lia Enguix anima al Govern a col\u00b7laborar amb la Diputaci\u00f3 per a contrarestar les retallades del pressupost de la Generalitat\u00a0\">[+] <\/a><\/div>\n","protected":false},"author":12,"featured_media":260001,"comment_status":"open","ping_status":"open","sticky":false,"template":"","format":"standard","meta":{"footnotes":""},"categories":[21466,10898,10948,10894,10904,10903,10947,10896,10897],"tags":[15409,11246,20186,20404],"class_list":{"0":"post-260002","1":"post","2":"type-post","3":"status-publish","4":"format-standard","5":"has-post-thumbnail","7":"category-dana-ca","8":"category-ventana-ca","9":"category-infraestructuras-ca","10":"category-la-comarca-ca","11":"category-sin-categorizar-ca","12":"category-medio-ambiente-la-comarca-ca","13":"category-politica","14":"category-seccion-ca","15":"category-sucesos-la-comarca-ca","16":"tag-dana-2-ca","17":"tag-diputacio-de-valencia-ca","18":"tag-ens-uneix-ca","19":"tag-natalia-enguix-2-ca"},"_links":{"self":[{"href":"https:\/\/www.tucomarca.com\/wordpress\/segunda\/ca\/wp-json\/wp\/v2\/posts\/260002","targetHints":{"allow":["GET"]}}],"collection":[{"href":"https:\/\/www.tucomarca.com\/wordpress\/segunda\/ca\/wp-json\/wp\/v2\/posts"}],"about":[{"href":"https:\/\/www.tucomarca.com\/wordpress\/segunda\/ca\/wp-json\/wp\/v2\/types\/post"}],"author":[{"embeddable":true,"href":"https:\/\/www.tucomarca.com\/wordpress\/segunda\/ca\/wp-json\/wp\/v2\/users\/12"}],"replies":[{"embeddable":true,"href":"https:\/\/www.tucomarca.com\/wordpress\/segunda\/ca\/wp-json\/wp\/v2\/comments?post=260002"}],"version-history":[{"count":0,"href":"https:\/\/www.tucomarca.com\/wordpress\/segunda\/ca\/wp-json\/wp\/v2\/posts\/260002\/revisions"}],"wp:featuredmedia":[{"embeddable":true,"href":"https:\/\/www.tucomarca.com\/wordpress\/segunda\/ca\/wp-json\/wp\/v2\/media\/260001"}],"wp:attachment":[{"href":"https:\/\/www.tucomarca.com\/wordpress\/segunda\/ca\/wp-json\/wp\/v2\/media?parent=260002"}],"wp:term":[{"taxonomy":"category","embeddable":true,"href":"https:\/\/www.tucomarca.com\/wordpress\/segunda\/ca\/wp-json\/wp\/v2\/categories?post=260002"},{"taxonomy":"post_tag","embeddable":true,"href":"https:\/\/www.tucomarca.com\/wordpress\/segunda\/ca\/wp-json\/wp\/v2\/tags?post=260002"}],"curies":[{"name":"wp","href":"https:\/\/api.w.org\/{rel}","templated":true}]}}