{"id":260087,"date":"2025-04-02T09:30:00","date_gmt":"2025-04-02T08:30:00","guid":{"rendered":"https:\/\/www.tucomarca.com\/wordpress\/segunda\/?p=260087"},"modified":"2025-04-02T10:08:46","modified_gmt":"2025-04-02T09:08:46","slug":"la-diputacio-assistix-als-municipis-per-a-sollicitar-les-ajudes-del-ministeri-destinades-a-infraestructures-del-cicle-de-laigua","status":"publish","type":"post","link":"https:\/\/www.tucomarca.com\/wordpress\/segunda\/ca\/la-diputacio-assistix-als-municipis-per-a-sollicitar-les-ajudes-del-ministeri-destinades-a-infraestructures-del-cicle-de-laigua\/","title":{"rendered":"La Diputaci\u00f3 assistix als municipis per a sol\u00b7licitar les ajudes del Ministeri destinades a infraestructures del cicle de l&#8217;aigua"},"content":{"rendered":"\n<h3 class=\"wp-block-heading\"><strong><strong>La corporaci\u00f3 provincial ha prestat assist\u00e8ncia t\u00e8cnica a huit municipis per a realitzar valoracions dels danys, tant en subministrament d&#8217;aigua com en clavegueram, i tramitar les sol\u00b7licituds<\/strong><\/strong>.<\/h3>\n\n\n\n<p>La Diputaci\u00f3 de Val\u00e8ncia ha acollit este mat\u00ed una reuni\u00f3 de treball per a tractar amb el Ministeri per a la Transici\u00f3 Ecol\u00f2gica i Repte Demogr\u00e0fic, l&#8217;Entitat P\u00fablica de Sanejament d&#8217;Aig\u00fces Residuals de la Comunitat Valenciana (EPSAR), i operadors d&#8217;aigua p\u00fablics i privats, la reparaci\u00f3 i adequaci\u00f3 de les infraestructures de subministrament d&#8217;aigua potable, xarxes de sanejament i estacions de depuraci\u00f3 afectades per la dana.&nbsp;<\/p>\n\n\n\n<p>En la trobada han participat el diputat responsable del Cicle Integral de l&#8217;Aigua, Paco Comes, el comissionat del Govern per a la reconstrucci\u00f3 i reparaci\u00f3 dels danys provocats per la dana, Jos\u00e9 Mar\u00eda \u00c1ngel, i representants de l\u2019EPSAR i d\u2019Aqlara, Aqualia (FCC), Hidraqua, Egevasa i Global Omnium. Durant la reuni\u00f3 s&#8217;ha abordat com afrontaran els operadors d&#8217;aigua la reparaci\u00f3 de les infraestructures hidr\u00e0uliques, aix\u00ed com els detalls de les ajudes del Ministeri de Transici\u00f3 Ecol\u00f2gica per a adequar les infraestructures.<\/p>\n\n\n\n<p>El Ministeri per a la Transici\u00f3 Ecol\u00f2gica i el Repte Demogr\u00e0fic ha establit un sistema de subvencions directes a entitats gestores de servicis de subministrament i sanejament per a la reparaci\u00f3 i adequaci\u00f3 de les infraestructures danyades per la dana que presten servici als municipis afectats. En este sentit, la Diputaci\u00f3 de Val\u00e8ncia ha prestat assist\u00e8ncia t\u00e8cnica a un total de huit municipis per a gestionar la tramitaci\u00f3 de les sol\u00b7licituds. Aix\u00ed, t\u00e8cnics de la corporaci\u00f3 provincial juntament amb personal t\u00e8cnic dels ajuntaments, han realitzat una valoraci\u00f3 dels danys, tant en subministrament d&#8217;aigua com en clavegueram. \u201cEsta informaci\u00f3 s&#8217;ha plasmat en un document estandarditzat del Ministeri i, despr\u00e9s de revisar-lo per part de la Diputaci\u00f3, s&#8217;ha pujat a la plataforma del MITERD en nom dels ajuntaments que fan una gesti\u00f3 directa del servici de subministrament i sanejament\u201d, ha apuntat el diputat del Cicle Integral de l&#8217;Aigua, Paco Comes.<\/p>\n\n\n\n<figure class=\"wp-block-image size-large\"><img loading=\"lazy\" decoding=\"async\" width=\"1024\" height=\"665\" src=\"http:\/\/www.tucomarca.com\/wordpress\/segunda\/wp-content\/uploads\/2025\/04\/ReunionTransicionEcologica02-1024x665.jpg\" alt=\"\" class=\"wp-image-260084\" srcset=\"https:\/\/www.tucomarca.com\/wordpress\/segunda\/wp-content\/uploads\/2025\/04\/ReunionTransicionEcologica02-1024x665.jpg 1024w, https:\/\/www.tucomarca.com\/wordpress\/segunda\/wp-content\/uploads\/2025\/04\/ReunionTransicionEcologica02-300x195.jpg 300w, https:\/\/www.tucomarca.com\/wordpress\/segunda\/wp-content\/uploads\/2025\/04\/ReunionTransicionEcologica02-768x499.jpg 768w, https:\/\/www.tucomarca.com\/wordpress\/segunda\/wp-content\/uploads\/2025\/04\/ReunionTransicionEcologica02-1536x998.jpg 1536w, https:\/\/www.tucomarca.com\/wordpress\/segunda\/wp-content\/uploads\/2025\/04\/ReunionTransicionEcologica02-2048x1331.jpg 2048w\" sizes=\"auto, (max-width: 1024px) 100vw, 1024px\" \/><\/figure>\n","protected":false},"excerpt":{"rendered":"<div class=\"mh-excerpt\">La corporaci\u00f3 provincial ha prestat assist\u00e8ncia t\u00e8cnica a huit municipis per a realitzar valoracions dels danys, tant en subministrament d&#8217;aigua com en clavegueram, i tramitar les sol\u00b7licituds. La Diputaci\u00f3 de Val\u00e8ncia ha acollit este mat\u00ed <a class=\"mh-excerpt-more\" href=\"https:\/\/www.tucomarca.com\/wordpress\/segunda\/ca\/la-diputacio-assistix-als-municipis-per-a-sollicitar-les-ajudes-del-ministeri-destinades-a-infraestructures-del-cicle-de-laigua\/\" title=\"La Diputaci\u00f3 assistix als municipis per a sol\u00b7licitar les ajudes del Ministeri destinades a infraestructures del cicle de l&#8217;aigua\">[+] <\/a><\/div>\n","protected":false},"author":13,"featured_media":260083,"comment_status":"open","ping_status":"open","sticky":false,"template":"","format":"standard","meta":{"footnotes":""},"categories":[21466,10898,10948,10894,10904,10903,10947,10896,10897],"tags":[15409,12903,11199,22072],"class_list":{"0":"post-260087","1":"post","2":"type-post","3":"status-publish","4":"format-standard","5":"has-post-thumbnail","7":"category-dana-ca","8":"category-ventana-ca","9":"category-infraestructuras-ca","10":"category-la-comarca-ca","11":"category-sin-categorizar-ca","12":"category-medio-ambiente-la-comarca-ca","13":"category-politica","14":"category-seccion-ca","15":"category-sucesos-la-comarca-ca","16":"tag-dana-2-ca","17":"tag-infraestructuras-ca","18":"tag-la-comunitat-ca","19":"tag-la-diputacio-de-valencia-2-ca"},"_links":{"self":[{"href":"https:\/\/www.tucomarca.com\/wordpress\/segunda\/ca\/wp-json\/wp\/v2\/posts\/260087","targetHints":{"allow":["GET"]}}],"collection":[{"href":"https:\/\/www.tucomarca.com\/wordpress\/segunda\/ca\/wp-json\/wp\/v2\/posts"}],"about":[{"href":"https:\/\/www.tucomarca.com\/wordpress\/segunda\/ca\/wp-json\/wp\/v2\/types\/post"}],"author":[{"embeddable":true,"href":"https:\/\/www.tucomarca.com\/wordpress\/segunda\/ca\/wp-json\/wp\/v2\/users\/13"}],"replies":[{"embeddable":true,"href":"https:\/\/www.tucomarca.com\/wordpress\/segunda\/ca\/wp-json\/wp\/v2\/comments?post=260087"}],"version-history":[{"count":0,"href":"https:\/\/www.tucomarca.com\/wordpress\/segunda\/ca\/wp-json\/wp\/v2\/posts\/260087\/revisions"}],"wp:featuredmedia":[{"embeddable":true,"href":"https:\/\/www.tucomarca.com\/wordpress\/segunda\/ca\/wp-json\/wp\/v2\/media\/260083"}],"wp:attachment":[{"href":"https:\/\/www.tucomarca.com\/wordpress\/segunda\/ca\/wp-json\/wp\/v2\/media?parent=260087"}],"wp:term":[{"taxonomy":"category","embeddable":true,"href":"https:\/\/www.tucomarca.com\/wordpress\/segunda\/ca\/wp-json\/wp\/v2\/categories?post=260087"},{"taxonomy":"post_tag","embeddable":true,"href":"https:\/\/www.tucomarca.com\/wordpress\/segunda\/ca\/wp-json\/wp\/v2\/tags?post=260087"}],"curies":[{"name":"wp","href":"https:\/\/api.w.org\/{rel}","templated":true}]}}