{"id":260123,"date":"2025-04-02T10:00:00","date_gmt":"2025-04-02T09:00:00","guid":{"rendered":"https:\/\/www.tucomarca.com\/wordpress\/segunda\/?p=260123"},"modified":"2025-04-02T10:27:30","modified_gmt":"2025-04-02T09:27:30","slug":"martinez-mus-destaca-laugment-dun-8025-en-un-pressupost-que-mante-lesforc-inversor-i-avanca-en-la-reconstruccio-despres-de-les-riuades","status":"publish","type":"post","link":"https:\/\/www.tucomarca.com\/wordpress\/segunda\/ca\/martinez-mus-destaca-laugment-dun-8025-en-un-pressupost-que-mante-lesforc-inversor-i-avanca-en-la-reconstruccio-despres-de-les-riuades\/","title":{"rendered":"Mart\u00ednez Mus destaca l&#8217;augment d&#8217;un 80,25% en un pressupost \u201cque mant\u00e9 l&#8217;esfor\u00e7 inversor i avan\u00e7a en la reconstrucci\u00f3 despr\u00e9s de les riuades\u201d"},"content":{"rendered":"\n<h3 class=\"wp-block-heading\">El total pressupostat per a 2025 ascendeix a 1.141 milions d&#8217;euros.\u00a0<\/h3>\n\n\n\n<h3 class=\"wp-block-heading\">El conseller assegura que els comptes permeten \u201cdesbloquejar actuacions hist\u00f2riques i situar al nostre territori com a pol d&#8217;atracci\u00f3 d&#8217;inversi\u00f3 empresarial pese al maltractament financer del Govern\u201d.<\/h3>\n\n\n\n<p>El conseller de Medi Ambient, Infraestructures i Territori, Vicente Mart\u00ednez Mus, ha destacat l&#8217;augment d&#8217;un 80,25% en els pressupostos de 2025 per a aconseguir uns comptes que mantenen \u201cl&#8217;esfor\u00e7 inversor\u201d i avancen \u201cen la reconstrucci\u00f3 despr\u00e9s de les riuades\u201d.<\/p>\n\n\n\n<p>Aix\u00ed ho ha avan\u00e7at Mart\u00ednez Mus en Les Corts, durant la presentaci\u00f3 dels comptes p\u00fablics per a enguany, que ascendeixen a un total de 1.141 milions d&#8217;euros \u201cuna xifra molt superior a anys anteriors degut, en gran part, a les necessitats sorgides despr\u00e9s de les inundacions del passat 29 d&#8217;octubre\u201d.<\/p>\n\n\n\n<p>En la seua intervenci\u00f3, el conseller ha detallat que les operacions de capital dels comptes ascendeixen a 534 milions d&#8217;euros, un 122% m\u00e9s que en 2024. Les despeses corrents s\u00f3n de 603 milions i les operacions financeres de 6,9 milions d&#8217;euros.&nbsp;<\/p>\n\n\n\n<p>A m\u00e9s, ha apuntat que el pressupost de 2025 \u201cpermet desbloquejar actuacions hist\u00f2riques i situar al nostre territori com a pol d&#8217;atracci\u00f3 d&#8217;inversi\u00f3 empresarial mentre es mant\u00e9 el maltractament financer del Govern\u201d. Malgrat aix\u00f2, Mart\u00ednez Mus ha posat en valor el doble objectiu que compleixen aquests comptes amb la reconstrucci\u00f3 i el manteniment de fons \u201cper a continuar millorant les infraestructures i la protecci\u00f3 del medi natural\u201d.<\/p>\n\n\n\n<p><strong>Medi Ambient<\/strong><\/p>\n\n\n\n<p>La Direcci\u00f3 General de Medi natural i Animal, t\u00e9 un pressupost de 76,2 milions, un 33,6% superior als comptes de 2024. Entre els programes impulsats destaca la restauraci\u00f3 d&#8217;espais afectats pels diferents incendis forestals, una l\u00ednia de col\u00b7laboraci\u00f3 amb ajuntaments per a combatre la sobrepoblaci\u00f3 de senglars i les noves ajudes per a elevar el grau de protecci\u00f3 i benestar animal.&nbsp;<\/p>\n\n\n\n<p>De la mateixa forma, figuren partides d&#8217;emerg\u00e8ncia despr\u00e9s de les inundacions, com la restauraci\u00f3 de les instal\u00b7lacions recreatives i senderes afectades perqu\u00e8 puguen tornar a ser funcionals per a \u00fas p\u00fablic, amb 2,7 milions. Tamb\u00e9 destaquen la restauraci\u00f3 d&#8217;h\u00e0bitats fluvials i de vegetaci\u00f3 al parc natural de L\u2019 Albufera, el parc natural del T\u00faria i el parc natural de les Fal\u00e7s del Cabriol.<\/p>\n\n\n\n<p>Per part seua, la Direcci\u00f3 de Qualitat i Educaci\u00f3 Ambiental \u00e9s la que m\u00e9s augmenta el seu pressupost, un 466% fins als 231 milions d&#8217;euros. Entre els objectius d&#8217;aquesta \u00e0rea figura la recuperaci\u00f3 ambiental i paisatg\u00edstica d&#8217;espais degradats, la prevenci\u00f3 en la producci\u00f3 de residus, la potenciaci\u00f3 de la recollida selectiva, la prevenci\u00f3 en la contaminaci\u00f3 del s\u00f2l i el segellament d&#8217;antics abocadors. Per\u00f2, tal com ha adm\u00e9s Mart\u00ednez Mus, \u201csens dubte el major esfor\u00e7 s&#8217;ha dedicat a la gesti\u00f3 dels residus generats per les inundacions\u201d.<\/p>\n\n\n\n<p>Per a atendre la situaci\u00f3 despr\u00e9s de les inundacions, es van efectuar diversos contractes d&#8217;emerg\u00e8ncia, el m\u00e9s important es va dividir en 3 lots de 60 milions d&#8217;euros, la qual cosa suposa quasi 180 milions per a fer front al tractament i eliminaci\u00f3 d&#8217;aquests residus, i que ha assumit la Generalitat.<\/p>\n\n\n\n<p>Mart\u00ednez Mus ha confirmat que el pressupost de la Direcci\u00f3 General de Prevenci\u00f3 d&#8217;Incendis Forestals ascendeix a un total de 116,1 milions, un 216% m\u00e9s que en 2024. \u201cUna de les prioritats per a aquest Consell \u00e9s treballar per la prevenci\u00f3 d&#8217;incendis forestals\u201d, ha incidit el titular de Medi Ambient.<\/p>\n\n\n\n<p>M\u00e9s enll\u00e0 de les partides per a renovar els observatoris forestals destaca les obres d&#8217;emerg\u00e8ncia a conseq\u00fc\u00e8ncia de les inundacions, pressupostades en 93 milions, per a fer front a la reparaci\u00f3 de les infraestructures en mat\u00e8ria de prevenci\u00f3 d&#8217;incendis forestals afectades pel temporal, com a despreniments en talussos, nombroses pistes forestals i diversos col\u00b7lapses en ponts o passos d&#8217;aigua.&nbsp;<\/p>\n\n\n\n<p><strong>Infraestructures i Transports<\/strong><\/p>\n\n\n\n<p>Mart\u00ednez Mus ha confirmat que enguany s&#8217;ha previst en els pressupostos 241,1 milions d&#8217;euros per a la Direcci\u00f3 General d&#8217;Infraestructures, un 75,9% m\u00e9s. Part d&#8217;aquest increment es deu a les actuacions realitzades en les 18 infraestructures vi\u00e0ries afectades per les inundacions d&#8217;\u00e0mbit auton\u00f2mic, i posteriorment per l&#8217;assumpci\u00f3 de 55 obres de compet\u00e8ncia municipal de 26 ajuntament diferents.&nbsp;<\/p>\n\n\n\n<p>Els comptes tamb\u00e9 inclouen la redacci\u00f3 de projectes destacats com la millora de la CV-91 a l&#8217;entorn de l&#8217;Hospital d&#8217;Oriola, la prolongaci\u00f3 de l&#8217;Avinguda de D\u00e9nia en el tram d&#8217;enlla\u00e7 de l&#8217;A-70-Hospital de Sant Joan d&#8217;Alacant, la connexi\u00f3 de la CV-50 amb ronda de l&#8217;Alc\u00fadia, el nou vial r\u00e0pid de connexi\u00f3 amb la platja d&#8217;Almassora, el tancament de la Ronda Sud a la Llosa o l&#8217;Eix de la Cer\u00e0mica, en el tram N-340 a CV-21. De la mateixa forma, el conseller ha posat en valor l&#8217;inici de l&#8217;execuci\u00f3 del conveni per a la Ronda Oest de Castell\u00f3 o el conveni de la Ronda Sud d&#8217;Elx.<\/p>\n\n\n\n<p>Per part seua, la Direcci\u00f3 General de Transports i Log\u00edstica incrementa el seu pressupost fins als 358,8 milions d&#8217;euros. \u201cUna part important del pressupost d&#8217;aquesta direcci\u00f3 general est\u00e0 destinada al finan\u00e7ament d&#8217;operacions de les entitats del transport de la Generalitat com l&#8217;Autoritat del Transport Metropolit\u00e0 de Val\u00e8ncia i Ferrocarrils de la Generalitat Valenciana\u201d, ha assenyalat el titular d&#8217;Infraestructures, que ha destacat la seua bona faena durant els \u00faltims mesos i el servei prestat en l&#8217;\u00e0rea metropolitana de Val\u00e8ncia.&nbsp;<\/p>\n\n\n\n<p><strong>Ports i Territori<\/strong><\/p>\n\n\n\n<p>En la Direcci\u00f3 General de Costas, Ports i Aeroports el pressupost ascendeix fins als 34,3 milions d&#8217;euros. Mart\u00ednez Mus ha ressaltat algunes de les actuacions que veuran la llum amb els pressupostos de 2025 com la renovaci\u00f3 i adequaci\u00f3 de les instal\u00b7lacions de la llotja al port del Campello, la finalitzaci\u00f3 del passeig per als vianants al port de Benicarl\u00f3 o les obres d&#8217;integraci\u00f3 urbana, una nova pla\u00e7a i la reordenaci\u00f3 dels accessos al port de Borriana.<\/p>\n\n\n\n<p>A m\u00e9s, ha recordat que es gestionaran a trav\u00e9s dels concessionaris 195 milions d&#8217;euros en inversi\u00f3 indirecta per a aquesta legislatura dirigida als ports de compet\u00e8ncia auton\u00f2mica. \u201cUna xifra hist\u00f2rica, fruit del treball constant per a l&#8217;impuls de les nostres infraestructures portu\u00e0ries, que es concentren principalment a Torrevella, D\u00e9nia, X\u00e0bia, El Campello, Altea, Calp, Pobla de Farnals i Alcal\u00e0 de Xivert\u201d, ha remarcat Mart\u00ednez Mus. De la mateixa forma, ha recordat que s&#8217;invertiran aquest any 5,1 milions per als treballs d&#8217;emerg\u00e8ncia del port de Cullera despr\u00e9s de les riuades.<\/p>\n\n\n\n<p>Finalment, la Direcci\u00f3 General d&#8217;Urbanisme, Paisatge i Avaluaci\u00f3 Ambiental comptar\u00e0 amb 22,5 milions d&#8217;euros, distribu\u00efts en 11,75 milions per al programa d&#8217;urbanisme, i 10,8 milions en el programa d&#8217;ordenaci\u00f3 i paisatge del territori. Entre les actuacions, Mart\u00ednez Mus ha posat en relleu projectes estrat\u00e8gics com Parc Sagunt II, aix\u00ed com el desbloqueig del PEUS de Xilxes i el desenvolupament del de PLD Space a Elx.<\/p>\n","protected":false},"excerpt":{"rendered":"<div class=\"mh-excerpt\">El total pressupostat per a 2025 ascendeix a 1.141 milions d&#8217;euros.\u00a0 El conseller assegura que els comptes permeten \u201cdesbloquejar actuacions hist\u00f2riques i situar al nostre territori com a pol d&#8217;atracci\u00f3 d&#8217;inversi\u00f3 empresarial pese al maltractament <a class=\"mh-excerpt-more\" href=\"https:\/\/www.tucomarca.com\/wordpress\/segunda\/ca\/martinez-mus-destaca-laugment-dun-8025-en-un-pressupost-que-mante-lesforc-inversor-i-avanca-en-la-reconstruccio-despres-de-les-riuades\/\" title=\"Mart\u00ednez Mus destaca l&#8217;augment d&#8217;un 80,25% en un pressupost \u201cque mant\u00e9 l&#8217;esfor\u00e7 inversor i avan\u00e7a en la reconstrucci\u00f3 despr\u00e9s de les riuades\u201d\">[+] <\/a><\/div>\n","protected":false},"author":13,"featured_media":260120,"comment_status":"open","ping_status":"open","sticky":false,"template":"","format":"standard","meta":{"footnotes":""},"categories":[21466,10898,10948,10894,10904,10903,10947,10896,10897],"tags":[15409,15325,12903,11199],"class_list":{"0":"post-260123","1":"post","2":"type-post","3":"status-publish","4":"format-standard","5":"has-post-thumbnail","7":"category-dana-ca","8":"category-ventana-ca","9":"category-infraestructuras-ca","10":"category-la-comarca-ca","11":"category-sin-categorizar-ca","12":"category-medio-ambiente-la-comarca-ca","13":"category-politica","14":"category-seccion-ca","15":"category-sucesos-la-comarca-ca","16":"tag-dana-2-ca","17":"tag-gva-ca","18":"tag-infraestructuras-ca","19":"tag-la-comunitat-ca"},"_links":{"self":[{"href":"https:\/\/www.tucomarca.com\/wordpress\/segunda\/ca\/wp-json\/wp\/v2\/posts\/260123","targetHints":{"allow":["GET"]}}],"collection":[{"href":"https:\/\/www.tucomarca.com\/wordpress\/segunda\/ca\/wp-json\/wp\/v2\/posts"}],"about":[{"href":"https:\/\/www.tucomarca.com\/wordpress\/segunda\/ca\/wp-json\/wp\/v2\/types\/post"}],"author":[{"embeddable":true,"href":"https:\/\/www.tucomarca.com\/wordpress\/segunda\/ca\/wp-json\/wp\/v2\/users\/13"}],"replies":[{"embeddable":true,"href":"https:\/\/www.tucomarca.com\/wordpress\/segunda\/ca\/wp-json\/wp\/v2\/comments?post=260123"}],"version-history":[{"count":0,"href":"https:\/\/www.tucomarca.com\/wordpress\/segunda\/ca\/wp-json\/wp\/v2\/posts\/260123\/revisions"}],"wp:featuredmedia":[{"embeddable":true,"href":"https:\/\/www.tucomarca.com\/wordpress\/segunda\/ca\/wp-json\/wp\/v2\/media\/260120"}],"wp:attachment":[{"href":"https:\/\/www.tucomarca.com\/wordpress\/segunda\/ca\/wp-json\/wp\/v2\/media?parent=260123"}],"wp:term":[{"taxonomy":"category","embeddable":true,"href":"https:\/\/www.tucomarca.com\/wordpress\/segunda\/ca\/wp-json\/wp\/v2\/categories?post=260123"},{"taxonomy":"post_tag","embeddable":true,"href":"https:\/\/www.tucomarca.com\/wordpress\/segunda\/ca\/wp-json\/wp\/v2\/tags?post=260123"}],"curies":[{"name":"wp","href":"https:\/\/api.w.org\/{rel}","templated":true}]}}