{"id":260300,"date":"2025-04-03T18:15:00","date_gmt":"2025-04-03T16:15:00","guid":{"rendered":"https:\/\/www.tucomarca.com\/wordpress\/segunda\/?p=260300"},"modified":"2025-04-03T19:58:09","modified_gmt":"2025-04-03T17:58:09","slug":"video-albaes-falles-turis-2025-presidents-i-falleres-majors-falla-els-barris","status":"publish","type":"post","link":"https:\/\/www.tucomarca.com\/wordpress\/segunda\/ca\/video-albaes-falles-turis-2025-presidents-i-falleres-majors-falla-els-barris\/","title":{"rendered":"V\u00eddeo: Albaes Falles Tur\u00eds 2025. Presidents i Falleres Majors de la Falla Els Barris"},"content":{"rendered":"\n<figure class=\"wp-block-embed is-type-video is-provider-youtube wp-block-embed-youtube wp-embed-aspect-16-9 wp-has-aspect-ratio\"><div class=\"wp-block-embed__wrapper\">\n<iframe loading=\"lazy\" title=\"V\u00eddeo: Albaes Falles Tur\u00eds 2025. Presidents i Falleres Majors Falla Els Barris.\" width=\"500\" height=\"281\" src=\"https:\/\/www.youtube.com\/embed\/FNTo9E8DwbI?feature=oembed\" frameborder=\"0\" allow=\"accelerometer; autoplay; clipboard-write; encrypted-media; gyroscope; picture-in-picture; web-share\" referrerpolicy=\"strict-origin-when-cross-origin\" allowfullscreen><\/iframe>\n<\/div><\/figure>\n\n\n\n<p>V\u00eddeograbaci\u00f3 a c\u00e0rrec de <strong>tucomarca televisi\u00f3<\/strong> de la tradicional nit d&#8217;albaes de les Falles de Tur\u00eds 2025 a la Comissi\u00f3 de Els Barris a c\u00e0rrec del grup de Cant Valenci\u00e0 del Puig de Santa Maria.<\/p>\n","protected":false},"excerpt":{"rendered":"<div class=\"mh-excerpt\">V\u00eddeograbaci\u00f3 a c\u00e0rrec de tucomarca televisi\u00f3 de la tradicional nit d&#8217;albaes de les Falles de Tur\u00eds 2025 a la Comissi\u00f3 de Els Barris a c\u00e0rrec del grup de Cant Valenci\u00e0 del Puig de Santa Maria.<\/div>\n","protected":false},"author":1,"featured_media":260415,"comment_status":"open","ping_status":"open","sticky":false,"template":"","format":"video","meta":{"footnotes":""},"categories":[11005,10898,10894,10904,10902,11004,11007,11008,10896,11047,11062],"tags":[10466,11538,80,3328,3640,10394],"class_list":{"0":"post-260300","1":"post","2":"type-post","3":"status-publish","4":"format-video","5":"has-post-thumbnail","7":"category-canal-musica","8":"category-ventana-ca","9":"category-la-comarca-ca","10":"category-sin-categorizar-ca","11":"category-la-ribera-ca","12":"category-la-semana-en-imagenes-ca","13":"category-ocio-y-cultura-ca","14":"category-pueblos-en-fiestas-ca","15":"category-seccion-ca","16":"category-turis-ca","17":"category-videos","18":"tag-albaes","19":"tag-cant-dalbaes","20":"tag-fallas","21":"tag-falles","22":"tag-la-ribera-alta","23":"tag-turis","24":"post_format-post-format-video"},"_links":{"self":[{"href":"https:\/\/www.tucomarca.com\/wordpress\/segunda\/ca\/wp-json\/wp\/v2\/posts\/260300","targetHints":{"allow":["GET"]}}],"collection":[{"href":"https:\/\/www.tucomarca.com\/wordpress\/segunda\/ca\/wp-json\/wp\/v2\/posts"}],"about":[{"href":"https:\/\/www.tucomarca.com\/wordpress\/segunda\/ca\/wp-json\/wp\/v2\/types\/post"}],"author":[{"embeddable":true,"href":"https:\/\/www.tucomarca.com\/wordpress\/segunda\/ca\/wp-json\/wp\/v2\/users\/1"}],"replies":[{"embeddable":true,"href":"https:\/\/www.tucomarca.com\/wordpress\/segunda\/ca\/wp-json\/wp\/v2\/comments?post=260300"}],"version-history":[{"count":0,"href":"https:\/\/www.tucomarca.com\/wordpress\/segunda\/ca\/wp-json\/wp\/v2\/posts\/260300\/revisions"}],"wp:featuredmedia":[{"embeddable":true,"href":"https:\/\/www.tucomarca.com\/wordpress\/segunda\/ca\/wp-json\/wp\/v2\/media\/260415"}],"wp:attachment":[{"href":"https:\/\/www.tucomarca.com\/wordpress\/segunda\/ca\/wp-json\/wp\/v2\/media?parent=260300"}],"wp:term":[{"taxonomy":"category","embeddable":true,"href":"https:\/\/www.tucomarca.com\/wordpress\/segunda\/ca\/wp-json\/wp\/v2\/categories?post=260300"},{"taxonomy":"post_tag","embeddable":true,"href":"https:\/\/www.tucomarca.com\/wordpress\/segunda\/ca\/wp-json\/wp\/v2\/tags?post=260300"}],"curies":[{"name":"wp","href":"https:\/\/api.w.org\/{rel}","templated":true}]}}