{"id":260450,"date":"2025-04-03T11:00:00","date_gmt":"2025-04-03T09:00:00","guid":{"rendered":"https:\/\/www.tucomarca.com\/wordpress\/segunda\/?p=260450"},"modified":"2025-04-03T21:02:42","modified_gmt":"2025-04-03T19:02:42","slug":"la-mancomunitat-foia-de-bunyol-xiva-avanca-en-la-definicio-de-necessitats-al-costat-de-la-diputacio-de-valencia","status":"publish","type":"post","link":"https:\/\/www.tucomarca.com\/wordpress\/segunda\/ca\/la-mancomunitat-foia-de-bunyol-xiva-avanca-en-la-definicio-de-necessitats-al-costat-de-la-diputacio-de-valencia\/","title":{"rendered":"La Mancomunitat Foia de Bunyol Xiva avan\u00e7a en la definici\u00f3 de necessitats al costat de la Diputaci\u00f3 de Val\u00e8ncia"},"content":{"rendered":"\n<p>Toni D\u00edaz, president de la Mancomunitat Foia de Bunyol Xiva, ha mantingut la primera reuni\u00f3 de treball amb l&#8217;equip t\u00e8cnic de l&#8217;\u00e0rea de Desenvolupament Rural de la Diputaci\u00f3 de Val\u00e8ncia dependent del diputat Avelino Mascarell, a fi d&#8217;avan\u00e7ar en la definici\u00f3 de necessitats urgents i l\u00ednies d&#8217;actuaci\u00f3 conjunta.<\/p>\n\n\n\n<p>Aquesta primera reuni\u00f3 ha perm\u00e9s avan\u00e7ar en models de col\u00b7laboraci\u00f3 conjunts que permeten afrontar els importants reptes als quals la mancomunitat ha de fer front, especialment en mat\u00e8ries com a ocupaci\u00f3, medi ambient, promoci\u00f3 econ\u00f2mica i lluita contra la despoblaci\u00f3.<\/p>\n\n\n\n<p>Durant la trobada, Toni D\u00edaz ha posat de manifest les peculiaritats d&#8217;una entitat que presta servei a una \u00e0mplia comarca en la qual conviuen municipis com Xest, Xiva i Bunyol, amb nivells de poblaci\u00f3, desenvolupe industrial i comunicacions molt avan\u00e7ats, i la resta de municipis, situats al sud de la comarca (Alboraig, I\u00e0tova, Millars, Macastre, Godelleta, Setaig\u00fces&nbsp; i Dosaig\u00fces) l&#8217;economia de la qual dep\u00e9n essencialment del sector serveis i del turisme.<\/p>\n\n\n\n<p>Per a la Mancomunitat Foia de Bunyol Xiva, aquesta nova l\u00ednia de col\u00b7laboraci\u00f3 iniciada amb la Diputaci\u00f3, adquireix una import\u00e0ncia cabdal en permetre definir i afrontar projectes essencials amb visi\u00f3 transversal, per a una zona incapa\u00e7 d&#8217;assumir aquests reptes en solitari .<\/p>\n\n\n\n<p>Despr\u00e9s d&#8217;aquesta primera trobada, es comen\u00e7a a treballar per a establir un calendari d&#8217;an\u00e0lisi de necessitats i terminis d&#8217;actuaci\u00f3.<\/p>\n","protected":false},"excerpt":{"rendered":"<div class=\"mh-excerpt\">Toni D\u00edaz, president de la Mancomunitat Foia de Bunyol Xiva, ha mantingut la primera reuni\u00f3 de treball amb l&#8217;equip t\u00e8cnic de l&#8217;\u00e0rea de Desenvolupament Rural de la Diputaci\u00f3 de Val\u00e8ncia dependent del diputat Avelino Mascarell, <a class=\"mh-excerpt-more\" href=\"https:\/\/www.tucomarca.com\/wordpress\/segunda\/ca\/la-mancomunitat-foia-de-bunyol-xiva-avanca-en-la-definicio-de-necessitats-al-costat-de-la-diputacio-de-valencia\/\" title=\"La Mancomunitat Foia de Bunyol Xiva avan\u00e7a en la definici\u00f3 de necessitats al costat de la Diputaci\u00f3 de Val\u00e8ncia\">[+] <\/a><\/div>\n","protected":false},"author":13,"featured_media":260447,"comment_status":"open","ping_status":"open","sticky":false,"template":"","format":"standard","meta":{"footnotes":""},"categories":[10973,10911,10976,10977,10980,10948,10894,10904,10912,10978,10947,10896,10979,10974,10975],"tags":[11224,10913,11071,11195,11132,11087,10914,11144,11157,11141],"class_list":{"0":"post-260450","1":"post","2":"type-post","3":"status-publish","4":"format-standard","5":"has-post-thumbnail","7":"category-alborache-ca","8":"category-bunol-ca","9":"category-dos-aguas-ca","10":"category-godelleta-ca","11":"category-yatova-ca","12":"category-infraestructuras-ca","13":"category-la-comarca-ca","14":"category-sin-categorizar-ca","15":"category-la-hoya-ca","16":"category-macastre-ca","17":"category-politica","18":"category-seccion-ca","19":"category-siete-aguas-ca","20":"category-cheste-ca","21":"category-chiva-ca","22":"tag-alborache-ca","23":"tag-bunol-ca","24":"tag-cheste","25":"tag-chiva-ca","26":"tag-dos-aguas","27":"tag-godelleta-ca","28":"tag-la-hoya-de-bunol-chiva-ca","29":"tag-macastre-ca","30":"tag-siete-aguas-ca","31":"tag-yatova-ca"},"_links":{"self":[{"href":"https:\/\/www.tucomarca.com\/wordpress\/segunda\/ca\/wp-json\/wp\/v2\/posts\/260450","targetHints":{"allow":["GET"]}}],"collection":[{"href":"https:\/\/www.tucomarca.com\/wordpress\/segunda\/ca\/wp-json\/wp\/v2\/posts"}],"about":[{"href":"https:\/\/www.tucomarca.com\/wordpress\/segunda\/ca\/wp-json\/wp\/v2\/types\/post"}],"author":[{"embeddable":true,"href":"https:\/\/www.tucomarca.com\/wordpress\/segunda\/ca\/wp-json\/wp\/v2\/users\/13"}],"replies":[{"embeddable":true,"href":"https:\/\/www.tucomarca.com\/wordpress\/segunda\/ca\/wp-json\/wp\/v2\/comments?post=260450"}],"version-history":[{"count":0,"href":"https:\/\/www.tucomarca.com\/wordpress\/segunda\/ca\/wp-json\/wp\/v2\/posts\/260450\/revisions"}],"wp:featuredmedia":[{"embeddable":true,"href":"https:\/\/www.tucomarca.com\/wordpress\/segunda\/ca\/wp-json\/wp\/v2\/media\/260447"}],"wp:attachment":[{"href":"https:\/\/www.tucomarca.com\/wordpress\/segunda\/ca\/wp-json\/wp\/v2\/media?parent=260450"}],"wp:term":[{"taxonomy":"category","embeddable":true,"href":"https:\/\/www.tucomarca.com\/wordpress\/segunda\/ca\/wp-json\/wp\/v2\/categories?post=260450"},{"taxonomy":"post_tag","embeddable":true,"href":"https:\/\/www.tucomarca.com\/wordpress\/segunda\/ca\/wp-json\/wp\/v2\/tags?post=260450"}],"curies":[{"name":"wp","href":"https:\/\/api.w.org\/{rel}","templated":true}]}}