{"id":260720,"date":"2025-04-05T10:15:00","date_gmt":"2025-04-05T08:15:00","guid":{"rendered":"https:\/\/www.tucomarca.com\/wordpress\/segunda\/?p=260720"},"modified":"2025-04-05T19:35:54","modified_gmt":"2025-04-05T17:35:54","slug":"la-diputacio-de-valencia-convoca-el-concurs-de-videos-curts-implicat","status":"publish","type":"post","link":"https:\/\/www.tucomarca.com\/wordpress\/segunda\/ca\/la-diputacio-de-valencia-convoca-el-concurs-de-videos-curts-implicat\/","title":{"rendered":"La Diputaci\u00f3 de Val\u00e8ncia convoca el concurs de v\u00eddeos curts \u2018Implica\u2019t\u2019"},"content":{"rendered":"\n<h3 class=\"wp-block-heading\">El termini per a la presentaci\u00f3 de sol\u00b7licituds a esta iniciativa, que pret\u00e9n donar suport a la creaci\u00f3 jove i al desenvolupament de llenguatges art\u00edstics i creatius, finalitza el 15 de setembre.<\/h3>\n\n\n\n<p>La Diputaci\u00f3 de Val\u00e8ncia ha convocat una s\u00e8rie de premis als millors v\u00eddeos curts que visibilitzen i potencien els drets de la joventut i que puguen ser difosos a trav\u00e9s de p\u00e0gines web i xarxes socials amb l&#8217;objectiu de donar suport a la creaci\u00f3 jove i el desenvolupament de llenguatges art\u00edstics i creatius. La convocat\u00f2ria, publicada en el BOP dilluns passat 31 de mar\u00e7, obri el termini per a poder presentar els projectes, els quals han de tindre una duraci\u00f3 d&#8217;entre 90 i 180 segons.&nbsp;<\/p>\n\n\n\n<p>El termini de presentaci\u00f3 de sol\u00b7licituds a esta convocat\u00f2ria, dirigida a persones d&#8217;entre 16 i 35 anys, finalitza el dia 15 de setembre. La sol\u00b7licitud ha de realitzar-se amb un m\u00e0xim de dos v\u00eddeos i l&#8217;autoria d&#8217;estos haur\u00e0 d&#8217;estar formada per un m\u00e0xim de cinc persones quan es tracte d&#8217;un v\u00eddeo col\u00b7lectiu. El text complet de la publicaci\u00f3 es pot consultar en el Butllet\u00ed Oficial de la Prov\u00edncia: <a href=\"https:\/\/bop.dival.es\/bop\/downloads?anuncioCSV=BOPV-2025\/03383&amp;lang=es\">https:\/\/bop.dival.es\/bop\/downloads?anuncioCSV=BOPV-2025\/03383&amp;lang=es<\/a><\/p>\n\n\n\n<p>Les sol\u00b7licituds, dirigides al president de la Diputaci\u00f3, es presentaran en la Seu Electr\u00f2nica de la Diputaci\u00f3 de Val\u00e8ncia (www.sede.dival.es), en la carpeta ciutadana. A m\u00e9s de la sol\u00b7licitud de participaci\u00f3, s&#8217;hauran de remetre per correu electr\u00f2nic a cultura@dival.es les gravacions amb el nom dels v\u00eddeos sense cap dada personal.&nbsp;<\/p>\n\n\n\n<p>Es concediran sis premis amb una dotaci\u00f3 econ\u00f2mica de 1.000 euros cada un: \u2018Premi H\u00e0bits de vida saludables\u2019, \u2018Suport a la creaci\u00f3 jove i al desenvolupament de llenguatges art\u00edstics i creatius\u2019, \u2018Consum responsable\u2019, \u2018La joventut en l&#8217;\u00e0mbit rural i respecte al medi ambient\u2019, \u2018Lluita contra tota mena de viol\u00e8ncies\u2019, i \u2018Foment del valenci\u00e0 i de la cultura valenciana\u2019.<\/p>\n\n\n\n<p>Per a valorar l&#8217;impacte social i cultural que cada un dels v\u00eddeos puga tindre, el jurat tindr\u00e0 en compte, entre altres aspectes, el contingut did\u00e0ctic i potencialitat per a formar o sensibilitzar, aix\u00ed com l&#8217;originalitat i talent creatiu, la qualitat del gui\u00f3, qualitat de la interpretaci\u00f3, de la direcci\u00f3 i qualitat t\u00e8cnica (fotografia, so, edici\u00f3, etc.).<\/p>\n","protected":false},"excerpt":{"rendered":"<div class=\"mh-excerpt\">El termini per a la presentaci\u00f3 de sol\u00b7licituds a esta iniciativa, que pret\u00e9n donar suport a la creaci\u00f3 jove i al desenvolupament de llenguatges art\u00edstics i creatius, finalitza el 15 de setembre. La Diputaci\u00f3 de <a class=\"mh-excerpt-more\" href=\"https:\/\/www.tucomarca.com\/wordpress\/segunda\/ca\/la-diputacio-de-valencia-convoca-el-concurs-de-videos-curts-implicat\/\" title=\"La Diputaci\u00f3 de Val\u00e8ncia convoca el concurs de v\u00eddeos curts \u2018Implica\u2019t\u2019\">[+] <\/a><\/div>\n","protected":false},"author":12,"featured_media":260719,"comment_status":"open","ping_status":"open","sticky":false,"template":"","format":"standard","meta":{"footnotes":""},"categories":[11019,10894,10904,11007,10947,10896],"tags":[22122,11246],"class_list":{"0":"post-260720","1":"post","2":"type-post","3":"status-publish","4":"format-standard","5":"has-post-thumbnail","7":"category-agenda-ca","8":"category-la-comarca-ca","9":"category-sin-categorizar-ca","10":"category-ocio-y-cultura-ca","11":"category-politica","12":"category-seccion-ca","13":"tag-concurso-de-videos-cortos-implicat-ca","14":"tag-diputacio-de-valencia-ca"},"_links":{"self":[{"href":"https:\/\/www.tucomarca.com\/wordpress\/segunda\/ca\/wp-json\/wp\/v2\/posts\/260720","targetHints":{"allow":["GET"]}}],"collection":[{"href":"https:\/\/www.tucomarca.com\/wordpress\/segunda\/ca\/wp-json\/wp\/v2\/posts"}],"about":[{"href":"https:\/\/www.tucomarca.com\/wordpress\/segunda\/ca\/wp-json\/wp\/v2\/types\/post"}],"author":[{"embeddable":true,"href":"https:\/\/www.tucomarca.com\/wordpress\/segunda\/ca\/wp-json\/wp\/v2\/users\/12"}],"replies":[{"embeddable":true,"href":"https:\/\/www.tucomarca.com\/wordpress\/segunda\/ca\/wp-json\/wp\/v2\/comments?post=260720"}],"version-history":[{"count":0,"href":"https:\/\/www.tucomarca.com\/wordpress\/segunda\/ca\/wp-json\/wp\/v2\/posts\/260720\/revisions"}],"wp:featuredmedia":[{"embeddable":true,"href":"https:\/\/www.tucomarca.com\/wordpress\/segunda\/ca\/wp-json\/wp\/v2\/media\/260719"}],"wp:attachment":[{"href":"https:\/\/www.tucomarca.com\/wordpress\/segunda\/ca\/wp-json\/wp\/v2\/media?parent=260720"}],"wp:term":[{"taxonomy":"category","embeddable":true,"href":"https:\/\/www.tucomarca.com\/wordpress\/segunda\/ca\/wp-json\/wp\/v2\/categories?post=260720"},{"taxonomy":"post_tag","embeddable":true,"href":"https:\/\/www.tucomarca.com\/wordpress\/segunda\/ca\/wp-json\/wp\/v2\/tags?post=260720"}],"curies":[{"name":"wp","href":"https:\/\/api.w.org\/{rel}","templated":true}]}}