{"id":260788,"date":"2025-04-07T00:30:00","date_gmt":"2025-04-06T22:30:00","guid":{"rendered":"https:\/\/www.tucomarca.com\/wordpress\/segunda\/?p=260788"},"modified":"2025-04-07T00:49:24","modified_gmt":"2025-04-06T22:49:24","slug":"la-falla-ramon-y-cajal-de-xiva-tanca-els-seus-actes-del-cap-de-setmana-amb-lhomenatja-els-serveis-demergencia-durant-la-crema","status":"publish","type":"post","link":"https:\/\/www.tucomarca.com\/wordpress\/segunda\/ca\/la-falla-ramon-y-cajal-de-xiva-tanca-els-seus-actes-del-cap-de-setmana-amb-lhomenatja-els-serveis-demergencia-durant-la-crema\/","title":{"rendered":"La Falla Ram\u00f3n y Cajal de Xiva tanca els seus actes del cap de setmana amb l&#8217;homenatge als serveis d&#8217;emerg\u00e8ncia durant la crem\u00e0"},"content":{"rendered":"\n<h3 class=\"wp-block-heading\">Xiva viu unes Falles carregades d&#8217;emoci\u00f3, tradici\u00f3 i homenatges despr\u00e9s del devastador pas de la DANA a l&#8217;octubre passat.<\/h3>\n\n\n\n<p>La poblaci\u00f3 de Xiva ha celebrat aquest cap de setmana unes Falles molt especials, plenes d&#8217;emoci\u00f3, tradici\u00f3 i de moments inoblidables. La programaci\u00f3 va arrancar amb la tradicional plant\u00e0 dels monuments fallers en l&#8217;Avinguda Ram\u00f3n y Cajal, donant el tret d&#8217;eixida a uns dies intensos d&#8217;activitats sempre amb el record del devastador pas de la DANA el 29 d&#8217;octubre per la localitat.<\/p>\n\n\n\n<p>Les m\u00e0ximes protagonistes de les festa d&#8217;enguany, la Fallera Major Eva M\u00e1\u00f1ez i la Fallera Major Infantil Cayetana Roser, al costat dels presidents de la comissi\u00f3 han comptat amb la visita dels representants de l&#8217;Associaci\u00f3 Mancha Real per Xiva, els qui han elaborat i donat el monument faller a la comissi\u00f3 i els qui han viscut amb intensitat els actes, entre ells la signatura en el Llibre d&#8217;Honor de l&#8217;Ajuntament en un acte carregat de simbolisme, una cerim\u00f2nia que va concloure de manera solemne i emotiva amb la interpretaci\u00f3 dels himnes de Val\u00e8ncia, Xiva i Mancha Real.<\/p>\n\n\n\n<p>A m\u00e9s, la Fallera Major de Val\u00e8ncia, Berta Peir\u00f3, acompanyada de la seua Cort d&#8217;Honor, tamb\u00e9 ha volgut participar aquest dissabte en l&#8217;ofrena floral de la Falla Ram\u00f3n y Cajal, deixant aix\u00ed la seua petjada en aquesta jornada tan significativa.<\/p>\n\n\n<div class=\"wp-block-image\">\n<figure class=\"alignleft size-large is-resized\"><img loading=\"lazy\" decoding=\"async\" width=\"1024\" height=\"955\" src=\"http:\/\/www.tucomarca.com\/wordpress\/segunda\/wp-content\/uploads\/2025\/04\/FallaChiva-1024x955.jpg\" alt=\"\" class=\"wp-image-260785\" style=\"width:306px;height:auto\" srcset=\"https:\/\/www.tucomarca.com\/wordpress\/segunda\/wp-content\/uploads\/2025\/04\/FallaChiva-1024x955.jpg 1024w, https:\/\/www.tucomarca.com\/wordpress\/segunda\/wp-content\/uploads\/2025\/04\/FallaChiva-300x280.jpg 300w, https:\/\/www.tucomarca.com\/wordpress\/segunda\/wp-content\/uploads\/2025\/04\/FallaChiva-768x716.jpg 768w, https:\/\/www.tucomarca.com\/wordpress\/segunda\/wp-content\/uploads\/2025\/04\/FallaChiva-1536x1433.jpg 1536w, https:\/\/www.tucomarca.com\/wordpress\/segunda\/wp-content\/uploads\/2025\/04\/FallaChiva-2048x1910.jpg 2048w\" sizes=\"auto, (max-width: 1024px) 100vw, 1024px\" \/><\/figure>\n<\/div>\n\n\n<p>El diumenge les celebracions han continuat des de primera hora amb la despert\u00e0, seguida per la recollida de les falleres per a assistir a la missa en honor a San Jos\u00e9. No han faltat els actes tradicionals com la masclet\u00e0, els menjars i sopars en el casal, aix\u00ed com activitats per a tots els p\u00fablics, com el castell d&#8217;inflables que va fer les del\u00edcies dels m\u00e9s xicotets.<\/p>\n\n\n\n<p>El fermall d&#8217;or ha arribat amb la crem\u00e0 del monument, que amb el lema &#8220;Sol el poble salva al poble&#8221;, ha sigut elaborat pel poble de Mancha Real, a Ja\u00e9n, una crem\u00e0 que ha sigut especialment emotiva en retre&#8217;s homenatge per part de la comissi\u00f3 als serveis d&#8217;emerg\u00e8ncia per la seua labor durant la DANA. Els bombers de Xiva van protagonitzar un dels moments m\u00e9s simb\u00f2lics a l&#8217;\u00e9sser els encarregats de descendir la bandera durant l&#8217;acte.<\/p>\n\n\n\n<figure class=\"wp-block-gallery has-nested-images columns-2 is-cropped wp-block-gallery-1 is-layout-flex wp-block-gallery-is-layout-flex\">\n<figure class=\"wp-block-image size-large\"><img loading=\"lazy\" decoding=\"async\" width=\"960\" height=\"720\" data-id=\"260797\" src=\"https:\/\/www.tucomarca.com\/wordpress\/segunda\/wp-content\/uploads\/2025\/04\/FallaChiva6.jpg\" alt=\"\" class=\"wp-image-260797\" srcset=\"https:\/\/www.tucomarca.com\/wordpress\/segunda\/wp-content\/uploads\/2025\/04\/FallaChiva6.jpg 960w, https:\/\/www.tucomarca.com\/wordpress\/segunda\/wp-content\/uploads\/2025\/04\/FallaChiva6-300x225.jpg 300w, https:\/\/www.tucomarca.com\/wordpress\/segunda\/wp-content\/uploads\/2025\/04\/FallaChiva6-768x576.jpg 768w, https:\/\/www.tucomarca.com\/wordpress\/segunda\/wp-content\/uploads\/2025\/04\/FallaChiva6-678x509.jpg 678w, https:\/\/www.tucomarca.com\/wordpress\/segunda\/wp-content\/uploads\/2025\/04\/FallaChiva6-326x245.jpg 326w, https:\/\/www.tucomarca.com\/wordpress\/segunda\/wp-content\/uploads\/2025\/04\/FallaChiva6-80x60.jpg 80w\" sizes=\"auto, (max-width: 960px) 100vw, 960px\" \/><\/figure>\n\n\n\n<figure class=\"wp-block-image size-large\"><img loading=\"lazy\" decoding=\"async\" width=\"849\" height=\"1024\" data-id=\"260775\" src=\"https:\/\/www.tucomarca.com\/wordpress\/segunda\/wp-content\/uploads\/2025\/04\/FallaChivaBomberos2-849x1024.jpeg\" alt=\"\" class=\"wp-image-260775\" srcset=\"https:\/\/www.tucomarca.com\/wordpress\/segunda\/wp-content\/uploads\/2025\/04\/FallaChivaBomberos2-849x1024.jpeg 849w, https:\/\/www.tucomarca.com\/wordpress\/segunda\/wp-content\/uploads\/2025\/04\/FallaChivaBomberos2-249x300.jpeg 249w, https:\/\/www.tucomarca.com\/wordpress\/segunda\/wp-content\/uploads\/2025\/04\/FallaChivaBomberos2-768x926.jpeg 768w, https:\/\/www.tucomarca.com\/wordpress\/segunda\/wp-content\/uploads\/2025\/04\/FallaChivaBomberos2-1274x1536.jpeg 1274w, https:\/\/www.tucomarca.com\/wordpress\/segunda\/wp-content\/uploads\/2025\/04\/FallaChivaBomberos2-1699x2048.jpeg 1699w\" sizes=\"auto, (max-width: 849px) 100vw, 849px\" \/><\/figure>\n\n\n\n<figure class=\"wp-block-image size-large\"><img loading=\"lazy\" decoding=\"async\" width=\"768\" height=\"1024\" data-id=\"260777\" src=\"https:\/\/www.tucomarca.com\/wordpress\/segunda\/wp-content\/uploads\/2025\/04\/FallaChivaBomberos3-768x1024.jpeg\" alt=\"\" class=\"wp-image-260777\" srcset=\"https:\/\/www.tucomarca.com\/wordpress\/segunda\/wp-content\/uploads\/2025\/04\/FallaChivaBomberos3-768x1024.jpeg 768w, https:\/\/www.tucomarca.com\/wordpress\/segunda\/wp-content\/uploads\/2025\/04\/FallaChivaBomberos3-225x300.jpeg 225w, https:\/\/www.tucomarca.com\/wordpress\/segunda\/wp-content\/uploads\/2025\/04\/FallaChivaBomberos3-1152x1536.jpeg 1152w, https:\/\/www.tucomarca.com\/wordpress\/segunda\/wp-content\/uploads\/2025\/04\/FallaChivaBomberos3-1536x2048.jpeg 1536w, https:\/\/www.tucomarca.com\/wordpress\/segunda\/wp-content\/uploads\/2025\/04\/FallaChivaBomberos3-scaled.jpeg 1920w\" sizes=\"auto, (max-width: 768px) 100vw, 768px\" \/><\/figure>\n\n\n\n<figure class=\"wp-block-image size-large\"><img loading=\"lazy\" decoding=\"async\" width=\"768\" height=\"1024\" data-id=\"260779\" src=\"https:\/\/www.tucomarca.com\/wordpress\/segunda\/wp-content\/uploads\/2025\/04\/FallaChivaBomberos4-768x1024.jpeg\" alt=\"\" class=\"wp-image-260779\" srcset=\"https:\/\/www.tucomarca.com\/wordpress\/segunda\/wp-content\/uploads\/2025\/04\/FallaChivaBomberos4-768x1024.jpeg 768w, https:\/\/www.tucomarca.com\/wordpress\/segunda\/wp-content\/uploads\/2025\/04\/FallaChivaBomberos4-225x300.jpeg 225w, https:\/\/www.tucomarca.com\/wordpress\/segunda\/wp-content\/uploads\/2025\/04\/FallaChivaBomberos4-1152x1536.jpeg 1152w, https:\/\/www.tucomarca.com\/wordpress\/segunda\/wp-content\/uploads\/2025\/04\/FallaChivaBomberos4.jpeg 1440w\" sizes=\"auto, (max-width: 768px) 100vw, 768px\" \/><\/figure>\n\n\n\n<figure class=\"wp-block-image size-large\"><img loading=\"lazy\" decoding=\"async\" width=\"960\" height=\"720\" data-id=\"260795\" src=\"https:\/\/www.tucomarca.com\/wordpress\/segunda\/wp-content\/uploads\/2025\/04\/FallaChiva5.jpg\" alt=\"\" class=\"wp-image-260795\" srcset=\"https:\/\/www.tucomarca.com\/wordpress\/segunda\/wp-content\/uploads\/2025\/04\/FallaChiva5.jpg 960w, https:\/\/www.tucomarca.com\/wordpress\/segunda\/wp-content\/uploads\/2025\/04\/FallaChiva5-300x225.jpg 300w, https:\/\/www.tucomarca.com\/wordpress\/segunda\/wp-content\/uploads\/2025\/04\/FallaChiva5-768x576.jpg 768w, https:\/\/www.tucomarca.com\/wordpress\/segunda\/wp-content\/uploads\/2025\/04\/FallaChiva5-678x509.jpg 678w, https:\/\/www.tucomarca.com\/wordpress\/segunda\/wp-content\/uploads\/2025\/04\/FallaChiva5-326x245.jpg 326w, https:\/\/www.tucomarca.com\/wordpress\/segunda\/wp-content\/uploads\/2025\/04\/FallaChiva5-80x60.jpg 80w\" sizes=\"auto, (max-width: 960px) 100vw, 960px\" \/><\/figure>\n<\/figure>\n","protected":false},"excerpt":{"rendered":"<div class=\"mh-excerpt\">Xiva viu unes Falles carregades d&#8217;emoci\u00f3, tradici\u00f3 i homenatges despr\u00e9s del devastador pas de la DANA a l&#8217;octubre passat. La poblaci\u00f3 de Xiva ha celebrat aquest cap de setmana unes Falles molt especials, plenes d&#8217;emoci\u00f3, <a class=\"mh-excerpt-more\" href=\"https:\/\/www.tucomarca.com\/wordpress\/segunda\/ca\/la-falla-ramon-y-cajal-de-xiva-tanca-els-seus-actes-del-cap-de-setmana-amb-lhomenatja-els-serveis-demergencia-durant-la-crema\/\" title=\"La Falla Ram\u00f3n y Cajal de Xiva tanca els seus actes del cap de setmana amb l&#8217;homenatge als serveis d&#8217;emerg\u00e8ncia durant la crem\u00e0\">[+] <\/a><\/div>\n","protected":false},"author":1,"featured_media":260774,"comment_status":"open","ping_status":"open","sticky":false,"template":"","format":"gallery","meta":{"footnotes":""},"categories":[21466,10898,10894,10904,10912,11004,11007,11008,10896,10975],"tags":[22088,11195,11499,10914],"class_list":{"0":"post-260788","1":"post","2":"type-post","3":"status-publish","4":"format-gallery","5":"has-post-thumbnail","7":"category-dana-ca","8":"category-ventana-ca","9":"category-la-comarca-ca","10":"category-sin-categorizar-ca","11":"category-la-hoya-ca","12":"category-la-semana-en-imagenes-ca","13":"category-ocio-y-cultura-ca","14":"category-pueblos-en-fiestas-ca","15":"category-seccion-ca","16":"category-chiva-ca","17":"tag-2025-ca","18":"tag-chiva-ca","19":"tag-fallas-ca","20":"tag-la-hoya-de-bunol-chiva-ca","21":"post_format-post-format-gallery"},"_links":{"self":[{"href":"https:\/\/www.tucomarca.com\/wordpress\/segunda\/ca\/wp-json\/wp\/v2\/posts\/260788","targetHints":{"allow":["GET"]}}],"collection":[{"href":"https:\/\/www.tucomarca.com\/wordpress\/segunda\/ca\/wp-json\/wp\/v2\/posts"}],"about":[{"href":"https:\/\/www.tucomarca.com\/wordpress\/segunda\/ca\/wp-json\/wp\/v2\/types\/post"}],"author":[{"embeddable":true,"href":"https:\/\/www.tucomarca.com\/wordpress\/segunda\/ca\/wp-json\/wp\/v2\/users\/1"}],"replies":[{"embeddable":true,"href":"https:\/\/www.tucomarca.com\/wordpress\/segunda\/ca\/wp-json\/wp\/v2\/comments?post=260788"}],"version-history":[{"count":0,"href":"https:\/\/www.tucomarca.com\/wordpress\/segunda\/ca\/wp-json\/wp\/v2\/posts\/260788\/revisions"}],"wp:featuredmedia":[{"embeddable":true,"href":"https:\/\/www.tucomarca.com\/wordpress\/segunda\/ca\/wp-json\/wp\/v2\/media\/260774"}],"wp:attachment":[{"href":"https:\/\/www.tucomarca.com\/wordpress\/segunda\/ca\/wp-json\/wp\/v2\/media?parent=260788"}],"wp:term":[{"taxonomy":"category","embeddable":true,"href":"https:\/\/www.tucomarca.com\/wordpress\/segunda\/ca\/wp-json\/wp\/v2\/categories?post=260788"},{"taxonomy":"post_tag","embeddable":true,"href":"https:\/\/www.tucomarca.com\/wordpress\/segunda\/ca\/wp-json\/wp\/v2\/tags?post=260788"}],"curies":[{"name":"wp","href":"https:\/\/api.w.org\/{rel}","templated":true}]}}