{"id":260934,"date":"2025-04-07T00:35:00","date_gmt":"2025-04-06T22:35:00","guid":{"rendered":"https:\/\/www.tucomarca.com\/wordpress\/segunda\/?p=260934"},"modified":"2025-04-07T21:49:15","modified_gmt":"2025-04-07T19:49:15","slug":"sanitat-licita-la-redaccio-del-projecte-i-direccio-de-les-obres-del-nou-centre-de-salut-de-riba-roja-de-turia","status":"publish","type":"post","link":"https:\/\/www.tucomarca.com\/wordpress\/segunda\/ca\/sanitat-licita-la-redaccio-del-projecte-i-direccio-de-les-obres-del-nou-centre-de-salut-de-riba-roja-de-turia\/","title":{"rendered":"Sanitat licita la redacci\u00f3 del projecte i direcci\u00f3 de les obres del nou centre de salut de Riba-roja de T\u00faria"},"content":{"rendered":"\n<h3 class=\"wp-block-heading\">L&#8217;import base de licitaci\u00f3 ascendeix a 500.000 euros i les empreses tenen fins al 8 de maig per a presentar les ofertes.<\/h3>\n\n\n\n<h3 class=\"wp-block-heading\">El centre comptar\u00e0 amb Medicina de Fam\u00edlia, Pediatria, Punt d&#8217;Atenci\u00f3 Continuada, Cirurgia Menor, Atenci\u00f3 a la Dona, Rehabilitaci\u00f3 i Treball Social.<\/h3>\n\n\n\n<p>La Conselleria de Sanitat ha publicat en la Plataforma de Contractaci\u00f3 la licitaci\u00f3 de la redacci\u00f3 del projecte i direcci\u00f3 de les obres de construcci\u00f3 del nou centre de salut de Riba-roja de T\u00faria per un import de 500.000 euros.<\/p>\n\n\n\n<p>En aquest sentit, les empreses interessades en el projecte tenen de termini fins al pr\u00f2xim 8 de maig a les 14 hores per a presentar les ofertes.<\/p>\n\n\n\n<p>La construcci\u00f3 d&#8217;aquest nou centre de salut de Riba-roja de T\u00faria, que tindr\u00e0 una superf\u00edcie constru\u00efda d&#8217;uns 3.100 m\u00b2 aproximadament, ve motivada per la necessitat de respondre a la demanda assistencial en una localitat que ha experimentat un creixement poblacional al llarg dels anys i que, en \u00e8poques estivals, registra tamb\u00e9 una gran aflu\u00e8ncia de poblaci\u00f3.<\/p>\n\n\n\n<p>Per aix\u00f2, Sanitat pret\u00e9n construir aquest nou centre, que tindr\u00e0 una poblaci\u00f3 assignada de m\u00e9s de 15.000 usuaris, i suposar\u00e0 un refor\u00e7 assistencial per al futur consultori auxiliar, que actualment \u00e9s el centre de salut de la localitat.<\/p>\n\n\n\n<p>D&#8217;aquesta manera, la posada en marxa del nou centre suposar\u00e0 una millora de la qualitat assistencial per a la ciutadania de Riba-roja de T\u00faria, ja que es beneficiaran d&#8217;unes instal\u00b7lacions sanit\u00e0ries modernes i dotades dels millors recursos.<\/p>\n\n\n\n<p>De fet, el nou centre de salut comptar\u00e0 amb una \u00e0mplia cartera de serveis. Aix\u00ed, disposar\u00e0 de 10 consultes de Medicina Familiar i 10 d&#8217;Infermeria, a m\u00e9s tindr\u00e0 tres consultes de Pediatria i dues d&#8217;Infermeria Pedi\u00e0trica.<\/p>\n\n\n\n<p>D&#8217;altra banda, comptar\u00e0 amb una \u00c0rea d&#8217;Extraccions i Tractaments amb quatre sales destinades a extraccions, tractaments, proves diagn\u00f2stiques i Cirurgia Menor. A m\u00e9s, hi haur\u00e0 un Punt d&#8217;Atenci\u00f3 Continuada (PAC) per a l&#8217;assist\u00e8ncia d&#8217;urg\u00e8ncies, una \u00c0rea de Rehabilitaci\u00f3 amb gimn\u00e0s, Atenci\u00f3 a la Dona, Rehabilitaci\u00f3 i Treball Social.<\/p>\n","protected":false},"excerpt":{"rendered":"<div class=\"mh-excerpt\">L&#8217;import base de licitaci\u00f3 ascendeix a 500.000 euros i les empreses tenen fins al 8 de maig per a presentar les ofertes. El centre comptar\u00e0 amb Medicina de Fam\u00edlia, Pediatria, Punt d&#8217;Atenci\u00f3 Continuada, Cirurgia Menor, <a class=\"mh-excerpt-more\" href=\"https:\/\/www.tucomarca.com\/wordpress\/segunda\/ca\/sanitat-licita-la-redaccio-del-projecte-i-direccio-de-les-obres-del-nou-centre-de-salut-de-riba-roja-de-turia\/\" title=\"Sanitat licita la redacci\u00f3 del projecte i direcci\u00f3 de les obres del nou centre de salut de Riba-roja de T\u00faria\">[+] <\/a><\/div>\n","protected":false},"author":12,"featured_media":230877,"comment_status":"open","ping_status":"open","sticky":false,"template":"","format":"standard","meta":{"footnotes":""},"categories":[10892,10898,10948,10894,10947,10906,10896],"tags":[10899,12165,11498,15024],"class_list":{"0":"post-260934","1":"post","2":"type-post","3":"status-publish","4":"format-standard","5":"has-post-thumbnail","7":"category-camp-de-turia-ca","8":"category-ventana-ca","9":"category-infraestructuras-ca","10":"category-la-comarca-ca","11":"category-politica","12":"category-riba-roja-ca","13":"category-seccion-ca","14":"tag-camp-de-turia-ca","15":"tag-conselleria-de-sanitat-ca","16":"tag-generalitat-valenciana-ca","17":"tag-riba-roja-de-turia-ca"},"_links":{"self":[{"href":"https:\/\/www.tucomarca.com\/wordpress\/segunda\/ca\/wp-json\/wp\/v2\/posts\/260934","targetHints":{"allow":["GET"]}}],"collection":[{"href":"https:\/\/www.tucomarca.com\/wordpress\/segunda\/ca\/wp-json\/wp\/v2\/posts"}],"about":[{"href":"https:\/\/www.tucomarca.com\/wordpress\/segunda\/ca\/wp-json\/wp\/v2\/types\/post"}],"author":[{"embeddable":true,"href":"https:\/\/www.tucomarca.com\/wordpress\/segunda\/ca\/wp-json\/wp\/v2\/users\/12"}],"replies":[{"embeddable":true,"href":"https:\/\/www.tucomarca.com\/wordpress\/segunda\/ca\/wp-json\/wp\/v2\/comments?post=260934"}],"version-history":[{"count":0,"href":"https:\/\/www.tucomarca.com\/wordpress\/segunda\/ca\/wp-json\/wp\/v2\/posts\/260934\/revisions"}],"wp:featuredmedia":[{"embeddable":true,"href":"https:\/\/www.tucomarca.com\/wordpress\/segunda\/ca\/wp-json\/wp\/v2\/media\/230877"}],"wp:attachment":[{"href":"https:\/\/www.tucomarca.com\/wordpress\/segunda\/ca\/wp-json\/wp\/v2\/media?parent=260934"}],"wp:term":[{"taxonomy":"category","embeddable":true,"href":"https:\/\/www.tucomarca.com\/wordpress\/segunda\/ca\/wp-json\/wp\/v2\/categories?post=260934"},{"taxonomy":"post_tag","embeddable":true,"href":"https:\/\/www.tucomarca.com\/wordpress\/segunda\/ca\/wp-json\/wp\/v2\/tags?post=260934"}],"curies":[{"name":"wp","href":"https:\/\/api.w.org\/{rel}","templated":true}]}}