{"id":261120,"date":"2025-04-08T10:25:00","date_gmt":"2025-04-08T08:25:00","guid":{"rendered":"https:\/\/www.tucomarca.com\/wordpress\/segunda\/?p=261120"},"modified":"2025-04-08T21:58:17","modified_gmt":"2025-04-08T19:58:17","slug":"xest-organitza-una-ruta-interpretativa-per-a-donar-a-coneixer-el-patrimoni-de-pedra-en-sec","status":"publish","type":"post","link":"https:\/\/www.tucomarca.com\/wordpress\/segunda\/ca\/xest-organitza-una-ruta-interpretativa-per-a-donar-a-coneixer-el-patrimoni-de-pedra-en-sec\/","title":{"rendered":"Xest organitza una ruta interpretativa per a donar a con\u00e9ixer el patrimoni de pedra en sec"},"content":{"rendered":"\n<p>Dissabte passat, 5 d&#8217;abril, la Regidoria de Medi Ambient va programar una nova ruta interpretativa gratu\u00efta amb l&#8217;objectiu de posar en valor l&#8217;entorn natural de Xest, en concret en aquesta ocasi\u00f3, de la t\u00e8cnica tradicional de construcci\u00f3 de pedra en sec.&nbsp;<\/p>\n\n\n\n<p>L&#8217;itinerari va estar guiat per l&#8217;educadora ambiental municipal, Sandra Fraile, i pel guarda rural de Xest, Alberto Ib\u00e1\u00f1ez, i va transc\u00f3rrer per un recorregut circular amb eixida i arribada des de La C\u00e1rcama, passant per la Canyada Llarga i L&#8217;Aparen\u00e7a.<\/p>\n\n\n\n<p>\u201cA Xest tenim centenars de construccions ancestrals constru\u00efdes amb la t\u00e8cnica de pedra en sec, declarada patrimoni immaterial per la UNESCO i molt usada en la cultura agr\u00edcola; desgraciadament actualment s&#8217;est\u00e0 perdent, ja que els monuments no estan protegits\u201d, explicava la t\u00e8cnica. \u201cAquestes construccions s\u00f3n l&#8217;exemple de com&nbsp;l&#8217;\u00e9sser hum\u00e0 s&#8217;ha adaptat al mitj\u00e0, concretament al nostre territori pedreg\u00f3s de roca calc\u00e0ria, veient un recurs en el que podria ser una nosa\u201d.<\/p>\n\n\n\n<p>Les 32 persones assistents van rebre, a l&#8217;inici de la ruta, un full informatiu amb algunes de les plantes que es veurien durant el recorregut, i van poder plantejar les seues preguntes i observacions als guies, que van anar acompanyant la caminada amb explicacions sobre la flora i altres curiositats per a interpretar el paisatge. Durant la caminada es van fer diverses parades per a observar una barraca, quatre aljubs i un forn de cal\u00e7.<\/p>\n\n\n\n<p>Des de la regidoria de Medi Ambient s&#8217;organitzen rutes interpretatives al llarg de tot l&#8217;any amb l&#8217;objectiu de donar a con\u00e9ixer l&#8217;entorn natural, posant en valor el territori, la cultura i la biodiversitat del mitj\u00e0.<\/p>\n\n\n\n<p>\u201cPer a nosaltres \u00e9s important que la gent connecte amb la naturalesa; aquest tipus d&#8217;activitats implica veure i experimentar per a entendre el que ens envolta, valorar la import\u00e0ncia del nostre entorn rural i cultural\u201d, ha apuntat el regidor de Medi Ambient, David Pujals. \u201cAgra\u00efsc a Sandra i a Alberto la seua labor en la protecci\u00f3 del nostre entorn. Aquesta primavera continuarem organitzant activitats d&#8217;educaci\u00f3 ambiental, destacant entre elles la V Fira de Medi Ambient, que tindr\u00e0 lloc el cap de setmana del 9, 10 i 11 de maig i que comptar\u00e0 amb tallers, venda directa d&#8217;artesania i productes de proximitat, i m\u00fasica en directe; anime la poblaci\u00f3 a participar i a gaudir d&#8217;un dia amb la naturalesa com a protagonista\u201d.<\/p>\n\n\n\n<figure class=\"wp-block-gallery has-nested-images columns-2 is-cropped wp-block-gallery-1 is-layout-flex wp-block-gallery-is-layout-flex\">\n<figure class=\"wp-block-image size-large\"><img loading=\"lazy\" decoding=\"async\" width=\"768\" height=\"1024\" data-id=\"261109\" src=\"https:\/\/www.tucomarca.com\/wordpress\/segunda\/wp-content\/uploads\/2025\/04\/Cheste_ruta-piedra-en-seco_1-768x1024.jpg\" alt=\"\" class=\"wp-image-261109\" srcset=\"https:\/\/www.tucomarca.com\/wordpress\/segunda\/wp-content\/uploads\/2025\/04\/Cheste_ruta-piedra-en-seco_1-768x1024.jpg 768w, https:\/\/www.tucomarca.com\/wordpress\/segunda\/wp-content\/uploads\/2025\/04\/Cheste_ruta-piedra-en-seco_1-225x300.jpg 225w, https:\/\/www.tucomarca.com\/wordpress\/segunda\/wp-content\/uploads\/2025\/04\/Cheste_ruta-piedra-en-seco_1-1152x1536.jpg 1152w, https:\/\/www.tucomarca.com\/wordpress\/segunda\/wp-content\/uploads\/2025\/04\/Cheste_ruta-piedra-en-seco_1-1536x2048.jpg 1536w, https:\/\/www.tucomarca.com\/wordpress\/segunda\/wp-content\/uploads\/2025\/04\/Cheste_ruta-piedra-en-seco_1-scaled.jpg 1920w\" sizes=\"auto, (max-width: 768px) 100vw, 768px\" \/><\/figure>\n\n\n\n<figure class=\"wp-block-image size-large\"><img loading=\"lazy\" decoding=\"async\" width=\"1024\" height=\"768\" data-id=\"261111\" src=\"https:\/\/www.tucomarca.com\/wordpress\/segunda\/wp-content\/uploads\/2025\/04\/Cheste_ruta-piedra-en-seco_2-1024x768.jpg\" alt=\"\" class=\"wp-image-261111\" srcset=\"https:\/\/www.tucomarca.com\/wordpress\/segunda\/wp-content\/uploads\/2025\/04\/Cheste_ruta-piedra-en-seco_2-1024x768.jpg 1024w, https:\/\/www.tucomarca.com\/wordpress\/segunda\/wp-content\/uploads\/2025\/04\/Cheste_ruta-piedra-en-seco_2-300x225.jpg 300w, https:\/\/www.tucomarca.com\/wordpress\/segunda\/wp-content\/uploads\/2025\/04\/Cheste_ruta-piedra-en-seco_2-768x576.jpg 768w, https:\/\/www.tucomarca.com\/wordpress\/segunda\/wp-content\/uploads\/2025\/04\/Cheste_ruta-piedra-en-seco_2-1536x1152.jpg 1536w, https:\/\/www.tucomarca.com\/wordpress\/segunda\/wp-content\/uploads\/2025\/04\/Cheste_ruta-piedra-en-seco_2-2048x1536.jpg 2048w, https:\/\/www.tucomarca.com\/wordpress\/segunda\/wp-content\/uploads\/2025\/04\/Cheste_ruta-piedra-en-seco_2-678x509.jpg 678w, https:\/\/www.tucomarca.com\/wordpress\/segunda\/wp-content\/uploads\/2025\/04\/Cheste_ruta-piedra-en-seco_2-326x245.jpg 326w, https:\/\/www.tucomarca.com\/wordpress\/segunda\/wp-content\/uploads\/2025\/04\/Cheste_ruta-piedra-en-seco_2-80x60.jpg 80w\" sizes=\"auto, (max-width: 1024px) 100vw, 1024px\" \/><\/figure>\n\n\n\n<figure class=\"wp-block-image size-large\"><img loading=\"lazy\" decoding=\"async\" width=\"1024\" height=\"768\" data-id=\"261115\" src=\"https:\/\/www.tucomarca.com\/wordpress\/segunda\/wp-content\/uploads\/2025\/04\/Cheste_ruta-piedra-en-seco_4-1024x768.jpg\" alt=\"\" class=\"wp-image-261115\" srcset=\"https:\/\/www.tucomarca.com\/wordpress\/segunda\/wp-content\/uploads\/2025\/04\/Cheste_ruta-piedra-en-seco_4-1024x768.jpg 1024w, https:\/\/www.tucomarca.com\/wordpress\/segunda\/wp-content\/uploads\/2025\/04\/Cheste_ruta-piedra-en-seco_4-300x225.jpg 300w, https:\/\/www.tucomarca.com\/wordpress\/segunda\/wp-content\/uploads\/2025\/04\/Cheste_ruta-piedra-en-seco_4-768x576.jpg 768w, https:\/\/www.tucomarca.com\/wordpress\/segunda\/wp-content\/uploads\/2025\/04\/Cheste_ruta-piedra-en-seco_4-1536x1152.jpg 1536w, https:\/\/www.tucomarca.com\/wordpress\/segunda\/wp-content\/uploads\/2025\/04\/Cheste_ruta-piedra-en-seco_4-2048x1536.jpg 2048w, https:\/\/www.tucomarca.com\/wordpress\/segunda\/wp-content\/uploads\/2025\/04\/Cheste_ruta-piedra-en-seco_4-678x509.jpg 678w, https:\/\/www.tucomarca.com\/wordpress\/segunda\/wp-content\/uploads\/2025\/04\/Cheste_ruta-piedra-en-seco_4-326x245.jpg 326w, https:\/\/www.tucomarca.com\/wordpress\/segunda\/wp-content\/uploads\/2025\/04\/Cheste_ruta-piedra-en-seco_4-80x60.jpg 80w\" sizes=\"auto, (max-width: 1024px) 100vw, 1024px\" \/><\/figure>\n\n\n\n<figure class=\"wp-block-image size-large\"><img loading=\"lazy\" decoding=\"async\" width=\"1024\" height=\"771\" data-id=\"261117\" src=\"https:\/\/www.tucomarca.com\/wordpress\/segunda\/wp-content\/uploads\/2025\/04\/Cheste_ruta-piedra-en-seco_5-1024x771.jpeg\" alt=\"\" class=\"wp-image-261117\" srcset=\"https:\/\/www.tucomarca.com\/wordpress\/segunda\/wp-content\/uploads\/2025\/04\/Cheste_ruta-piedra-en-seco_5-1024x771.jpeg 1024w, https:\/\/www.tucomarca.com\/wordpress\/segunda\/wp-content\/uploads\/2025\/04\/Cheste_ruta-piedra-en-seco_5-300x226.jpeg 300w, https:\/\/www.tucomarca.com\/wordpress\/segunda\/wp-content\/uploads\/2025\/04\/Cheste_ruta-piedra-en-seco_5-768x578.jpeg 768w, https:\/\/www.tucomarca.com\/wordpress\/segunda\/wp-content\/uploads\/2025\/04\/Cheste_ruta-piedra-en-seco_5-1536x1156.jpeg 1536w, https:\/\/www.tucomarca.com\/wordpress\/segunda\/wp-content\/uploads\/2025\/04\/Cheste_ruta-piedra-en-seco_5-678x509.jpeg 678w, https:\/\/www.tucomarca.com\/wordpress\/segunda\/wp-content\/uploads\/2025\/04\/Cheste_ruta-piedra-en-seco_5-326x245.jpeg 326w, https:\/\/www.tucomarca.com\/wordpress\/segunda\/wp-content\/uploads\/2025\/04\/Cheste_ruta-piedra-en-seco_5-80x60.jpeg 80w, https:\/\/www.tucomarca.com\/wordpress\/segunda\/wp-content\/uploads\/2025\/04\/Cheste_ruta-piedra-en-seco_5.jpeg 1600w\" sizes=\"auto, (max-width: 1024px) 100vw, 1024px\" \/><\/figure>\n<\/figure>\n","protected":false},"excerpt":{"rendered":"<div class=\"mh-excerpt\">Dissabte passat, 5 d&#8217;abril, la Regidoria de Medi Ambient va programar una nova ruta interpretativa gratu\u00efta amb l&#8217;objectiu de posar en valor l&#8217;entorn natural de Xest, en concret en aquesta ocasi\u00f3, de la t\u00e8cnica tradicional <a class=\"mh-excerpt-more\" href=\"https:\/\/www.tucomarca.com\/wordpress\/segunda\/ca\/xest-organitza-una-ruta-interpretativa-per-a-donar-a-coneixer-el-patrimoni-de-pedra-en-sec\/\" title=\"Xest organitza una ruta interpretativa per a donar a con\u00e9ixer el patrimoni de pedra en sec\">[+] <\/a><\/div>\n","protected":false},"author":12,"featured_media":261114,"comment_status":"open","ping_status":"open","sticky":false,"template":"","format":"gallery","meta":{"footnotes":""},"categories":[10948,10894,10912,10903,10896,10974],"tags":[11071,10914,12166],"class_list":{"0":"post-261120","1":"post","2":"type-post","3":"status-publish","4":"format-gallery","5":"has-post-thumbnail","7":"category-infraestructuras-ca","8":"category-la-comarca-ca","9":"category-la-hoya-ca","10":"category-medio-ambiente-la-comarca-ca","11":"category-seccion-ca","12":"category-cheste-ca","13":"tag-cheste","14":"tag-la-hoya-de-bunol-chiva-ca","15":"tag-medio-ambiente-ca","16":"post_format-post-format-gallery"},"_links":{"self":[{"href":"https:\/\/www.tucomarca.com\/wordpress\/segunda\/ca\/wp-json\/wp\/v2\/posts\/261120","targetHints":{"allow":["GET"]}}],"collection":[{"href":"https:\/\/www.tucomarca.com\/wordpress\/segunda\/ca\/wp-json\/wp\/v2\/posts"}],"about":[{"href":"https:\/\/www.tucomarca.com\/wordpress\/segunda\/ca\/wp-json\/wp\/v2\/types\/post"}],"author":[{"embeddable":true,"href":"https:\/\/www.tucomarca.com\/wordpress\/segunda\/ca\/wp-json\/wp\/v2\/users\/12"}],"replies":[{"embeddable":true,"href":"https:\/\/www.tucomarca.com\/wordpress\/segunda\/ca\/wp-json\/wp\/v2\/comments?post=261120"}],"version-history":[{"count":0,"href":"https:\/\/www.tucomarca.com\/wordpress\/segunda\/ca\/wp-json\/wp\/v2\/posts\/261120\/revisions"}],"wp:featuredmedia":[{"embeddable":true,"href":"https:\/\/www.tucomarca.com\/wordpress\/segunda\/ca\/wp-json\/wp\/v2\/media\/261114"}],"wp:attachment":[{"href":"https:\/\/www.tucomarca.com\/wordpress\/segunda\/ca\/wp-json\/wp\/v2\/media?parent=261120"}],"wp:term":[{"taxonomy":"category","embeddable":true,"href":"https:\/\/www.tucomarca.com\/wordpress\/segunda\/ca\/wp-json\/wp\/v2\/categories?post=261120"},{"taxonomy":"post_tag","embeddable":true,"href":"https:\/\/www.tucomarca.com\/wordpress\/segunda\/ca\/wp-json\/wp\/v2\/tags?post=261120"}],"curies":[{"name":"wp","href":"https:\/\/api.w.org\/{rel}","templated":true}]}}