{"id":261176,"date":"2025-04-09T10:00:00","date_gmt":"2025-04-09T08:00:00","guid":{"rendered":"https:\/\/www.tucomarca.com\/wordpress\/segunda\/?p=261176"},"modified":"2025-04-09T12:00:28","modified_gmt":"2025-04-09T10:00:28","slug":"fotogaleria-la-banda-juvenil-del-cim-la-armonica-inicia-una-nova-etapa-sota-la-batuta-de-ruben-casas-santos","status":"publish","type":"post","link":"https:\/\/www.tucomarca.com\/wordpress\/segunda\/ca\/fotogaleria-la-banda-juvenil-del-cim-la-armonica-inicia-una-nova-etapa-sota-la-batuta-de-ruben-casas-santos\/","title":{"rendered":"Fotogaler\u00eda: La Banda Juvenil del CIM \u201cLa Arm\u00f3nica\u201d inicia una nova etapa sota la batuta de Rub\u00e9n Casas Santos"},"content":{"rendered":"\n<p>El Palau de la M\u00fasica de Bunyol es va omplir d&#8217;emoci\u00f3 i talent en un acte que quedar\u00e0 gravat en la hist\u00f2ria del CIM \u201cL&#8217;Arm\u00f2nica\u201d, dissabte passat, 5 d&#8217;abril. La vesprada va estar marcada per la presentaci\u00f3 oficial de Rub\u00e9n Casas Santos com a nou director de la Banda Juvenil, en una jornada que va combinar il\u00b7lusi\u00f3, m\u00fasica i tradici\u00f3.<\/p>\n\n\n\n<p>Amb aquesta incorporaci\u00f3, la banda obri un nou cap\u00edtol, apostant per la formaci\u00f3, la creativitat i l&#8217;excel\u00b7l\u00e8ncia musical. Casas Santos, amb una clara visi\u00f3 educativa i art\u00edstica, guiar\u00e0 als joves m\u00fasics en el seu creixement dins de l&#8217;agrupaci\u00f3.<\/p>\n\n\n\n<p>Un dels moments m\u00e9s entranyables de l&#8217;acte va ser el lliurament d&#8217;instruments als nous alumnes de l&#8217;Escola de M\u00fasica. Aquest simb\u00f2lic gest representa l&#8217;inici d&#8217;una marxa il\u00b7lusionant per als qui seran el futur de la banda.<\/p>\n\n\n\n<p>Durant el concert, la Banda Juvenil va delectar al p\u00fablic amb un programa variat que va incloure:<\/p>\n\n\n\n<p><em>La Entrada <\/em>\u2013 Quint\u00edn Esquembre<\/p>\n\n\n\n<p><em>A Medieval Suite<\/em> \u2013 Andr\u00e9 Waignein<\/p>\n\n\n\n<p><em>Appalachian Morning<\/em> \u2013 Robert Sheldon<\/p>\n\n\n\n<p><em>When Honor Prevails<\/em> \u2013 James Swearingen<\/p>\n\n\n\n<p><em>Orion<\/em> \u2013 Jan Van der Roost<\/p>\n\n\n\n<p><em>Avengers: Endgame<\/em> \u2013 Alan Silvestri (arr. Michael Brown)<\/p>\n\n\n\n<p><em>Eighties Flashback<\/em> \u2013 Paul Murtha<\/p>\n\n\n\n<p><em>Arabian Dances<\/em> \u2013 Roland Barrett<\/p>\n\n\n\n<p><em>Himno Litrero <\/em>\u2013 Masmano y D\u00edaz<\/p>\n\n\n\n<figure class=\"wp-block-gallery has-nested-images columns-1 is-cropped wp-block-gallery-1 is-layout-flex wp-block-gallery-is-layout-flex\">\n<figure class=\"wp-block-image size-large\"><img loading=\"lazy\" decoding=\"async\" width=\"1024\" height=\"683\" data-id=\"261171\" src=\"https:\/\/www.tucomarca.com\/wordpress\/segunda\/wp-content\/uploads\/2025\/04\/LitroRubenCasas08-1024x683.jpg\" alt=\"\" class=\"wp-image-261171\" srcset=\"https:\/\/www.tucomarca.com\/wordpress\/segunda\/wp-content\/uploads\/2025\/04\/LitroRubenCasas08-1024x683.jpg 1024w, https:\/\/www.tucomarca.com\/wordpress\/segunda\/wp-content\/uploads\/2025\/04\/LitroRubenCasas08-300x200.jpg 300w, https:\/\/www.tucomarca.com\/wordpress\/segunda\/wp-content\/uploads\/2025\/04\/LitroRubenCasas08-768x512.jpg 768w, https:\/\/www.tucomarca.com\/wordpress\/segunda\/wp-content\/uploads\/2025\/04\/LitroRubenCasas08-1536x1024.jpg 1536w, https:\/\/www.tucomarca.com\/wordpress\/segunda\/wp-content\/uploads\/2025\/04\/LitroRubenCasas08.jpg 2048w\" sizes=\"auto, (max-width: 1024px) 100vw, 1024px\" \/><\/figure>\n\n\n\n<figure class=\"wp-block-image size-large\"><img loading=\"lazy\" decoding=\"async\" width=\"1024\" height=\"683\" data-id=\"261159\" src=\"https:\/\/www.tucomarca.com\/wordpress\/segunda\/wp-content\/uploads\/2025\/04\/LitroRubenCasas02-1024x683.jpg\" alt=\"\" class=\"wp-image-261159\" srcset=\"https:\/\/www.tucomarca.com\/wordpress\/segunda\/wp-content\/uploads\/2025\/04\/LitroRubenCasas02-1024x683.jpg 1024w, https:\/\/www.tucomarca.com\/wordpress\/segunda\/wp-content\/uploads\/2025\/04\/LitroRubenCasas02-300x200.jpg 300w, https:\/\/www.tucomarca.com\/wordpress\/segunda\/wp-content\/uploads\/2025\/04\/LitroRubenCasas02-768x512.jpg 768w, https:\/\/www.tucomarca.com\/wordpress\/segunda\/wp-content\/uploads\/2025\/04\/LitroRubenCasas02-1536x1024.jpg 1536w, https:\/\/www.tucomarca.com\/wordpress\/segunda\/wp-content\/uploads\/2025\/04\/LitroRubenCasas02.jpg 2048w\" sizes=\"auto, (max-width: 1024px) 100vw, 1024px\" \/><\/figure>\n\n\n\n<figure class=\"wp-block-image size-large\"><img loading=\"lazy\" decoding=\"async\" width=\"1024\" height=\"666\" data-id=\"261161\" src=\"https:\/\/www.tucomarca.com\/wordpress\/segunda\/wp-content\/uploads\/2025\/04\/LitroRubenCasas03-1024x666.jpg\" alt=\"\" class=\"wp-image-261161\" srcset=\"https:\/\/www.tucomarca.com\/wordpress\/segunda\/wp-content\/uploads\/2025\/04\/LitroRubenCasas03-1024x666.jpg 1024w, https:\/\/www.tucomarca.com\/wordpress\/segunda\/wp-content\/uploads\/2025\/04\/LitroRubenCasas03-300x195.jpg 300w, https:\/\/www.tucomarca.com\/wordpress\/segunda\/wp-content\/uploads\/2025\/04\/LitroRubenCasas03-768x500.jpg 768w, https:\/\/www.tucomarca.com\/wordpress\/segunda\/wp-content\/uploads\/2025\/04\/LitroRubenCasas03-1536x999.jpg 1536w, https:\/\/www.tucomarca.com\/wordpress\/segunda\/wp-content\/uploads\/2025\/04\/LitroRubenCasas03.jpg 2048w\" sizes=\"auto, (max-width: 1024px) 100vw, 1024px\" \/><\/figure>\n\n\n\n<figure class=\"wp-block-image size-large\"><img loading=\"lazy\" decoding=\"async\" width=\"1024\" height=\"683\" data-id=\"261169\" src=\"https:\/\/www.tucomarca.com\/wordpress\/segunda\/wp-content\/uploads\/2025\/04\/LitroRubenCasas07-1024x683.jpg\" alt=\"\" class=\"wp-image-261169\" srcset=\"https:\/\/www.tucomarca.com\/wordpress\/segunda\/wp-content\/uploads\/2025\/04\/LitroRubenCasas07-1024x683.jpg 1024w, https:\/\/www.tucomarca.com\/wordpress\/segunda\/wp-content\/uploads\/2025\/04\/LitroRubenCasas07-300x200.jpg 300w, https:\/\/www.tucomarca.com\/wordpress\/segunda\/wp-content\/uploads\/2025\/04\/LitroRubenCasas07-768x512.jpg 768w, https:\/\/www.tucomarca.com\/wordpress\/segunda\/wp-content\/uploads\/2025\/04\/LitroRubenCasas07-1536x1024.jpg 1536w, https:\/\/www.tucomarca.com\/wordpress\/segunda\/wp-content\/uploads\/2025\/04\/LitroRubenCasas07.jpg 2048w\" sizes=\"auto, (max-width: 1024px) 100vw, 1024px\" \/><\/figure>\n\n\n\n<figure class=\"wp-block-image size-large\"><img loading=\"lazy\" decoding=\"async\" width=\"1024\" height=\"683\" data-id=\"261153\" src=\"https:\/\/www.tucomarca.com\/wordpress\/segunda\/wp-content\/uploads\/2025\/04\/LitroRubenCasas11-1024x683.jpg\" alt=\"\" class=\"wp-image-261153\" srcset=\"https:\/\/www.tucomarca.com\/wordpress\/segunda\/wp-content\/uploads\/2025\/04\/LitroRubenCasas11-1024x683.jpg 1024w, https:\/\/www.tucomarca.com\/wordpress\/segunda\/wp-content\/uploads\/2025\/04\/LitroRubenCasas11-300x200.jpg 300w, https:\/\/www.tucomarca.com\/wordpress\/segunda\/wp-content\/uploads\/2025\/04\/LitroRubenCasas11-768x512.jpg 768w, https:\/\/www.tucomarca.com\/wordpress\/segunda\/wp-content\/uploads\/2025\/04\/LitroRubenCasas11-1536x1024.jpg 1536w, https:\/\/www.tucomarca.com\/wordpress\/segunda\/wp-content\/uploads\/2025\/04\/LitroRubenCasas11.jpg 2048w\" sizes=\"auto, (max-width: 1024px) 100vw, 1024px\" \/><\/figure>\n\n\n\n<figure class=\"wp-block-image size-large\"><img loading=\"lazy\" decoding=\"async\" width=\"1024\" height=\"683\" data-id=\"261163\" src=\"https:\/\/www.tucomarca.com\/wordpress\/segunda\/wp-content\/uploads\/2025\/04\/LitroRubenCasas04-1024x683.jpg\" alt=\"\" class=\"wp-image-261163\" srcset=\"https:\/\/www.tucomarca.com\/wordpress\/segunda\/wp-content\/uploads\/2025\/04\/LitroRubenCasas04-1024x683.jpg 1024w, https:\/\/www.tucomarca.com\/wordpress\/segunda\/wp-content\/uploads\/2025\/04\/LitroRubenCasas04-300x200.jpg 300w, https:\/\/www.tucomarca.com\/wordpress\/segunda\/wp-content\/uploads\/2025\/04\/LitroRubenCasas04-768x512.jpg 768w, https:\/\/www.tucomarca.com\/wordpress\/segunda\/wp-content\/uploads\/2025\/04\/LitroRubenCasas04-1536x1024.jpg 1536w, https:\/\/www.tucomarca.com\/wordpress\/segunda\/wp-content\/uploads\/2025\/04\/LitroRubenCasas04.jpg 2048w\" sizes=\"auto, (max-width: 1024px) 100vw, 1024px\" \/><\/figure>\n\n\n\n<figure class=\"wp-block-image size-large\"><img loading=\"lazy\" decoding=\"async\" width=\"1024\" height=\"683\" data-id=\"261165\" src=\"https:\/\/www.tucomarca.com\/wordpress\/segunda\/wp-content\/uploads\/2025\/04\/LitroRubenCasas05-1024x683.jpg\" alt=\"\" class=\"wp-image-261165\" srcset=\"https:\/\/www.tucomarca.com\/wordpress\/segunda\/wp-content\/uploads\/2025\/04\/LitroRubenCasas05-1024x683.jpg 1024w, https:\/\/www.tucomarca.com\/wordpress\/segunda\/wp-content\/uploads\/2025\/04\/LitroRubenCasas05-300x200.jpg 300w, https:\/\/www.tucomarca.com\/wordpress\/segunda\/wp-content\/uploads\/2025\/04\/LitroRubenCasas05-768x512.jpg 768w, https:\/\/www.tucomarca.com\/wordpress\/segunda\/wp-content\/uploads\/2025\/04\/LitroRubenCasas05-1536x1024.jpg 1536w, https:\/\/www.tucomarca.com\/wordpress\/segunda\/wp-content\/uploads\/2025\/04\/LitroRubenCasas05.jpg 2048w\" sizes=\"auto, (max-width: 1024px) 100vw, 1024px\" \/><\/figure>\n\n\n\n<figure class=\"wp-block-image size-large\"><img loading=\"lazy\" decoding=\"async\" width=\"1024\" height=\"683\" data-id=\"261167\" src=\"https:\/\/www.tucomarca.com\/wordpress\/segunda\/wp-content\/uploads\/2025\/04\/LitroRubenCasas06-1024x683.jpg\" alt=\"\" class=\"wp-image-261167\" srcset=\"https:\/\/www.tucomarca.com\/wordpress\/segunda\/wp-content\/uploads\/2025\/04\/LitroRubenCasas06-1024x683.jpg 1024w, https:\/\/www.tucomarca.com\/wordpress\/segunda\/wp-content\/uploads\/2025\/04\/LitroRubenCasas06-300x200.jpg 300w, https:\/\/www.tucomarca.com\/wordpress\/segunda\/wp-content\/uploads\/2025\/04\/LitroRubenCasas06-768x512.jpg 768w, https:\/\/www.tucomarca.com\/wordpress\/segunda\/wp-content\/uploads\/2025\/04\/LitroRubenCasas06-1536x1024.jpg 1536w, https:\/\/www.tucomarca.com\/wordpress\/segunda\/wp-content\/uploads\/2025\/04\/LitroRubenCasas06.jpg 2048w\" sizes=\"auto, (max-width: 1024px) 100vw, 1024px\" \/><\/figure>\n\n\n\n<figure class=\"wp-block-image size-large\"><img loading=\"lazy\" decoding=\"async\" width=\"1024\" height=\"683\" data-id=\"261173\" src=\"https:\/\/www.tucomarca.com\/wordpress\/segunda\/wp-content\/uploads\/2025\/04\/LitroRubenCasas09-1024x683.jpg\" alt=\"\" class=\"wp-image-261173\" srcset=\"https:\/\/www.tucomarca.com\/wordpress\/segunda\/wp-content\/uploads\/2025\/04\/LitroRubenCasas09-1024x683.jpg 1024w, https:\/\/www.tucomarca.com\/wordpress\/segunda\/wp-content\/uploads\/2025\/04\/LitroRubenCasas09-300x200.jpg 300w, https:\/\/www.tucomarca.com\/wordpress\/segunda\/wp-content\/uploads\/2025\/04\/LitroRubenCasas09-768x512.jpg 768w, https:\/\/www.tucomarca.com\/wordpress\/segunda\/wp-content\/uploads\/2025\/04\/LitroRubenCasas09-1536x1024.jpg 1536w, https:\/\/www.tucomarca.com\/wordpress\/segunda\/wp-content\/uploads\/2025\/04\/LitroRubenCasas09.jpg 2048w\" sizes=\"auto, (max-width: 1024px) 100vw, 1024px\" \/><\/figure>\n\n\n\n<figure class=\"wp-block-image size-large\"><img loading=\"lazy\" decoding=\"async\" width=\"1024\" height=\"683\" data-id=\"261155\" src=\"https:\/\/www.tucomarca.com\/wordpress\/segunda\/wp-content\/uploads\/2025\/04\/LitroRubenCasas12-1024x683.jpg\" alt=\"\" class=\"wp-image-261155\" srcset=\"https:\/\/www.tucomarca.com\/wordpress\/segunda\/wp-content\/uploads\/2025\/04\/LitroRubenCasas12-1024x683.jpg 1024w, https:\/\/www.tucomarca.com\/wordpress\/segunda\/wp-content\/uploads\/2025\/04\/LitroRubenCasas12-300x200.jpg 300w, https:\/\/www.tucomarca.com\/wordpress\/segunda\/wp-content\/uploads\/2025\/04\/LitroRubenCasas12-768x512.jpg 768w, https:\/\/www.tucomarca.com\/wordpress\/segunda\/wp-content\/uploads\/2025\/04\/LitroRubenCasas12-1536x1024.jpg 1536w, https:\/\/www.tucomarca.com\/wordpress\/segunda\/wp-content\/uploads\/2025\/04\/LitroRubenCasas12.jpg 2048w\" sizes=\"auto, (max-width: 1024px) 100vw, 1024px\" \/><\/figure>\n<\/figure>\n","protected":false},"excerpt":{"rendered":"<div class=\"mh-excerpt\">El Palau de la M\u00fasica de Bunyol es va omplir d&#8217;emoci\u00f3 i talent en un acte que quedar\u00e0 gravat en la hist\u00f2ria del CIM \u201cL&#8217;Arm\u00f2nica\u201d, dissabte passat, 5 d&#8217;abril. La vesprada va estar marcada per <a class=\"mh-excerpt-more\" href=\"https:\/\/www.tucomarca.com\/wordpress\/segunda\/ca\/fotogaleria-la-banda-juvenil-del-cim-la-armonica-inicia-una-nova-etapa-sota-la-batuta-de-ruben-casas-santos\/\" title=\"Fotogaler\u00eda: La Banda Juvenil del CIM \u201cLa Arm\u00f3nica\u201d inicia una nova etapa sota la batuta de Rub\u00e9n Casas Santos\">[+] <\/a><\/div>\n","protected":false},"author":12,"featured_media":261158,"comment_status":"open","ping_status":"open","sticky":false,"template":"","format":"gallery","meta":{"footnotes":""},"categories":[10911,11005,10894,10912,11007,10896],"tags":[22141,10913,10914],"class_list":{"0":"post-261176","1":"post","2":"type-post","3":"status-publish","4":"format-gallery","5":"has-post-thumbnail","7":"category-bunol-ca","8":"category-canal-musica","9":"category-la-comarca-ca","10":"category-la-hoya-ca","11":"category-ocio-y-cultura-ca","12":"category-seccion-ca","13":"tag-banda-juvenil-cim-la-armonica-ca","14":"tag-bunol-ca","15":"tag-la-hoya-de-bunol-chiva-ca","16":"post_format-post-format-gallery"},"_links":{"self":[{"href":"https:\/\/www.tucomarca.com\/wordpress\/segunda\/ca\/wp-json\/wp\/v2\/posts\/261176","targetHints":{"allow":["GET"]}}],"collection":[{"href":"https:\/\/www.tucomarca.com\/wordpress\/segunda\/ca\/wp-json\/wp\/v2\/posts"}],"about":[{"href":"https:\/\/www.tucomarca.com\/wordpress\/segunda\/ca\/wp-json\/wp\/v2\/types\/post"}],"author":[{"embeddable":true,"href":"https:\/\/www.tucomarca.com\/wordpress\/segunda\/ca\/wp-json\/wp\/v2\/users\/12"}],"replies":[{"embeddable":true,"href":"https:\/\/www.tucomarca.com\/wordpress\/segunda\/ca\/wp-json\/wp\/v2\/comments?post=261176"}],"version-history":[{"count":0,"href":"https:\/\/www.tucomarca.com\/wordpress\/segunda\/ca\/wp-json\/wp\/v2\/posts\/261176\/revisions"}],"wp:featuredmedia":[{"embeddable":true,"href":"https:\/\/www.tucomarca.com\/wordpress\/segunda\/ca\/wp-json\/wp\/v2\/media\/261158"}],"wp:attachment":[{"href":"https:\/\/www.tucomarca.com\/wordpress\/segunda\/ca\/wp-json\/wp\/v2\/media?parent=261176"}],"wp:term":[{"taxonomy":"category","embeddable":true,"href":"https:\/\/www.tucomarca.com\/wordpress\/segunda\/ca\/wp-json\/wp\/v2\/categories?post=261176"},{"taxonomy":"post_tag","embeddable":true,"href":"https:\/\/www.tucomarca.com\/wordpress\/segunda\/ca\/wp-json\/wp\/v2\/tags?post=261176"}],"curies":[{"name":"wp","href":"https:\/\/api.w.org\/{rel}","templated":true}]}}