{"id":261299,"date":"2025-04-09T11:00:00","date_gmt":"2025-04-09T09:00:00","guid":{"rendered":"https:\/\/www.tucomarca.com\/wordpress\/segunda\/?p=261299"},"modified":"2025-04-09T16:33:27","modified_gmt":"2025-04-09T14:33:27","slug":"obertes-les-inscripcions-per-a-la-runcancer-2025-de-benaguasil","status":"publish","type":"post","link":"https:\/\/www.tucomarca.com\/wordpress\/segunda\/ca\/obertes-les-inscripcions-per-a-la-runcancer-2025-de-benaguasil\/","title":{"rendered":"Obertes les inscripcions per a la RunC\u00e1ncer 2025 de Benaguasil"},"content":{"rendered":"\n<h3 class=\"wp-block-heading\">La marxa solid\u00e0ria se celebrar\u00e0 el pr\u00f2xim 3 de maig i tots els diners recaptats es destinar\u00e0 a la investigaci\u00f3 contra la malaltia.<\/h3>\n\n\n\n<h3 class=\"wp-block-heading\">Els dorsals ja es poden adquirir a un preu de 5 euros.<\/h3>\n\n\n\n<p>El pr\u00f2xim 3 de maig se celebrar\u00e0 a Benaguasil la RunC\u00e1ncer, la carrera solid\u00e0ria contra el c\u00e0ncer organitzada per l&#8217;associaci\u00f3 Contra el C\u00e0ncer Benaguasil, amb la col\u00b7laboraci\u00f3 de l&#8217;Ajuntament.<br>Les inscripcions a aquest esdeveniment esportiu i 100% solidari, ja estan disponibles en el Centre Esportiu Hidrotermal, en D-Tika, en Lolin Moda i Complements i a l&#8217;Ajuntament a un preu de 5 euros; aix\u00ed com tamb\u00e9 es pot adquirir el dorsal en l\u00ednia en https:\/\/enmarcha.contraelcancer.es\/es\/evento\/benaguasil-contra-el-cancer-2025<br>Des de l&#8217;Ajuntament i l&#8217;Associaci\u00f3 Contra el C\u00e0ncer Benaguasil han remarcat la import\u00e0ncia de participar en aquesta marxa 4k que partir\u00e0 de l&#8217;Avinguda de Montiel a les 18h, i, de sumar-se a la causa adquirint el dorsal per a contribuir a una major investigaci\u00f3 contra la malaltia.<br>Aix\u00ed mateix han recordat a aquelles persones que no puguen participar que tamb\u00e9 poden comprar el dorsal a mode de col\u00b7laboraci\u00f3, a m\u00e9s de la samarreta de la prova, bidons d&#8217;aigua, cordons solidaris o clauers.<\/p>\n","protected":false},"excerpt":{"rendered":"<div class=\"mh-excerpt\">La marxa solid\u00e0ria se celebrar\u00e0 el pr\u00f2xim 3 de maig i tots els diners recaptats es destinar\u00e0 a la investigaci\u00f3 contra la malaltia. Els dorsals ja es poden adquirir a un preu de 5 euros. <a class=\"mh-excerpt-more\" href=\"https:\/\/www.tucomarca.com\/wordpress\/segunda\/ca\/obertes-les-inscripcions-per-a-la-runcancer-2025-de-benaguasil\/\" title=\"Obertes les inscripcions per a la RunC\u00e1ncer 2025 de Benaguasil\">[+] <\/a><\/div>\n","protected":false},"author":12,"featured_media":261297,"comment_status":"open","ping_status":"open","sticky":false,"template":"","format":"standard","meta":{"footnotes":""},"categories":[11019,10952,10892,11010,10894,10896],"tags":[11136,10899,15707],"class_list":{"0":"post-261299","1":"post","2":"type-post","3":"status-publish","4":"format-standard","5":"has-post-thumbnail","7":"category-agenda-ca","8":"category-benaguasil-ca","9":"category-camp-de-turia-ca","10":"category-canal-salud","11":"category-la-comarca-ca","12":"category-seccion-ca","13":"tag-benaguasil-ca","14":"tag-camp-de-turia-ca","15":"tag-run-cancer-ca"},"_links":{"self":[{"href":"https:\/\/www.tucomarca.com\/wordpress\/segunda\/ca\/wp-json\/wp\/v2\/posts\/261299","targetHints":{"allow":["GET"]}}],"collection":[{"href":"https:\/\/www.tucomarca.com\/wordpress\/segunda\/ca\/wp-json\/wp\/v2\/posts"}],"about":[{"href":"https:\/\/www.tucomarca.com\/wordpress\/segunda\/ca\/wp-json\/wp\/v2\/types\/post"}],"author":[{"embeddable":true,"href":"https:\/\/www.tucomarca.com\/wordpress\/segunda\/ca\/wp-json\/wp\/v2\/users\/12"}],"replies":[{"embeddable":true,"href":"https:\/\/www.tucomarca.com\/wordpress\/segunda\/ca\/wp-json\/wp\/v2\/comments?post=261299"}],"version-history":[{"count":0,"href":"https:\/\/www.tucomarca.com\/wordpress\/segunda\/ca\/wp-json\/wp\/v2\/posts\/261299\/revisions"}],"wp:featuredmedia":[{"embeddable":true,"href":"https:\/\/www.tucomarca.com\/wordpress\/segunda\/ca\/wp-json\/wp\/v2\/media\/261297"}],"wp:attachment":[{"href":"https:\/\/www.tucomarca.com\/wordpress\/segunda\/ca\/wp-json\/wp\/v2\/media?parent=261299"}],"wp:term":[{"taxonomy":"category","embeddable":true,"href":"https:\/\/www.tucomarca.com\/wordpress\/segunda\/ca\/wp-json\/wp\/v2\/categories?post=261299"},{"taxonomy":"post_tag","embeddable":true,"href":"https:\/\/www.tucomarca.com\/wordpress\/segunda\/ca\/wp-json\/wp\/v2\/tags?post=261299"}],"curies":[{"name":"wp","href":"https:\/\/api.w.org\/{rel}","templated":true}]}}