{"id":261557,"date":"2025-04-12T12:00:00","date_gmt":"2025-04-12T10:00:00","guid":{"rendered":"https:\/\/www.tucomarca.com\/wordpress\/segunda\/?p=261557"},"modified":"2025-04-12T13:42:56","modified_gmt":"2025-04-12T11:42:56","slug":"no-podia-quedar-me-callat-sabent-que-altres-xiquets-estaven-en-perill","status":"publish","type":"post","link":"https:\/\/www.tucomarca.com\/wordpress\/segunda\/ca\/no-podia-quedar-me-callat-sabent-que-altres-xiquets-estaven-en-perill\/","title":{"rendered":"\u00abNo podia quedar-me callat sabent que altres xiquets estaven en perill\u00bb"},"content":{"rendered":"\n<h3 class=\"wp-block-heading\">La v\u00edctima del pederasta de Bunyol, que va patir una agressi\u00f3 sexual amb 8 anys, ha decidit al\u00e7ar la veu despr\u00e9s de 14 anys de silenci: \u00abHa estat durant aquests anys en contacte amb molts menors\u00bb.<\/h3>\n\n\n\n<p><strong>Com va publicar aquesta setmana <\/strong>tucomarca.com<strong>, un jove del municipi de Bunyol <a href=\"https:\/\/www.tucomarca.com\/wordpress\/segunda\/condenan-a-un-joven-a-cuatro-anos-de-internamiento-por-abusos-sexuales-cometidos-a-un-nino-de-8-anos-en-bunol\/\">ha sigut condemnat a quatre anys d&#8217;internament<\/a> per agredir sexualment a un menor de 8 anys. Uns fets que van oc\u00f3rrer en 2010 i que la v\u00edctima va denunciar quan va con\u00e9ixer que &#8220;s&#8217;havien sentit queixes d&#8217;algunes xiquetes&#8221;. Ara busca &#8220;fer costat a altres v\u00edctimes perqu\u00e8 s&#8217;atrevisquen a al\u00e7ar la veu i avisar als pares del perill al qual han estat exposats els seus fills i filles&#8221;.<\/strong><\/p>\n\n\n\n<p><strong>\u2014 PREGUNTA: Han passat 14 anys des que vas patir l&#8217;agressi\u00f3 fins que has sigut capa\u00e7 de denunciar, com descriuries el pes de carregar amb aix\u00f2 durant tant de temps?<\/strong><\/p>\n\n\n\n<p>\u2014 RESPOSTA: \u00c9s com portar una motxilla plena de pedres que es fa m\u00e9s pesada cada any. Sentia culpa, vergonya per creure que jo havia fet una cosa dolenta, soledat perqu\u00e8 ning\u00fa sabia la veritat&#8230; i molta por. Por al fet que, si parlava, l&#8217;\u00fanica cosa que aconseguiria seria crear m\u00e9s problemes. Per\u00f2 quan vaig saber que el meu agressor estava en contacte amb menors, i s&#8217;havien rebut queixes d&#8217;algunes xiquetes, vaig entendre que el meu silenci ja no era meu: era una arma que ell usava per a continuar danyant. Si jo no parlava, qui ho faria? Era la meua responsabilitat evitar que altres menors patiren el que jo he patit. No podia quedar-me callat sabent que altres xiquets estaven en perill.<\/p>\n\n\n\n<p><strong>\u2014 Llavors, vas denunciar en con\u00e9ixer que podria haver-hi m\u00e9s v\u00edctimes?<\/strong><\/p>\n\n\n\n<p>\u2014 S\u00ed. L&#8217;\u00faltima vegada que vaig veure al meu agressor va ser amb 14 anys, en 2016. En el col\u00b7legi concertat al qual acudia es va organitzar una activitat per Falles. Ell va apar\u00e9ixer per a \u201ccol\u00b7laborar\u201d en l&#8217;esdeveniment. Record perfectament la sensaci\u00f3 de por, angoixa i f\u00e0stic. Veia com no sols estava en contacte amb adolescents, sin\u00f3 tamb\u00e9 amb xiquets m\u00e9s xicotets. Eixa mateixa vesprada, li vaig comptar alguna cosa a una companya, per\u00f2 no em vaig atrevir a dir que era jo la v\u00edctima. Nom\u00e9s li vaig advertir que ell era perill\u00f3s. Va ser la primera vegada que vaig trencar, encara que nom\u00e9s un poc, el silenci. Va ser molt impactant trobar-me amb el meu agressor en un lloc en el qual havia d&#8217;estar segur, en el col\u00b7legi. Ell acudia tots els anys amb motiu del festival de Nadal, les Falles o la cerim\u00f2nia de final de curs. Mai vaig entendre per qu\u00e8 se li donava acc\u00e9s lliure al col\u00b7legi a una persona que no treballava ac\u00ed. Tenia l&#8217;esperan\u00e7a que el que em va succeir fora una trag\u00e8dia puntual. No obstant aix\u00f2, en 2023, quan es va comunicar al rector del meu antic col\u00b7legi els fets i se li va demanar que se li prohibira l&#8217;entrada al centre, el sacerdot va manifestar haver rebut \u201cqueixes\u201d sobre el subjecte d&#8217;unes xiquetes alienes al col\u00b7legi. Aquest fet va ser determinant per a mi. Va deixar de ser una q\u00fcesti\u00f3 personal, passant a ser un perill al qual estaven sotmesos altres menors i que no podia consentir. El meu agressor ha estat durant aquests anys en contacte amb molts menors. Els meus pitjors temors es van confirmar despr\u00e9s de denunciar. La investigaci\u00f3 va determinar que l&#8217;any 2014 s&#8217;havien produ\u00eft dues den\u00fancies contra aquesta persona per haver mantingut converses sexuals per Whatsapp amb menors i per haver enviat fotografies de contingut sexual, per la qual cosa la investigaci\u00f3 va concloure que el que m&#8217;havia passat \u00abno es tracta d&#8217;un fet espor\u00e0dic\u00bb.<\/p>\n\n\n\n<p><strong>\u2014 Qu\u00e8 li diries a una persona que haja patit algun tipus d&#8217;ab\u00fas i no sap si denunciar?<\/strong><\/p>\n\n\n\n<p>\u2014 Entenc perfectament la por, la vergonya i la confusi\u00f3. \u00c9s normal sentir par\u00e0lisi, com si parlar fora m\u00e9s aterridor que guardar el secret. Per\u00f2 vull que s\u00e0pies alguna cosa: no est\u00e0s nom\u00e9s, no est\u00e0s sola. El que et va passar no va ser la teua culpa, ni llavors ni ara. Denunciar no sols \u00e9s un acte de valentia cap a tu mateix, sin\u00f3 tamb\u00e9 cap a uns altres que podrien estar en risc. Si el pes del silenci t&#8217;ofega, cerca a alg\u00fa de confian\u00e7a \u2014un amic, un familiar, un professional\u2014 i comen\u00e7a per explicar-li, encara que siga una part. No has de fer-ho tot de colp. Cada paraula que soltes \u00e9s una pedra menys en eixa motxilla invisible que c\u00e0rregues. I si decideixes denunciar, encara que siga anys despr\u00e9s, est\u00e0s alliberant-te del que el teu agressor et va imposar. Tingues en compte que la teua veu pot ser l&#8217;escut que protegisca a uns altres. Tamb\u00e9 \u00e9s important recordar que sanar no t\u00e9 un termini fix. A vegades, nom\u00e9s amb dir en veu alta &#8220;aix\u00f2 em va passar&#8221; ja \u00e9s un primer pas per a llevar-te l&#8217;opressi\u00f3 que el secret i agressor exercia o va exercir sobre tu. No importa quant temps haja passat: el teu dolor mereix ser escoltat, i la veritat, reconeguda.<\/p>\n\n\n\n<p><strong>\u2014 Quin missatge donaries als pares i mares perqu\u00e8 estiguen alerta i protegisquen els seus fills?<\/strong><\/p>\n\n\n\n<p>\u2014 Als pares i mares els recomanaria: observeu, escolteu i parleu. Els xiquets no sempre tenen les paraules per a contar el que els passa, per\u00f2 el seu comportament pot ser un signe silenci\u00f3s que alguna cosa no va b\u00e9. Si notes que el teu fill o filla est\u00e0 m\u00e9s retret, t\u00e9 canvis d&#8217;humor bruscos, evita uns certs llocs o persones, o mostra conductes regressives, com a pors inexplicables o rebuig a activitats que abans gaudia, no ho passes per alt. Pregunta-li amb calma, sense pressionar, i creieu-li si s&#8217;obri. Presteu especial atenci\u00f3 en entorns com a piscines, vestuaris p\u00fablics i activitats extraescolars. En el meu cas, l&#8217;agressi\u00f3 va oc\u00f3rrer a les dutxes de la piscina municipal, aprofitant un moment de vulnerabilitat. No deixeu als xiquets sols en aquests espais, acompanyeu-los o assegureu-vos que hi ha supervisi\u00f3 adulta de confian\u00e7a. Si el vostre fill tarda m\u00e9s de l&#8217;habitual en canviar-se o dutxar-se, comproveu que tot est\u00e0 b\u00e9. Els agressors busquen situacions d&#8217;a\u00efllament i aprofiten aquests escenaris. Parlar \u00e9s clau. Parleu amb els vostres fills sobre el seu cos, sobre el que \u00e9s un contacte inapropiat, i assegurar-los que poden explicar-vos qualsevol cosa, sense judicis. El meu agressor es va aprofitar del secret i la vergonya per a assegurar-se el meu silenci. Trenqueu eixe cercle. El pederasta ha estat durant anys en contacte amb menors en el col\u00b7legi concertat, la parr\u00f2quia, el teatre, les falles i un gimn\u00e0s del poble. Si el vostre fill o filla ha freq\u00fcentat aquests entorns, encara que ja siga major, tingueu una conversa amb ell o ella. I si sospiteu alguna cosa, actueu: busqueu ajuda professional i denuncieu. La vostra atenci\u00f3 pot protegir els vostres fills i tamb\u00e9 a altres xiquets.<\/p>\n\n\n\n<p><strong>\u2014 On es pot dirigir una persona que haja sigut v\u00edctima d&#8217;una agressi\u00f3 sexual?<\/strong><\/p>\n\n\n\n<p>\u2014 A Bunyol, pots anar o contactar amb la caserna de la Gu\u00e0rdia Civil, trucant al tel\u00e8fon 96 250 01 23.&nbsp;Si has patit o sospites d&#8217;un cas d&#8217;agressi\u00f3 sexual, den\u00fancia.<\/p>\n","protected":false},"excerpt":{"rendered":"<div class=\"mh-excerpt\">La v\u00edctima del pederasta de Bunyol, que va patir una agressi\u00f3 sexual amb 8 anys, ha decidit al\u00e7ar la veu despr\u00e9s de 14 anys de silenci: \u00abHa estat durant aquests anys en contacte amb molts <a class=\"mh-excerpt-more\" href=\"https:\/\/www.tucomarca.com\/wordpress\/segunda\/ca\/no-podia-quedar-me-callat-sabent-que-altres-xiquets-estaven-en-perill\/\" title=\"\u00abNo podia quedar-me callat sabent que altres xiquets estaven en perill\u00bb\">[+] <\/a><\/div>\n","protected":false},"author":1,"featured_media":261555,"comment_status":"open","ping_status":"open","sticky":false,"template":"","format":"standard","meta":{"footnotes":""},"categories":[10911,10898,10894,10904,10912,10896,10897],"tags":[22162,10913,10914,10901],"class_list":{"0":"post-261557","1":"post","2":"type-post","3":"status-publish","4":"format-standard","5":"has-post-thumbnail","7":"category-bunol-ca","8":"category-ventana-ca","9":"category-la-comarca-ca","10":"category-sin-categorizar-ca","11":"category-la-hoya-ca","12":"category-seccion-ca","13":"category-sucesos-la-comarca-ca","14":"tag-abusos-ca","15":"tag-bunol-ca","16":"tag-la-hoya-de-bunol-chiva-ca","17":"tag-sucesos-ca"},"_links":{"self":[{"href":"https:\/\/www.tucomarca.com\/wordpress\/segunda\/ca\/wp-json\/wp\/v2\/posts\/261557","targetHints":{"allow":["GET"]}}],"collection":[{"href":"https:\/\/www.tucomarca.com\/wordpress\/segunda\/ca\/wp-json\/wp\/v2\/posts"}],"about":[{"href":"https:\/\/www.tucomarca.com\/wordpress\/segunda\/ca\/wp-json\/wp\/v2\/types\/post"}],"author":[{"embeddable":true,"href":"https:\/\/www.tucomarca.com\/wordpress\/segunda\/ca\/wp-json\/wp\/v2\/users\/1"}],"replies":[{"embeddable":true,"href":"https:\/\/www.tucomarca.com\/wordpress\/segunda\/ca\/wp-json\/wp\/v2\/comments?post=261557"}],"version-history":[{"count":0,"href":"https:\/\/www.tucomarca.com\/wordpress\/segunda\/ca\/wp-json\/wp\/v2\/posts\/261557\/revisions"}],"wp:featuredmedia":[{"embeddable":true,"href":"https:\/\/www.tucomarca.com\/wordpress\/segunda\/ca\/wp-json\/wp\/v2\/media\/261555"}],"wp:attachment":[{"href":"https:\/\/www.tucomarca.com\/wordpress\/segunda\/ca\/wp-json\/wp\/v2\/media?parent=261557"}],"wp:term":[{"taxonomy":"category","embeddable":true,"href":"https:\/\/www.tucomarca.com\/wordpress\/segunda\/ca\/wp-json\/wp\/v2\/categories?post=261557"},{"taxonomy":"post_tag","embeddable":true,"href":"https:\/\/www.tucomarca.com\/wordpress\/segunda\/ca\/wp-json\/wp\/v2\/tags?post=261557"}],"curies":[{"name":"wp","href":"https:\/\/api.w.org\/{rel}","templated":true}]}}