{"id":261842,"date":"2025-04-15T09:30:00","date_gmt":"2025-04-15T07:30:00","guid":{"rendered":"https:\/\/www.tucomarca.com\/wordpress\/segunda\/?p=261842"},"modified":"2025-04-15T11:31:15","modified_gmt":"2025-04-15T09:31:15","slug":"opinio-la-sort-de-saber-nos-vius-per-delmundo-mila","status":"publish","type":"post","link":"https:\/\/www.tucomarca.com\/wordpress\/segunda\/ca\/opinio-la-sort-de-saber-nos-vius-per-delmundo-mila\/","title":{"rendered":"Opini\u00f3: &#8220;La sort de saber-nos vius&#8221;, per Delmundo Mil\u00e0"},"content":{"rendered":"\n<h3 class=\"wp-block-heading\">&#8220;He plorat molt. He vist coses. He plorat molt&#8221;. (Vicent Andr\u00e9s Estell\u00e9s).<\/h3>\n\n\n<div class=\"wp-block-image\">\n<figure class=\"alignleft size-large is-resized\"><img loading=\"lazy\" decoding=\"async\" width=\"1024\" height=\"768\" src=\"https:\/\/www.tucomarca.com\/wordpress\/segunda\/wp-content\/uploads\/2025\/04\/DelmundoMila-1024x768.jpg\" alt=\"\" class=\"wp-image-261830\" style=\"width:180px;height:auto\" srcset=\"https:\/\/www.tucomarca.com\/wordpress\/segunda\/wp-content\/uploads\/2025\/04\/DelmundoMila-1024x768.jpg 1024w, https:\/\/www.tucomarca.com\/wordpress\/segunda\/wp-content\/uploads\/2025\/04\/DelmundoMila-300x225.jpg 300w, https:\/\/www.tucomarca.com\/wordpress\/segunda\/wp-content\/uploads\/2025\/04\/DelmundoMila-768x576.jpg 768w, https:\/\/www.tucomarca.com\/wordpress\/segunda\/wp-content\/uploads\/2025\/04\/DelmundoMila-1536x1152.jpg 1536w, https:\/\/www.tucomarca.com\/wordpress\/segunda\/wp-content\/uploads\/2025\/04\/DelmundoMila-678x509.jpg 678w, https:\/\/www.tucomarca.com\/wordpress\/segunda\/wp-content\/uploads\/2025\/04\/DelmundoMila-326x245.jpg 326w, https:\/\/www.tucomarca.com\/wordpress\/segunda\/wp-content\/uploads\/2025\/04\/DelmundoMila-80x60.jpg 80w, https:\/\/www.tucomarca.com\/wordpress\/segunda\/wp-content\/uploads\/2025\/04\/DelmundoMila.jpg 2048w\" sizes=\"auto, (max-width: 1024px) 100vw, 1024px\" \/><\/figure>\n<\/div>\n\n\n<p>Crec que no hi ha una emoci\u00f3 tan forta com participar en qualsevol gest solidari. Aquest 11 d&#8217;abril ha sigut una d&#8217;eixes. Una de les quals quedaran per sempre gravades en la mem\u00f2ria dels qui van ser all\u00ed, en el Teatre Liceo de Xest una vesprada d&#8217;abril pluj\u00f3s, aportant el seu granit d&#8217;humanitat per a al\u00e7ar a un dels seus, caigut en la desgr\u00e0cia d&#8217;aquell octubre trencat.<\/p>\n\n\n\n<p>I els protagonistes d&#8217;aquesta gesta han sigut elles, les mateixes que es van llan\u00e7ar als carrers enfangats dels nostres pobles amb una pala a les mans sense esperar res a canvi, plenes d&#8217;incredulitat i esglai en els ossos, per a llan\u00e7ar b\u00e9 lluny la merda de la desgana i el fastig, a una mar mediterr\u00e0nia tamb\u00e9 reblida d&#8217;alarmes que mai van arribar a temps.<\/p>\n\n\n\n<p>I la solidaritat ha sigut tot un crit d&#8217;aire fresc sobre un escenari en el qual es palpaven les ganes de ser \u00fatils en aquest m\u00f3n tan distant que ens han venut, en el qual volen alienar fins al sofriment per a fer-nos c\u00f2mplices de la desgr\u00e0cia i la inevitabilitat de ser humans.<\/p>\n\n\n\n<p>All\u00ed estaven ells i elles, l&#8217;alumnat de tots els centres de la comarca participant en un acte necessari per a replegar un grapat d&#8217;euros, i oferir-li&#8217;ls a l&#8217;IES Alameda d&#8217;Utiel devastat per la riuada.<\/p>\n\n\n\n<p>All\u00ed tamb\u00e9, demostrant que el futur no pot ser sin\u00f3 nostre, l&#8217;institut de La Vall d&#8217;Aran en el qual els xavals han ajuntat quasi 1200 euros per a entregar-los a la fila zero, com si en aix\u00f2 els fora la seua pr\u00f2pia educaci\u00f3. I tantes altres amb la seua m\u00fasica, el professorat involucrat, alg\u00fa que va donar la seua pintura, la seua veu, les seues partitures, la regidora d&#8217;un poble ficat fins a la medul\u00b7la en aix\u00f2 de tirar una m\u00e0 en assumptes d&#8217;educaci\u00f3 que ens construeix a tots. Sense importar si les coses es diuen en diverses lleng\u00fces, amb diversos sons, amb silencis necessaris.<\/p>\n\n\n\n<p>Una joventut que no ha tingut temps d&#8217;assajar els colps que ens dona la vida en un obrir i tancar d&#8217;ulls per\u00f2 que \u00e9s capa\u00e7 d&#8217;interpretar la valentia i el llance per a donar-li sentit a tot aix\u00f2 que ha de veure amb el simple fet de ser humans.<\/p>\n\n\n\n<p>Reprodu\u00efsc l&#8217;\u00faltima frase de Polina (ucra\u00efnesa i alumna de l&#8217;IES Foia de Bunyol): &#8220;Tinc 17 anys i he viscut diverses vegades la desolaci\u00f3 i la inquietud; la tristesa i la r\u00e0bia, la guerra i la riuada. La preocupaci\u00f3 \u00e9s la mateixa i tamb\u00e9 la sort de saber-me viva&#8221;.<\/p>\n","protected":false},"excerpt":{"rendered":"<div class=\"mh-excerpt\">&#8220;He plorat molt. He vist coses. He plorat molt&#8221;. (Vicent Andr\u00e9s Estell\u00e9s). Crec que no hi ha una emoci\u00f3 tan forta com participar en qualsevol gest solidari. Aquest 11 d&#8217;abril ha sigut una d&#8217;eixes. Una <a class=\"mh-excerpt-more\" href=\"https:\/\/www.tucomarca.com\/wordpress\/segunda\/ca\/opinio-la-sort-de-saber-nos-vius-per-delmundo-mila\/\" title=\"Opini\u00f3: &#8220;La sort de saber-nos vius&#8221;, per Delmundo Mil\u00e0\">[+] <\/a><\/div>\n","protected":false},"author":12,"featured_media":261831,"comment_status":"open","ping_status":"open","sticky":false,"template":"","format":"standard","meta":{"footnotes":""},"categories":[10911,21466,10948,10894,10904,10912,11007,11020,11021,10909,10896,11059,10974],"tags":[10913,15409,10914,10910],"class_list":{"0":"post-261842","1":"post","2":"type-post","3":"status-publish","4":"format-standard","5":"has-post-thumbnail","7":"category-bunol-ca","8":"category-dana-ca","9":"category-infraestructuras-ca","10":"category-la-comarca-ca","11":"category-sin-categorizar-ca","12":"category-la-hoya-ca","13":"category-ocio-y-cultura-ca","14":"category-opinion-ca","15":"category-opinion-ca-2","16":"category-requena-utiel-ca","17":"category-seccion-ca","18":"category-utiel-ca","19":"category-cheste-ca","20":"tag-bunol-ca","21":"tag-dana-2-ca","22":"tag-la-hoya-de-bunol-chiva-ca","23":"tag-requena-utiel-ca"},"_links":{"self":[{"href":"https:\/\/www.tucomarca.com\/wordpress\/segunda\/ca\/wp-json\/wp\/v2\/posts\/261842","targetHints":{"allow":["GET"]}}],"collection":[{"href":"https:\/\/www.tucomarca.com\/wordpress\/segunda\/ca\/wp-json\/wp\/v2\/posts"}],"about":[{"href":"https:\/\/www.tucomarca.com\/wordpress\/segunda\/ca\/wp-json\/wp\/v2\/types\/post"}],"author":[{"embeddable":true,"href":"https:\/\/www.tucomarca.com\/wordpress\/segunda\/ca\/wp-json\/wp\/v2\/users\/12"}],"replies":[{"embeddable":true,"href":"https:\/\/www.tucomarca.com\/wordpress\/segunda\/ca\/wp-json\/wp\/v2\/comments?post=261842"}],"version-history":[{"count":0,"href":"https:\/\/www.tucomarca.com\/wordpress\/segunda\/ca\/wp-json\/wp\/v2\/posts\/261842\/revisions"}],"wp:featuredmedia":[{"embeddable":true,"href":"https:\/\/www.tucomarca.com\/wordpress\/segunda\/ca\/wp-json\/wp\/v2\/media\/261831"}],"wp:attachment":[{"href":"https:\/\/www.tucomarca.com\/wordpress\/segunda\/ca\/wp-json\/wp\/v2\/media?parent=261842"}],"wp:term":[{"taxonomy":"category","embeddable":true,"href":"https:\/\/www.tucomarca.com\/wordpress\/segunda\/ca\/wp-json\/wp\/v2\/categories?post=261842"},{"taxonomy":"post_tag","embeddable":true,"href":"https:\/\/www.tucomarca.com\/wordpress\/segunda\/ca\/wp-json\/wp\/v2\/tags?post=261842"}],"curies":[{"name":"wp","href":"https:\/\/api.w.org\/{rel}","templated":true}]}}